{"id":4953,"date":"2023-06-03T16:57:36","date_gmt":"2023-06-03T19:57:36","guid":{"rendered":"https:\/\/focotocantinense.com.br\/?p=4953"},"modified":"2023-06-03T16:57:40","modified_gmt":"2023-06-03T19:57:40","slug":"seguranca-no-ambiente-escolar-da-zona-rural-e-tema-de-formacao-continuada-para-profissionais-da-educacao-de-tocantinia","status":"publish","type":"post","link":"https:\/\/focotocantinense.com.br\/?p=4953","title":{"rendered":"Seguran\u00e7a no ambiente escolar da zona rural \u00e9 tema de forma\u00e7\u00e3o continuada para profissionais da educa\u00e7\u00e3o de Tocant\u00ednia"},"content":{"rendered":"\n<p><strong>Por Zacarias Martins<\/strong><\/p>\n\n\n\n<p>Com tema T\u00e9cnicas de Seguran\u00e7a no Ambiente Escolar: um olhar did\u00e1tico e pedag\u00f3gico sobre a viol\u00eancia nas escolas, aconteceu, nesta sexta-feira, dia 2, &nbsp;na Escola Municipal Benvindo Souza Luz, localizada no Assentamento \u00c1gua Fria II, &nbsp;&nbsp;mais uma forma\u00e7\u00e3o&nbsp; continuada dos profissionais &nbsp;da Rede Municipal de Educa\u00e7\u00e3o de Tocant\u00ednia, que atuam na zona rural. &nbsp;Essa forma\u00e7\u00e3o \u00e9 uma iniciativa da Secretaria Municipal de Educa\u00e7\u00e3o em parceria com a empresa Farol do Saber.<\/p>\n\n\n\n<p>Ao todo, participaram dessa forma\u00e7\u00e3o 42 profissionais das escolas &nbsp;Benvindo Souza Luz e Ana Alves de Brito,&nbsp; ambas da zona rural de Tocant\u00ednia.<\/p>\n\n\n\n<p>O secret\u00e1rio de Educa\u00e7\u00e3o do munic\u00edpio, professor Andr\u00e9 Goveia, explica que a Forma\u00e7\u00e3o tem como objetivo, auxiliar os docentes sobre preven\u00e7\u00e3o da viol\u00eancia na escola, pedagogia de paz na escola, propostas de alinhamento entre a escola e o ambiente familiar, bem como, identificar e combater no ambiente escolar pr\u00e1ticas de bullying, ou outro tipo de viol\u00eancia sobre as a\u00e7\u00f5es internas de exclus\u00e3o.<\/p>\n\n\n\n<p>Andr\u00e9 Goveia, destaca &nbsp;ainda que que essa Forma\u00e7\u00e3o de professores \u00e9 mais uma forma de garantir uma Educa\u00e7\u00e3o de qualidade para todos em Tocant\u00ednia, atendendo assim, a uma determina\u00e7\u00e3o do prefeito Manoel Silvino que n\u00e3o tem medido esfor\u00e7os para buscar mecanismos que possibilitem aos professores da Rede Municipal de Educa\u00e7\u00e3o fortalecer seus conhecimentos, habilidades e compet\u00eancias, com pr\u00e1ticas inovadoras de ensino e aprendizagem, bem como, resgatando costumes regionais.<\/p>\n\n\n\n<figure class=\"wp-block-image\"><img decoding=\"async\" src=\"http:\/\/n1to.com.br\/img\/uploads\/BBB_56.jpg\" alt=\"\"\/><\/figure>\n\n\n\n<figure class=\"wp-block-image\"><img decoding=\"async\" src=\"http:\/\/n1to.com.br\/img\/uploads\/CCC_23.jpg\" alt=\"\"\/><\/figure>\n\n\n\n<figure class=\"wp-block-image\"><img decoding=\"async\" src=\"http:\/\/n1to.com.br\/img\/uploads\/DDD_11.jpg\" alt=\"\"\/><\/figure>\n\n\n\n<figure class=\"wp-block-image is-resized\"><img loading=\"lazy\" decoding=\"async\" src=\"http:\/\/n1to.com.br\/img\/uploads\/VINI_71.jpg\" alt=\"\" width=\"837\" height=\"253\"\/><\/figure>\n\n\n\n<figure class=\"wp-block-image size-large is-resized\"><img loading=\"lazy\" decoding=\"async\" src=\"https:\/\/focotocantinense.com.br\/wp-content\/uploads\/2023\/06\/5215c382-74e8-4be1-ae0e-821dde0eaaee-576x1024.jpg\" alt=\"\" class=\"wp-image-4918\" width=\"837\" height=\"1488\" srcset=\"https:\/\/focotocantinense.com.br\/wp-content\/uploads\/2023\/06\/5215c382-74e8-4be1-ae0e-821dde0eaaee-576x1024.jpg 576w, https:\/\/focotocantinense.com.br\/wp-content\/uploads\/2023\/06\/5215c382-74e8-4be1-ae0e-821dde0eaaee-169x300.jpg 169w, https:\/\/focotocantinense.com.br\/wp-content\/uploads\/2023\/06\/5215c382-74e8-4be1-ae0e-821dde0eaaee-768x1365.jpg 768w, https:\/\/focotocantinense.com.br\/wp-content\/uploads\/2023\/06\/5215c382-74e8-4be1-ae0e-821dde0eaaee-864x1536.jpg 864w, https:\/\/focotocantinense.com.br\/wp-content\/uploads\/2023\/06\/5215c382-74e8-4be1-ae0e-821dde0eaaee.jpg 900w\" sizes=\"auto, (max-width: 837px) 100vw, 837px\" \/><\/figure>\n","protected":false},"excerpt":{"rendered":"<p>Por Zacarias Martins Com tema T\u00e9cnicas de Seguran\u00e7a no Ambiente Escolar: um olhar did\u00e1tico e pedag\u00f3gico sobre a viol\u00eancia nas escolas, aconteceu, nesta sexta-feira, dia 2, &nbsp;na Escola Municipal Benvindo Souza Luz, localizada no Assentamento \u00c1gua Fria II, &nbsp;&nbsp;mais uma forma\u00e7\u00e3o&nbsp; continuada dos profissionais &nbsp;da Rede Municipal de Educa\u00e7\u00e3o de Tocant\u00ednia, que atuam na zona &hellip;<\/p>\n","protected":false},"author":5,"featured_media":4954,"comment_status":"open","ping_status":"open","sticky":false,"template":"","format":"standard","meta":{"footnotes":""},"categories":[1],"tags":[],"class_list":["post-4953","post","type-post","status-publish","format-standard","has-post-thumbnail","","category-sem-categoria"],"_links":{"self":[{"href":"https:\/\/focotocantinense.com.br\/index.php?rest_route=\/wp\/v2\/posts\/4953","targetHints":{"allow":["GET"]}}],"collection":[{"href":"https:\/\/focotocantinense.com.br\/index.php?rest_route=\/wp\/v2\/posts"}],"about":[{"href":"https:\/\/focotocantinense.com.br\/index.php?rest_route=\/wp\/v2\/types\/post"}],"author":[{"embeddable":true,"href":"https:\/\/focotocantinense.com.br\/index.php?rest_route=\/wp\/v2\/users\/5"}],"replies":[{"embeddable":true,"href":"https:\/\/focotocantinense.com.br\/index.php?rest_route=%2Fwp%2Fv2%2Fcomments&post=4953"}],"version-history":[{"count":1,"href":"https:\/\/focotocantinense.com.br\/index.php?rest_route=\/wp\/v2\/posts\/4953\/revisions"}],"predecessor-version":[{"id":4955,"href":"https:\/\/focotocantinense.com.br\/index.php?rest_route=\/wp\/v2\/posts\/4953\/revisions\/4955"}],"wp:featuredmedia":[{"embeddable":true,"href":"https:\/\/focotocantinense.com.br\/index.php?rest_route=\/wp\/v2\/media\/4954"}],"wp:attachment":[{"href":"https:\/\/focotocantinense.com.br\/index.php?rest_route=%2Fwp%2Fv2%2Fmedia&parent=4953"}],"wp:term":[{"taxonomy":"category","embeddable":true,"href":"https:\/\/focotocantinense.com.br\/index.php?rest_route=%2Fwp%2Fv2%2Fcategories&post=4953"},{"taxonomy":"post_tag","embeddable":true,"href":"https:\/\/focotocantinense.com.br\/index.php?rest_route=%2Fwp%2Fv2%2Ftags&post=4953"}],"curies":[{"name":"wp","href":"https:\/\/api.w.org\/{rel}","templated":true}]}}