{"id":4943,"date":"2023-06-03T09:47:24","date_gmt":"2023-06-03T12:47:24","guid":{"rendered":"https:\/\/focotocantinense.com.br\/?p=4943"},"modified":"2023-06-03T09:52:24","modified_gmt":"2023-06-03T12:52:24","slug":"show-do-humorista-paul-cabannes-em-palmas-teve-o-tocantinense-vinicius-martins-na-abertura","status":"publish","type":"post","link":"https:\/\/focotocantinense.com.br\/?p=4943","title":{"rendered":"Show do humorista Paul Cabannes em Palmas teve o tocantinense Vin\u00edcius Martins na abertura"},"content":{"rendered":"\n<p><strong>Por Zacarias Martins<\/strong><\/p>\n\n\n\n<figure class=\"wp-block-image size-large is-resized\"><img loading=\"lazy\" decoding=\"async\" src=\"https:\/\/focotocantinense.com.br\/wp-content\/uploads\/2023\/06\/xxxxxxxxxxxxxxxxxxxxxx-576x1024.jpg\" alt=\"\" class=\"wp-image-4945\" width=\"366\" height=\"651\" srcset=\"https:\/\/focotocantinense.com.br\/wp-content\/uploads\/2023\/06\/xxxxxxxxxxxxxxxxxxxxxx-576x1024.jpg 576w, https:\/\/focotocantinense.com.br\/wp-content\/uploads\/2023\/06\/xxxxxxxxxxxxxxxxxxxxxx-169x300.jpg 169w, https:\/\/focotocantinense.com.br\/wp-content\/uploads\/2023\/06\/xxxxxxxxxxxxxxxxxxxxxx-768x1365.jpg 768w, https:\/\/focotocantinense.com.br\/wp-content\/uploads\/2023\/06\/xxxxxxxxxxxxxxxxxxxxxx-864x1536.jpg 864w, https:\/\/focotocantinense.com.br\/wp-content\/uploads\/2023\/06\/xxxxxxxxxxxxxxxxxxxxxx.jpg 900w\" sizes=\"auto, (max-width: 366px) 100vw, 366px\" \/><\/figure>\n\n\n<p>Paul Cabannes se apresenta como um parisiense &#8220;para l\u00e1 de brasileiro&#8221;. O humorista e protagonista de shows de stand-up comedy tornou-se um fen\u00f4meno nas redes sociais. Ele se apresentou em Palmas nesta \u00faltima sexta-feira (02), no Teatro SESC.<\/p>\n<p><!-- \/wp:post-content --><!-- wp:paragraph --><\/p>\n<p>No show\u00a0<strong>#PARISILEIRO<\/strong>, o humorista Paul Cabannes fala sobre as diferen\u00e7as de comportamento entre brasileiros e franceses. Suas curiosas observa\u00e7\u00f5es fizeram com que ele ganhasse milh\u00f5es de seguidores nas redes sociais.<\/p>\n<p><!-- \/wp:paragraph --><!-- wp:paragraph --><\/p>\n<p>E quem fez a abertura do seu show na capital foi o humorista tocantinense Vin\u00edcius Martins. Vin\u00edcius diz que ficou muito surpreso com o convite que partiu da pr\u00f3pria produ\u00e7\u00e3o de Paul Cabannes, ressaltando\u00a0 \u00a0se sentir gratificado em poder representar a cidade de Gurupi ao lado desse grande humorista consagrado, tendo a oportunidade de mostrar um pouco\u00a0 do vibrante humor peculiar tocantinense.<\/p>\n<p><img loading=\"lazy\" decoding=\"async\" class=\"\" src=\"https:\/\/focotocantinense.com.br\/wp-content\/uploads\/2023\/06\/5215c382-74e8-4be1-ae0e-821dde0eaaee-1-576x1024.jpg\" width=\"765\" height=\"1360\" \/><\/p>\n<p>\u00a0<\/p>\n<p><!-- \/wp:paragraph --><\/p>","protected":false},"excerpt":{"rendered":"<p>Por Zacarias Martins Paul Cabannes se apresenta como um parisiense &#8220;para l\u00e1 de brasileiro&#8221;. O humorista e protagonista de shows de stand-up comedy tornou-se um fen\u00f4meno nas redes sociais. Ele se apresentou em Palmas nesta \u00faltima sexta-feira (02), no Teatro SESC. No show\u00a0#PARISILEIRO, o humorista Paul Cabannes fala sobre as diferen\u00e7as de comportamento entre brasileiros &hellip;<\/p>\n","protected":false},"author":5,"featured_media":4945,"comment_status":"open","ping_status":"open","sticky":false,"template":"","format":"standard","meta":{"footnotes":""},"categories":[37],"tags":[],"class_list":["post-4943","post","type-post","status-publish","format-standard","has-post-thumbnail","","category-palmas"],"_links":{"self":[{"href":"https:\/\/focotocantinense.com.br\/index.php?rest_route=\/wp\/v2\/posts\/4943","targetHints":{"allow":["GET"]}}],"collection":[{"href":"https:\/\/focotocantinense.com.br\/index.php?rest_route=\/wp\/v2\/posts"}],"about":[{"href":"https:\/\/focotocantinense.com.br\/index.php?rest_route=\/wp\/v2\/types\/post"}],"author":[{"embeddable":true,"href":"https:\/\/focotocantinense.com.br\/index.php?rest_route=\/wp\/v2\/users\/5"}],"replies":[{"embeddable":true,"href":"https:\/\/focotocantinense.com.br\/index.php?rest_route=%2Fwp%2Fv2%2Fcomments&post=4943"}],"version-history":[{"count":5,"href":"https:\/\/focotocantinense.com.br\/index.php?rest_route=\/wp\/v2\/posts\/4943\/revisions"}],"predecessor-version":[{"id":4952,"href":"https:\/\/focotocantinense.com.br\/index.php?rest_route=\/wp\/v2\/posts\/4943\/revisions\/4952"}],"wp:featuredmedia":[{"embeddable":true,"href":"https:\/\/focotocantinense.com.br\/index.php?rest_route=\/wp\/v2\/media\/4945"}],"wp:attachment":[{"href":"https:\/\/focotocantinense.com.br\/index.php?rest_route=%2Fwp%2Fv2%2Fmedia&parent=4943"}],"wp:term":[{"taxonomy":"category","embeddable":true,"href":"https:\/\/focotocantinense.com.br\/index.php?rest_route=%2Fwp%2Fv2%2Fcategories&post=4943"},{"taxonomy":"post_tag","embeddable":true,"href":"https:\/\/focotocantinense.com.br\/index.php?rest_route=%2Fwp%2Fv2%2Ftags&post=4943"}],"curies":[{"name":"wp","href":"https:\/\/api.w.org\/{rel}","templated":true}]}}