{"id":4938,"date":"2023-06-02T19:54:28","date_gmt":"2023-06-02T22:54:28","guid":{"rendered":"https:\/\/focotocantinense.com.br\/?p=4938"},"modified":"2023-06-02T19:56:09","modified_gmt":"2023-06-02T22:56:09","slug":"na-consulta-publica-do-ppa-em-colinas-o-governador-em-exercicio-laurez-moreira-destaca-a-importancia-da-populacao-na-construcao-de-um-planejamento-de-governo","status":"publish","type":"post","link":"https:\/\/focotocantinense.com.br\/?p=4938","title":{"rendered":"Na Consulta P\u00fablica do PPA em Colinas, o governador em exerc\u00edcio, Laurez Moreira, destaca a import\u00e2ncia da popula\u00e7\u00e3o na constru\u00e7\u00e3o de um planejamento de Governo"},"content":{"rendered":"\n<p>O governador em exerc\u00edcio, Laurez Moreira, participou da 3\u00aa Consulta P\u00fablica para elabora\u00e7\u00e3o do Plano Plurianual (PPA 2024\/2027), na manh\u00e3 desta sexta-feira, 2, na Escola Estadual Lacerdino Oliveira Campos, em Colinas. No encontro, ele destacou que a prioridade do Governo do Tocantins \u00e9 ouvir as pessoas para alinhar os planos dos pr\u00f3ximos quatro anos, definindo as diretrizes e os objetivos estrat\u00e9gicos do Governo Estadual e os programas governamentais.<\/p>\n\n\n\n<p>\u201cO Governo do Tocantins tem em mente v\u00e1rios projetos para realizar, mas \u00e9 muito importante ouvir a popula\u00e7\u00e3o, porque o cidad\u00e3o de cada munic\u00edpio \u00e9 quem conhece qual \u00e9 a prioridade em todos os setores p\u00fablicos para a sua regi\u00e3o. Eu acredito que, para se governar bem, tem que ouvir a popula\u00e7\u00e3o. \u00c9 isso o que n\u00f3s queremos, construir um planejamento de governo com a participa\u00e7\u00e3o popular\u201d, enfatizou o governador em Exerc\u00edcio.<\/p>\n\n\n\n<p>O secret\u00e1rio de Estado do Planejamento e Or\u00e7amento (Seplan), Sergislei Moura, destacou a necessidade da participa\u00e7\u00e3o dos cidad\u00e3os. \u201cIremos realizar o PPA em todas as regi\u00f5es do Estado, para que a popula\u00e7\u00e3o e as autoridades locais tenham oportunidade de participar, discutir e apresentar demandas e desafios de cada regi\u00e3o. Esse \u00e9 o momento de dar voz \u00e0s necessidades da popula\u00e7\u00e3o que, definitivamente, ir\u00e1 contribuir com o planejamento do Governo do Tocantins para os pr\u00f3ximos quatro anos\u201d, afirmou o gestor.<\/p>\n\n\n\n<p>A participa\u00e7\u00e3o da sociedade civil \u00e9 fundamental na constru\u00e7\u00e3o do PPA e as audi\u00eancias s\u00e3o instrumentos para captar as demandas dos cidad\u00e3os e traz\u00ea-las como meta para o Governo do Tocantins.<\/p>\n\n\n\n<p>Nesse sentido, o prefeito de Colinas, Josemar Casarin, salientou a relev\u00e2ncia da popula\u00e7\u00e3o de Colinas e regi\u00e3o na participa\u00e7\u00e3o do Plano Plurianual&nbsp;do Governo Estadual e frisou que a prioridade da regi\u00e3o \u00e9 a estadualiza\u00e7\u00e3o do Hospital de Colinas. \u201cEsse evento \u00e9 muito importante para popula\u00e7\u00e3o, pois nesse momento temos a oportunidade de apresentar, ao Governo do Tocantins, as nossas demandas. Tenho certeza que juntos encontraremos um caminho comum para que elas sejam atendidas. A nossa prioridade sem d\u00favidas \u00e9 a estadualiza\u00e7\u00e3o do Hospital de Colinas\u201d, pontuou.<\/p>\n\n\n\n<p>Fizeram parte da 3\u00aa Consulta P\u00fablica para elabora\u00e7\u00e3o do PPA 2024\/2027 representantes dos munic\u00edpios de Arapoema, Bandeirantes do Tocantins, Bernardo Say\u00e3o, Brasil\u00e2ndia do Tocantins, Couto de Magalh\u00e3es, Itapiratins, Itapor\u00e3 do Tocantins, Juarina, Presidente Kennedy, Palmeirante, Pau D&#8217;Arco, Tupiratins e pr\u00f3pria cidade de Colinas.<\/p>\n\n\n\n<p><strong>Eixos Tem\u00e1ticos<\/strong><\/p>\n\n\n\n<p>Durante o per\u00edodo da tarde, o evento seguiu com Consultas P\u00fablicas para que a comunidade presente discutisse sete eixos tem\u00e1ticos, sendo eles: Seguran\u00e7a, assist\u00eancia social e cidadania; Desenvolvimento produtivo, economia criativa, emprego e renda; Gest\u00e3o p\u00fablica e governan\u00e7a; Meio ambiente e mudan\u00e7as clim\u00e1ticas; Sa\u00fade e bem-estar; Educa\u00e7\u00e3o, ci\u00eancia, tecnologia &amp; inova\u00e7\u00e3o; e Infraestrutura econ\u00f4mica e urbana, que s\u00e3o de extrema relev\u00e2ncia para o desenvolvimento da regi\u00e3o.\u2028<\/p>\n\n\n\n<p>Para a secret\u00e1ria de Assist\u00eancia Social do munic\u00edpio de Brasil\u00e2ndia, Marlene Pereira de Almeida, fazer parte desse encontro permitiu que ela e mais um grupo de 20 pessoas da sua cidade participassem do PPA propondo a\u00e7\u00f5es dentro das pol\u00edticas p\u00fablicas na \u00e1rea de assist\u00eancia social. \u201cO que ocorreu aqui viabilizou e garantiu a possibilidade de mais qualidade de vida aos cidad\u00e3os do meu munic\u00edpio\u201d, frisou.<\/p>\n\n\n\n<p>Marlene Pereira participou do eixo&nbsp;<em>Seguran\u00e7a, assist\u00eancia social e cidadania<\/em>, assim como o diretor da Unidade Penal de Colinas, Gustavo Lima de Freitas. Ele deu sua contribui\u00e7\u00e3o como sociedade civil atuante. \u201cIsso oportuniza a todos darem sua sugest\u00e3o. Opini\u00f5es s\u00e3o muito importantes e todos devem ser ouvidos neste momento, para planejar as a\u00e7\u00f5es para os pr\u00f3ximos quatro anos. Impacta todo mundo. Trazendo ideias para uma sociedade melhor e um Tocantins cada vez melhor\u201d, ressaltou.<\/p>\n\n\n\n<p>J\u00e1 o eixo de&nbsp;<em>Desenvolvimento produtivo, economia criativa, emprego e renda<\/em>&nbsp;contou com a participa\u00e7\u00e3o do presidente da Associa\u00e7\u00e3o de Produtores Rurais de Itapor\u00e3, Claudson Ferreira de Andrade, que estava acompanhado de outros produtores rurais de sua regi\u00e3o. \u201cEstou aqui participando do PPA, trazendo as nossas demandas do campo e as do nosso munic\u00edpio. Isso aqui \u00e9 de muita import\u00e2ncia para o nosso Estado e para que o desenvolvimento aconte\u00e7a de forma correta\u201d, comentou.<\/p>\n\n\n\n<p>O presidente da C\u00e2mara de Palmeirante, Vanduires Pereira Lima, al\u00e9m de representar os moradores do seu munic\u00edpio, tamb\u00e9m participou do eixo&nbsp;<em>Desenvolvimento produtivo, economia criativa, emprego e renda<\/em>. \u201c\u00c9 um privil\u00e9gio fazer parte da constru\u00e7\u00e3o do PPA da minha regi\u00e3o. A contribui\u00e7\u00e3o de gestores e legisladores nesse processo \u00e9 algo muito importante, colocando nossas demandas para que o Governo do Tocantins possa trazer projetos para fomentar o nosso munic\u00edpio\u201d, acrescentou.<\/p>\n\n\n\n<p><strong>PPA<\/strong><\/p>\n\n\n\n<p>O PPA \u00e9 um planejamento que apontar\u00e1 fontes de recursos, indicadores e metas para cada \u00e1rea de atua\u00e7\u00e3o do Governo do Tocantins para os pr\u00f3ximos quatro anos. Mais sete encontros ocorrer\u00e3o at\u00e9 o final do m\u00eas de agosto para defini\u00e7\u00e3o dessas metas.<\/p>\n\n\n\n<p><img decoding=\"async\" src=\"https:\/\/central.to.gov.br\/image\/332957?w=670&amp;h=383\"><\/p>\n\n\n\n<p>E<em><strong>ncontro em Colinas ocorreu nesta sexta-feira, 2 de junho, e contou com a participa\u00e7\u00e3o da sociedade civil de 13 munic\u00edpios &#8211; Foto: Adilvan Nogueira\/Governo do Tocantins&nbsp;<\/strong><\/em><\/p>\n\n\n\n<figure class=\"wp-block-image is-resized\"><img loading=\"lazy\" decoding=\"async\" src=\"https:\/\/central.to.gov.br\/image\/332956?w=670&amp;h=383\" alt=\"\" width=\"836\" height=\"478\"\/><\/figure>\n\n\n\n<p><em><strong>O diretor da Unidade Penal de Colinas, Gustavo Lima de Freitas, deu sua contribui\u00e7\u00e3o como sociedade civil atuante &#8211; Foto:\u00a0 Adilvan Nogueira\/Governo do Tocantins<\/strong><\/em><\/p>\n\n\n\n<figure class=\"wp-block-image is-resized\"><img loading=\"lazy\" decoding=\"async\" src=\"https:\/\/central.to.gov.br\/image\/332952?w=670&amp;h=383\" alt=\"\" width=\"838\" height=\"479\"\/><\/figure>\n\n\n\n<p><em><strong>O prefeito de Colinas, Josemar Casarin, salientou a relev\u00e2ncia da popula\u00e7\u00e3o do munic\u00edpio e da regi\u00e3o na participa\u00e7\u00e3o do plano de governo do Estado do Tocantins &#8211; Foto: Adilvan Nogueira\/Governo do Tocantins\u00a0<\/strong><\/em><\/p>\n\n\n\n<figure class=\"wp-block-image size-large is-resized\"><img loading=\"lazy\" decoding=\"async\" src=\"https:\/\/focotocantinense.com.br\/wp-content\/uploads\/2023\/06\/5215c382-74e8-4be1-ae0e-821dde0eaaee-1-576x1024.jpg\" alt=\"\" class=\"wp-image-4924\" width=\"838\" height=\"1490\" srcset=\"https:\/\/focotocantinense.com.br\/wp-content\/uploads\/2023\/06\/5215c382-74e8-4be1-ae0e-821dde0eaaee-1-576x1024.jpg 576w, https:\/\/focotocantinense.com.br\/wp-content\/uploads\/2023\/06\/5215c382-74e8-4be1-ae0e-821dde0eaaee-1-169x300.jpg 169w, https:\/\/focotocantinense.com.br\/wp-content\/uploads\/2023\/06\/5215c382-74e8-4be1-ae0e-821dde0eaaee-1-768x1365.jpg 768w, https:\/\/focotocantinense.com.br\/wp-content\/uploads\/2023\/06\/5215c382-74e8-4be1-ae0e-821dde0eaaee-1-864x1536.jpg 864w, https:\/\/focotocantinense.com.br\/wp-content\/uploads\/2023\/06\/5215c382-74e8-4be1-ae0e-821dde0eaaee-1.jpg 900w\" sizes=\"auto, (max-width: 838px) 100vw, 838px\" \/><\/figure>\n\n\n\n<figure class=\"wp-block-image is-resized\"><img loading=\"lazy\" decoding=\"async\" src=\"http:\/\/n1to.com.br\/img\/uploads\/VINI_71.jpg\" alt=\"\" width=\"839\" height=\"253\"\/><\/figure>\n","protected":false},"excerpt":{"rendered":"<p>O governador em exerc\u00edcio, Laurez Moreira, participou da 3\u00aa Consulta P\u00fablica para elabora\u00e7\u00e3o do Plano Plurianual (PPA 2024\/2027), na manh\u00e3 desta sexta-feira, 2, na Escola Estadual Lacerdino Oliveira Campos, em Colinas. No encontro, ele destacou que a prioridade do Governo do Tocantins \u00e9 ouvir as pessoas para alinhar os planos dos pr\u00f3ximos quatro anos, definindo &hellip;<\/p>\n","protected":false},"author":5,"featured_media":4939,"comment_status":"open","ping_status":"open","sticky":false,"template":"","format":"standard","meta":{"footnotes":""},"categories":[40],"tags":[],"class_list":["post-4938","post","type-post","status-publish","format-standard","has-post-thumbnail","","category-politica"],"_links":{"self":[{"href":"https:\/\/focotocantinense.com.br\/index.php?rest_route=\/wp\/v2\/posts\/4938","targetHints":{"allow":["GET"]}}],"collection":[{"href":"https:\/\/focotocantinense.com.br\/index.php?rest_route=\/wp\/v2\/posts"}],"about":[{"href":"https:\/\/focotocantinense.com.br\/index.php?rest_route=\/wp\/v2\/types\/post"}],"author":[{"embeddable":true,"href":"https:\/\/focotocantinense.com.br\/index.php?rest_route=\/wp\/v2\/users\/5"}],"replies":[{"embeddable":true,"href":"https:\/\/focotocantinense.com.br\/index.php?rest_route=%2Fwp%2Fv2%2Fcomments&post=4938"}],"version-history":[{"count":2,"href":"https:\/\/focotocantinense.com.br\/index.php?rest_route=\/wp\/v2\/posts\/4938\/revisions"}],"predecessor-version":[{"id":4942,"href":"https:\/\/focotocantinense.com.br\/index.php?rest_route=\/wp\/v2\/posts\/4938\/revisions\/4942"}],"wp:featuredmedia":[{"embeddable":true,"href":"https:\/\/focotocantinense.com.br\/index.php?rest_route=\/wp\/v2\/media\/4939"}],"wp:attachment":[{"href":"https:\/\/focotocantinense.com.br\/index.php?rest_route=%2Fwp%2Fv2%2Fmedia&parent=4938"}],"wp:term":[{"taxonomy":"category","embeddable":true,"href":"https:\/\/focotocantinense.com.br\/index.php?rest_route=%2Fwp%2Fv2%2Fcategories&post=4938"},{"taxonomy":"post_tag","embeddable":true,"href":"https:\/\/focotocantinense.com.br\/index.php?rest_route=%2Fwp%2Fv2%2Ftags&post=4938"}],"curies":[{"name":"wp","href":"https:\/\/api.w.org\/{rel}","templated":true}]}}