{"id":4931,"date":"2023-06-02T18:42:04","date_gmt":"2023-06-02T21:42:04","guid":{"rendered":"https:\/\/focotocantinense.com.br\/?p=4931"},"modified":"2023-06-02T18:42:45","modified_gmt":"2023-06-02T21:42:45","slug":"prefeitura-de-gurupi-concede-gestao-do-aeroporto-para-a-infraero","status":"publish","type":"post","link":"https:\/\/focotocantinense.com.br\/?p=4931","title":{"rendered":"Prefeitura de Gurupi concede gest\u00e3o do aeroporto para a Infraero"},"content":{"rendered":"\n<p>\u201cN\u00f3s acabamos de oficializar, depois de 2 anos de conversas e negocia\u00e7\u00f5es, assinamos agora o contrato. A Infraero ir\u00e1 assumir a gest\u00e3o do nosso Aeroporto\u201d. Essa \u00e9 a boa not\u00edcia anunciada agora h\u00e1 pouco pela prefeita de Gurupi, Josi Nunes, que est\u00e1 em Bras\u00edlia nesta sexta-feira, 02, onde se reuniu com representantes da Infraero formalizando a parceria entre a gest\u00e3o p\u00fablica municipal e a empresa.<\/p>\n\n\n\n<p>A Prefeita esteve reunida com o presidente da Infraero, Rog\u00e9rio Amado Barzellay, e com t\u00e9cnicos da empresa que apresentaram uma proposta comercial de servi\u00e7os t\u00e9cnicos especializados de gest\u00e3o e opera\u00e7\u00e3o aeroportu\u00e1ria para o Aeroporto Municipal de Gurupi &#8211; Comandante Jacinto Nunes.<\/p>\n\n\n\n<p>\u201cEla [Infraero] ir\u00e1 criar todo um plano de desenvolvimento para o nosso Aeroporto e al\u00e9m disso, a nossa perspectiva \u00e9 que a partir dessa parceria com a Infraero, ela possa tamb\u00e9m colaborar com Gurupi levando um voo comercial para a nossa cidade. Estou muito empolgada e feliz com mais esta parceria. Eu quero ver o nosso Aeroporto despontar no cen\u00e1rio tocantinense e no cen\u00e1rio nacional\u201d, frisou a prefeita Josi Nunes.<\/p>\n\n\n\n<p>Ela afirmou ainda que o presidente da Infraero, Rog\u00e9rio Amado Barzellay, deve vir a Gurupi,&nbsp;no pr\u00f3ximo dia 19 de junho,&nbsp;para visitar pessoalmente o Aeroporto da cidade. A previs\u00e3o \u00e9 que as opera\u00e7\u00f5es da Infraero \u00e0 frente do Aeroporto Municipal Comte. Jacinto Nunes aconte\u00e7am a partir de 1\u00ba de julho deste ano.<\/p>\n\n\n\n<p>\u201cA Infraero \u00e9 uma empresa p\u00fablica do Governo Federal, tem 50 anos de experi\u00eancia e \u00e9 uma das 3 maiores operadoras de aeroportos do mundo. Foi um longo per\u00edodo de estudos e muitos debates internos e tamb\u00e9m com a empresa para chegarmos a esse momento. Trazer a experi\u00eancia e o know-how da Infraero ao Aeroporto de Gurupi, implantar\u00e1 um novo conceito de servi\u00e7os aos usu\u00e1rios, reestruturando e modernizando o Aeroporto, facilitando assim a vinda de novas companhias a\u00e9reas comerciais, inclusive de cargas, e uma maior movimenta\u00e7\u00e3o de aeronaves particulares\u201d, finalizou a prefeita Josi Nunes.<\/p>\n\n\n\n<p><strong>Proposta Infraero<\/strong><\/p>\n\n\n\n<p>A proposta apresentada pela empresa engloba os servi\u00e7os necess\u00e1rios para gest\u00e3o administrativa e opera\u00e7\u00e3o de avia\u00e7\u00e3o geral. A gest\u00e3o administrativa e operacional visa o gerenciamento das tarefas de rotina essenciais ao funcionamento do Aeroporto, bem como o atendimento dos requisitos normativos constantes na legisla\u00e7\u00e3o, regulamentos, normatiza\u00e7\u00f5es nacionais e internacionais, no que couber, relativos \u00e0 avia\u00e7\u00e3o civil, \u00e0 infraestrutura e \u00e0 seguran\u00e7a operacional\/aeroportu\u00e1ria.<\/p>\n\n\n\n<p>O prazo de vig\u00eancia do contrato ser\u00e1 de 12 meses e o valor total pela concess\u00e3o \u00e9 de R$ 2.015.229,48. \u201cEste recurso est\u00e1 sendo viabilizado pela Senadora Dorinha, que destinou R$ 2 milh\u00f5es para serem investidos no Aeroporto de Gurupi\u201d, informou a prefeita Josi Nunes.<\/p>\n\n\n\n<p>A Prefeita explicou ainda que o pagamento ser\u00e1 feito em parcelas de R$ R$ 167.935,79 e que todo o recurso que for arrecadado mensalmente na opera\u00e7\u00e3o do Aeroporto \u00e9 do Munic\u00edpio e ser\u00e1 utilizado para abater neste valor, a Prefeitura pagar\u00e1 somente a diferen\u00e7a.<\/p>\n\n\n\n<figure class=\"wp-block-image size-full\"><img loading=\"lazy\" decoding=\"async\" width=\"928\" height=\"512\" src=\"https:\/\/focotocantinense.com.br\/wp-content\/uploads\/2023\/06\/dia-mundial-da-bicicleta-02.06.jpg\" alt=\"\" class=\"wp-image-4933\" srcset=\"https:\/\/focotocantinense.com.br\/wp-content\/uploads\/2023\/06\/dia-mundial-da-bicicleta-02.06.jpg 928w, https:\/\/focotocantinense.com.br\/wp-content\/uploads\/2023\/06\/dia-mundial-da-bicicleta-02.06-300x166.jpg 300w, https:\/\/focotocantinense.com.br\/wp-content\/uploads\/2023\/06\/dia-mundial-da-bicicleta-02.06-768x424.jpg 768w\" sizes=\"auto, (max-width: 928px) 100vw, 928px\" \/><\/figure>\n\n\n\n<figure class=\"wp-block-image size-large is-resized\"><img loading=\"lazy\" decoding=\"async\" src=\"https:\/\/focotocantinense.com.br\/wp-content\/uploads\/2023\/06\/5215c382-74e8-4be1-ae0e-821dde0eaaee-1-576x1024.jpg\" alt=\"\" class=\"wp-image-4924\" width=\"842\" height=\"1497\" srcset=\"https:\/\/focotocantinense.com.br\/wp-content\/uploads\/2023\/06\/5215c382-74e8-4be1-ae0e-821dde0eaaee-1-576x1024.jpg 576w, https:\/\/focotocantinense.com.br\/wp-content\/uploads\/2023\/06\/5215c382-74e8-4be1-ae0e-821dde0eaaee-1-169x300.jpg 169w, https:\/\/focotocantinense.com.br\/wp-content\/uploads\/2023\/06\/5215c382-74e8-4be1-ae0e-821dde0eaaee-1-768x1365.jpg 768w, https:\/\/focotocantinense.com.br\/wp-content\/uploads\/2023\/06\/5215c382-74e8-4be1-ae0e-821dde0eaaee-1-864x1536.jpg 864w, https:\/\/focotocantinense.com.br\/wp-content\/uploads\/2023\/06\/5215c382-74e8-4be1-ae0e-821dde0eaaee-1.jpg 900w\" sizes=\"auto, (max-width: 842px) 100vw, 842px\" \/><\/figure>\n\n\n\n<figure class=\"wp-block-image is-resized\"><img loading=\"lazy\" decoding=\"async\" src=\"http:\/\/n1to.com.br\/img\/uploads\/VINI_71.jpg\" alt=\"\" width=\"837\" height=\"252\"\/><\/figure>\n","protected":false},"excerpt":{"rendered":"<p>\u201cN\u00f3s acabamos de oficializar, depois de 2 anos de conversas e negocia\u00e7\u00f5es, assinamos agora o contrato. A Infraero ir\u00e1 assumir a gest\u00e3o do nosso Aeroporto\u201d. Essa \u00e9 a boa not\u00edcia anunciada agora h\u00e1 pouco pela prefeita de Gurupi, Josi Nunes, que est\u00e1 em Bras\u00edlia nesta sexta-feira, 02, onde se reuniu com representantes da Infraero formalizando &hellip;<\/p>\n","protected":false},"author":5,"featured_media":4933,"comment_status":"open","ping_status":"open","sticky":false,"template":"","format":"standard","meta":{"footnotes":""},"categories":[38],"tags":[],"class_list":["post-4931","post","type-post","status-publish","format-standard","has-post-thumbnail","","category-gurupi"],"_links":{"self":[{"href":"https:\/\/focotocantinense.com.br\/index.php?rest_route=\/wp\/v2\/posts\/4931","targetHints":{"allow":["GET"]}}],"collection":[{"href":"https:\/\/focotocantinense.com.br\/index.php?rest_route=\/wp\/v2\/posts"}],"about":[{"href":"https:\/\/focotocantinense.com.br\/index.php?rest_route=\/wp\/v2\/types\/post"}],"author":[{"embeddable":true,"href":"https:\/\/focotocantinense.com.br\/index.php?rest_route=\/wp\/v2\/users\/5"}],"replies":[{"embeddable":true,"href":"https:\/\/focotocantinense.com.br\/index.php?rest_route=%2Fwp%2Fv2%2Fcomments&post=4931"}],"version-history":[{"count":3,"href":"https:\/\/focotocantinense.com.br\/index.php?rest_route=\/wp\/v2\/posts\/4931\/revisions"}],"predecessor-version":[{"id":4937,"href":"https:\/\/focotocantinense.com.br\/index.php?rest_route=\/wp\/v2\/posts\/4931\/revisions\/4937"}],"wp:featuredmedia":[{"embeddable":true,"href":"https:\/\/focotocantinense.com.br\/index.php?rest_route=\/wp\/v2\/media\/4933"}],"wp:attachment":[{"href":"https:\/\/focotocantinense.com.br\/index.php?rest_route=%2Fwp%2Fv2%2Fmedia&parent=4931"}],"wp:term":[{"taxonomy":"category","embeddable":true,"href":"https:\/\/focotocantinense.com.br\/index.php?rest_route=%2Fwp%2Fv2%2Fcategories&post=4931"},{"taxonomy":"post_tag","embeddable":true,"href":"https:\/\/focotocantinense.com.br\/index.php?rest_route=%2Fwp%2Fv2%2Ftags&post=4931"}],"curies":[{"name":"wp","href":"https:\/\/api.w.org\/{rel}","templated":true}]}}