{"id":4927,"date":"2023-06-02T16:22:30","date_gmt":"2023-06-02T19:22:30","guid":{"rendered":"https:\/\/focotocantinense.com.br\/?p=4927"},"modified":"2023-06-02T16:23:52","modified_gmt":"2023-06-02T19:23:52","slug":"governador-wanderlei-barbosa-firma-acordo-para-intercambio-de-jovens-trabalhadores-em-barcelona","status":"publish","type":"post","link":"https:\/\/focotocantinense.com.br\/?p=4927","title":{"rendered":"Governador Wanderlei Barbosa firma acordo para interc\u00e2mbio de jovens trabalhadores em Barcelona"},"content":{"rendered":"\n<p>O governador do Estado do Tocantins, Wanderlei Barbosa, realizou, nesta sexta-feira, 2, uma visita \u00e0 sede da Dem\u00e0 Jovem, renomada organiza\u00e7\u00e3o especializada em programas de aprendizagem, localizada na cidade de Barcelona, na Espanha. O objetivo da visita foi apresentar o programa&nbsp;<em>Jovem Trabalhador&nbsp;<\/em>e firmar um acordo que possibilitar\u00e1 o interc\u00e2mbio entre jovens espanh\u00f3is e brasileiros por meio do programa executado pelo Governo do Tocantins.<\/p>\n\n\n\n<p>O programa tem como objetivo promover a qualifica\u00e7\u00e3o profissional de jovens, oferecendo oportunidades para sua inser\u00e7\u00e3o no mercado de trabalho. A parceria com a Dem\u00e0 Jovem abrir\u00e1 portas para que os jovens tocantinenses possam vivenciar uma experi\u00eancia internacional, ampliando seus horizontes e adquirindo novos conhecimentos.<\/p>\n\n\n\n<p>Durante a visita \u00e0 sede da Dem\u00e0 Jovem, o governador Wanderlei Barbosa foi recebido por autoridades da organiza\u00e7\u00e3o e teve a oportunidade de apresentar os detalhes do programa e seus benef\u00edcios para os jovens do estado do Tocantins. O Governador destacou a import\u00e2ncia do interc\u00e2mbio, da troca de conhecimentos e como isso traz benef\u00edcios para o Tocantins em v\u00e1rias esferas, como a \u00e1rea de tecnologia. &#8220;Estou muito satisfeito em estar aqui hoje, firmando este acordo que possibilitar\u00e1 que os jovens do Tocantins tenham acesso a oportunidades de aprendizado e incentivar\u00e1 o crescimento em um cen\u00e1rio internacional. A parceria com a Dem\u00e0 Jovem \u00e9 fundamental para que possamos oferecer uma forma\u00e7\u00e3o de qualidade aos nossos jovens, preparando-os para os desafios do mercado de trabalho&#8221;, afirmou o Governador.<\/p>\n\n\n\n<p>Durante o encontro, ficou firmado um acordo entre os pa\u00edses, no qual 10 jovens tocantinenses inclusos no&nbsp;<em>Jovem Trabalhador<\/em>&nbsp;passar\u00e3o por experi\u00eancias na Espanha para realiza\u00e7\u00e3o de atividades culturais, socioambientais e educacionais, por meio do programa. A sele\u00e7\u00e3o para o interc\u00e2mbio se dar\u00e1 por meio de um sorteio com os jovens que tiverem melhor desempenho dentro do programa.<\/p>\n\n\n\n<p>O co-presidente da Dem\u00e0 Jovem, Josep Gass\u00f3 Espina, expressou entusiasmo com a parceria estabelecida. &#8220;Estamos felizes em receber o governador Wanderlei Barbosa em nossa sede e saber que o Tocantins executa projetos como esse. Essa \u00e9 uma grande oportunidade para eles, \u00e9 muito importante que eles fa\u00e7am esse interc\u00e2mbio\u201d, frisou Josep.<\/p>\n\n\n\n<p>Para o copresidente global do Dem\u00e0, Adair Meira, o Tocantins est\u00e1 de parab\u00e9ns por executar um projeto como esse, levando oportunidade para outros munic\u00edpios distantes da Capital. \u201cPrecisamos reconhecer o quanto isso \u00e9 grandioso, o Governo do Tocantins est\u00e1 preocupado com os jovens, principalmente aqueles que moram longe da capital Palmas, em cidades menores. O Tocantins \u00e9 um Estado novo, o mais jovem do Brasil, e iniciativas como essa mostram o compromisso da gest\u00e3o com os seus jovens\u201d, afirmou Adair.<\/p>\n\n\n\n<p>O governador Wanderlei Barbosa tamb\u00e9m ressaltou a import\u00e2ncia de investir na educa\u00e7\u00e3o e na forma\u00e7\u00e3o profissional como estrat\u00e9gias para o desenvolvimento socioecon\u00f4mico do Estado. Ele destacou que o programa<em>&nbsp;Jovem Trabalhador&nbsp;<\/em>tem tamb\u00e9m um forte impacto positivo para a sociedade e que o interc\u00e2mbio entre jovens de na\u00e7\u00f5es diferentes proporciona uma evolu\u00e7\u00e3o m\u00fatua onde todos saem ganhando. \u201cQueremos trabalhar com a nossa popula\u00e7\u00e3o mais jovem, capacitando ela para que possa melhorar de vida. O interc\u00e2mbio ocorre em v\u00e1rios pa\u00edses, com sucesso, ent\u00e3o somos gratos por essa importante oportunidade para a forma\u00e7\u00e3o dos nossos jovens\u201d, finalizou o governador Wanderlei Barbosa.<\/p>\n\n\n\n<p><strong>Programa Jovem Trabalhador<\/strong><\/p>\n\n\n\n<p>Desenvolvido pela Secretaria de Estado do Trabalho e Desenvolvimento Social (Setas), o programa<em>&nbsp;Jovem Trabalhador<\/em>&nbsp;contempla jovens de 16 a 21 anos, de todo o Estado, que v\u00e3o assinar um contrato de trabalho formal, podendo ter dura\u00e7\u00e3o de um ano, com remunera\u00e7\u00e3o de meio sal\u00e1rio m\u00ednimo de hora trabalhada, recebendo uniforme, crach\u00e1, vale-transporte, 13\u00b0 sal\u00e1rio, seguro de vida, f\u00e9rias e atendimento psicossocial e psicopedag\u00f3gico. Esse \u00e9 o maior programa de aprendizagem para o p\u00fablico jovem na hist\u00f3ria do Estado, sendo iniciado no dia 1\u00b0 de maio e, desde ent\u00e3o, mais de 2 mil jovens j\u00e1 se inscreveram.<\/p>\n\n\n\n<p>As vagas ser\u00e3o distribu\u00eddas em \u00f3rg\u00e3os p\u00fablicos do Executivo, Legislativo e Judici\u00e1rio Estadual, al\u00e9m do Minist\u00e9rio P\u00fablico Estadual (MPTO), do Tribunal de Contas do Estado (TCE) e dos munic\u00edpios. O programa&nbsp;<em>Jovem Trabalhador<\/em>&nbsp;\u00e9 financiado com recurso do Fundo Estadual de Combate e Erradica\u00e7\u00e3o da Pobreza (Fecoep-TO).<\/p>\n\n\n\n<p><strong>Dem\u00e0 Jovem by Renapsi<\/strong><br><br>Dem\u00e0 Jovem \u00e9 uma Organiza\u00e7\u00e3o da Sociedade Civil (OSC), com 30 anos de atua\u00e7\u00e3o no Brasil, que une educa\u00e7\u00e3o, trabalho e tecnologia inovadora com impacto social para criar oportunidades na vida de jovens, empresas e de toda a sociedade. A Dem\u00e0 Jovem by Renapsi promove a forma\u00e7\u00e3o de qualidade de jovens em situa\u00e7\u00e3o de vulnerabilidade, visando \u00e0 inclus\u00e3o social e \u00e0 inser\u00e7\u00e3o no mercado de trabalho, tendo aplicado suas atividades em todo o mundo.<\/p>\n\n\n\n<p><strong>Miss\u00e3o no exterior&nbsp;<\/strong><\/p>\n\n\n\n<p>O governador do Tocantins, Wanderlei Barbosa, est\u00e1 em miss\u00e3o oficial na Europa desde o dia 28 de maio at\u00e9 o dia 9 de junho. Acompanhado da equipe t\u00e9cnica, o Governador j\u00e1 cumpriu agenda institucional na Est\u00f4nia; estando agora na Espanha, seguindo, posteriormente, para a Su\u00ed\u00e7a. Dentre os temas debatidos est\u00e3o a Governan\u00e7a Digital, interc\u00e2mbio para o programa Jovem Trabalhador e quest\u00f5es ligadas ao meio ambiente.<\/p>\n\n\n\n<p><img decoding=\"async\" src=\"https:\/\/central.to.gov.br\/image\/332880?w=670&amp;h=383\"><\/p>\n\n\n\n<p><em><strong>Visita do Governador e de equipe de trabalho teve como objetivo apresentar o programa Jovem Trabalhador e propiciar interc\u00e2mbio de jovens, por meio do programa executado pelo Governo do Tocantins &#8211; Foto:&nbsp; Antonio Gon\u00e7alves\/Governo do Tocantins<\/strong><\/em><\/p>\n\n\n\n<figure class=\"wp-block-image\"><img decoding=\"async\" src=\"https:\/\/central.to.gov.br\/image\/332879?w=670&amp;h=383\" alt=\"\"\/><\/figure>\n\n\n\n<p><em><strong>Governador Wanderlei Barbosa ressaltou import\u00e2ncia de investir na educa\u00e7\u00e3o e na forma\u00e7\u00e3o profissional como estrat\u00e9gias para o desenvolvimento socioecon\u00f4mico do Estado &#8211; Foto: Antonio Gon\u00e7alves\/Governo do Tocantins\u00a0<\/strong><\/em><\/p>\n\n\n\n<p><\/p>\n\n\n\n<p><img decoding=\"async\" src=\"https:\/\/central.to.gov.br\/image\/332878?w=670&amp;h=383\"><\/p>\n\n\n\n<p><em><strong>Parceria com a Dem\u00e0 Jovem abrir\u00e1 portas para que os jovens tocantinenses possam vivenciar uma experi\u00eancia internacional, ampliando seus horizontes e adquirindo novos conhecimentos &#8211; Foto:Antonio Gon\u00e7alves\/Governo do Tocantins<\/strong><\/em><\/p>\n\n\n\n<figure class=\"wp-block-image size-large is-resized\"><img loading=\"lazy\" decoding=\"async\" src=\"https:\/\/focotocantinense.com.br\/wp-content\/uploads\/2023\/06\/5215c382-74e8-4be1-ae0e-821dde0eaaee-1-576x1024.jpg\" alt=\"\" class=\"wp-image-4924\" width=\"841\" height=\"1495\" srcset=\"https:\/\/focotocantinense.com.br\/wp-content\/uploads\/2023\/06\/5215c382-74e8-4be1-ae0e-821dde0eaaee-1-576x1024.jpg 576w, https:\/\/focotocantinense.com.br\/wp-content\/uploads\/2023\/06\/5215c382-74e8-4be1-ae0e-821dde0eaaee-1-169x300.jpg 169w, https:\/\/focotocantinense.com.br\/wp-content\/uploads\/2023\/06\/5215c382-74e8-4be1-ae0e-821dde0eaaee-1-768x1365.jpg 768w, https:\/\/focotocantinense.com.br\/wp-content\/uploads\/2023\/06\/5215c382-74e8-4be1-ae0e-821dde0eaaee-1-864x1536.jpg 864w, https:\/\/focotocantinense.com.br\/wp-content\/uploads\/2023\/06\/5215c382-74e8-4be1-ae0e-821dde0eaaee-1.jpg 900w\" sizes=\"auto, (max-width: 841px) 100vw, 841px\" \/><\/figure>\n","protected":false},"excerpt":{"rendered":"<p>O governador do Estado do Tocantins, Wanderlei Barbosa, realizou, nesta sexta-feira, 2, uma visita \u00e0 sede da Dem\u00e0 Jovem, renomada organiza\u00e7\u00e3o especializada em programas de aprendizagem, localizada na cidade de Barcelona, na Espanha. O objetivo da visita foi apresentar o programa&nbsp;Jovem Trabalhador&nbsp;e firmar um acordo que possibilitar\u00e1 o interc\u00e2mbio entre jovens espanh\u00f3is e brasileiros por &hellip;<\/p>\n","protected":false},"author":5,"featured_media":4928,"comment_status":"open","ping_status":"open","sticky":false,"template":"","format":"standard","meta":{"footnotes":""},"categories":[39],"tags":[],"class_list":["post-4927","post","type-post","status-publish","format-standard","has-post-thumbnail","","category-estado"],"_links":{"self":[{"href":"https:\/\/focotocantinense.com.br\/index.php?rest_route=\/wp\/v2\/posts\/4927","targetHints":{"allow":["GET"]}}],"collection":[{"href":"https:\/\/focotocantinense.com.br\/index.php?rest_route=\/wp\/v2\/posts"}],"about":[{"href":"https:\/\/focotocantinense.com.br\/index.php?rest_route=\/wp\/v2\/types\/post"}],"author":[{"embeddable":true,"href":"https:\/\/focotocantinense.com.br\/index.php?rest_route=\/wp\/v2\/users\/5"}],"replies":[{"embeddable":true,"href":"https:\/\/focotocantinense.com.br\/index.php?rest_route=%2Fwp%2Fv2%2Fcomments&post=4927"}],"version-history":[{"count":2,"href":"https:\/\/focotocantinense.com.br\/index.php?rest_route=\/wp\/v2\/posts\/4927\/revisions"}],"predecessor-version":[{"id":4930,"href":"https:\/\/focotocantinense.com.br\/index.php?rest_route=\/wp\/v2\/posts\/4927\/revisions\/4930"}],"wp:featuredmedia":[{"embeddable":true,"href":"https:\/\/focotocantinense.com.br\/index.php?rest_route=\/wp\/v2\/media\/4928"}],"wp:attachment":[{"href":"https:\/\/focotocantinense.com.br\/index.php?rest_route=%2Fwp%2Fv2%2Fmedia&parent=4927"}],"wp:term":[{"taxonomy":"category","embeddable":true,"href":"https:\/\/focotocantinense.com.br\/index.php?rest_route=%2Fwp%2Fv2%2Fcategories&post=4927"},{"taxonomy":"post_tag","embeddable":true,"href":"https:\/\/focotocantinense.com.br\/index.php?rest_route=%2Fwp%2Fv2%2Ftags&post=4927"}],"curies":[{"name":"wp","href":"https:\/\/api.w.org\/{rel}","templated":true}]}}