{"id":4915,"date":"2023-06-01T08:23:55","date_gmt":"2023-06-01T11:23:55","guid":{"rendered":"https:\/\/focotocantinense.com.br\/?p=4915"},"modified":"2023-06-01T08:24:41","modified_gmt":"2023-06-01T11:24:41","slug":"centro-de-referencia-do-projeto-leitura-viva-em-tocantinia-promove-roda-de-conversa-com-sanfoneiro-paulinho-do-forro","status":"publish","type":"post","link":"https:\/\/focotocantinense.com.br\/?p=4915","title":{"rendered":"Centro de Refer\u00eancia do Projeto Leitura Viva, em Tocant\u00ednia, promove roda de conversa com sanfoneiro Paulinho do Forr\u00f3"},"content":{"rendered":"\n<p><strong>Por Zacarias Martins<\/strong><\/p>\n\n\n\n<p>Com a tem\u00e1tica \u201cMinha Regi\u00e3o\u201d, o Centro de Refer\u00eancia do Projeto Leitura Viva, ligado \u00e0 Secretaria Municipal de Educa\u00e7\u00e3o de Tocant\u00ednia \u2013 Semed, &nbsp;promoveu &nbsp;na manh\u00e3 desta quarta-feira, dia 31, uma roda de conversa com sanfoneiro, poeta e repentista Paulinho do Forr\u00f3, tendo como p\u00fablico-alvo, os alunos da Rede Municipal de Educa\u00e7\u00e3o.<br><br>O &nbsp;secret\u00e1rio de Educa\u00e7\u00e3o de Tocant\u00ednia, professor Andr\u00e9 &nbsp;Goveia, explica que &nbsp;os alunos &nbsp;tiveram a oportunidade de participar de um momento de uma proveitosa intera\u00e7\u00e3o com as demais unidades de ensino da Rede Municipal &nbsp;de Ensino, contribuindo, assim, &nbsp;com o &nbsp;desenvolvimento do &nbsp;processo de leitura e aprendizagem.<br><br>&nbsp;\u201cEm todo um tempo o homem ensina e aprende mantendo a cultura viva no exerc\u00edcio do pensamento cr\u00edtico na express\u00e3o de forma pessoal, intelectual, moral e valoriza\u00e7\u00e3o do eu e do outro, por isso, essa roda de conversa se transformou numa importante ferramenta de ensino e aprendizagem para os nossos alunos\u201d, destacou o secret\u00e1rio Andr\u00e9 Goveia.<br><br>J\u00e1 a professora Carmem L\u00facia Dias de Oliveira, Coordenadora Pedag\u00f3gica do Centro de Refer\u00eancia do Projeto Leitura Viva, essa a\u00e7\u00e3o &nbsp;foi muito \u00fatil para a &nbsp;promo\u00e7\u00e3o e a intera\u00e7\u00e3o de saberes na diversidade cultural.<br><br>\u201cCom mais essa importante a\u00e7\u00e3o, o Centro de Refer\u00eancia do Projeto Leitura Viva, cumpre o seu papel de ser um espa\u00e7o liter\u00e1rio em que as crian\u00e7as&nbsp; &nbsp;vivenciam experi\u00eancias culturais e ao mesmo tempo, s\u00e3o estimuladas, de forma prazerosa, para o h\u00e1bito salutar da leitura\u201d, finalizou a professora Carmem.<\/p>\n\n\n\n<figure class=\"wp-block-image is-resized\"><img loading=\"lazy\" decoding=\"async\" src=\"http:\/\/n1to.com.br\/img\/uploads\/3_TOCANTINIA_16.jpg\" alt=\"\" width=\"836\" height=\"606\"\/><\/figure>\n\n\n\n<figure class=\"wp-block-image is-resized\"><img loading=\"lazy\" decoding=\"async\" src=\"http:\/\/n1to.com.br\/img\/uploads\/2_TOCANTINIA_16.jpg\" alt=\"\" width=\"838\" height=\"575\"\/><\/figure>\n\n\n\n<figure class=\"wp-block-image is-resized\"><img loading=\"lazy\" decoding=\"async\" src=\"http:\/\/n1to.com.br\/img\/uploads\/4_TOCANTINIA_8.jpg\" alt=\"\" width=\"832\" height=\"575\"\/><\/figure>\n\n\n\n<figure class=\"wp-block-image is-resized\"><img loading=\"lazy\" decoding=\"async\" src=\"http:\/\/n1to.com.br\/img\/uploads\/VINI_71.jpg\" alt=\"\" width=\"842\" height=\"254\"\/><\/figure>\n\n\n\n<figure class=\"wp-block-image size-large is-resized\"><img loading=\"lazy\" decoding=\"async\" src=\"https:\/\/focotocantinense.com.br\/wp-content\/uploads\/2023\/06\/5215c382-74e8-4be1-ae0e-821dde0eaaee-576x1024.jpg\" alt=\"\" class=\"wp-image-4918\" width=\"838\" height=\"1490\" srcset=\"https:\/\/focotocantinense.com.br\/wp-content\/uploads\/2023\/06\/5215c382-74e8-4be1-ae0e-821dde0eaaee-576x1024.jpg 576w, https:\/\/focotocantinense.com.br\/wp-content\/uploads\/2023\/06\/5215c382-74e8-4be1-ae0e-821dde0eaaee-169x300.jpg 169w, https:\/\/focotocantinense.com.br\/wp-content\/uploads\/2023\/06\/5215c382-74e8-4be1-ae0e-821dde0eaaee-768x1365.jpg 768w, https:\/\/focotocantinense.com.br\/wp-content\/uploads\/2023\/06\/5215c382-74e8-4be1-ae0e-821dde0eaaee-864x1536.jpg 864w, https:\/\/focotocantinense.com.br\/wp-content\/uploads\/2023\/06\/5215c382-74e8-4be1-ae0e-821dde0eaaee.jpg 900w\" sizes=\"auto, (max-width: 838px) 100vw, 838px\" \/><\/figure>\n","protected":false},"excerpt":{"rendered":"<p>Por Zacarias Martins Com a tem\u00e1tica \u201cMinha Regi\u00e3o\u201d, o Centro de Refer\u00eancia do Projeto Leitura Viva, ligado \u00e0 Secretaria Municipal de Educa\u00e7\u00e3o de Tocant\u00ednia \u2013 Semed, &nbsp;promoveu &nbsp;na manh\u00e3 desta quarta-feira, dia 31, uma roda de conversa com sanfoneiro, poeta e repentista Paulinho do Forr\u00f3, tendo como p\u00fablico-alvo, os alunos da Rede Municipal de Educa\u00e7\u00e3o.O &hellip;<\/p>\n","protected":false},"author":5,"featured_media":4916,"comment_status":"open","ping_status":"open","sticky":false,"template":"","format":"standard","meta":{"footnotes":""},"categories":[78],"tags":[],"class_list":["post-4915","post","type-post","status-publish","format-standard","has-post-thumbnail","","category-tocantinia"],"_links":{"self":[{"href":"https:\/\/focotocantinense.com.br\/index.php?rest_route=\/wp\/v2\/posts\/4915","targetHints":{"allow":["GET"]}}],"collection":[{"href":"https:\/\/focotocantinense.com.br\/index.php?rest_route=\/wp\/v2\/posts"}],"about":[{"href":"https:\/\/focotocantinense.com.br\/index.php?rest_route=\/wp\/v2\/types\/post"}],"author":[{"embeddable":true,"href":"https:\/\/focotocantinense.com.br\/index.php?rest_route=\/wp\/v2\/users\/5"}],"replies":[{"embeddable":true,"href":"https:\/\/focotocantinense.com.br\/index.php?rest_route=%2Fwp%2Fv2%2Fcomments&post=4915"}],"version-history":[{"count":2,"href":"https:\/\/focotocantinense.com.br\/index.php?rest_route=\/wp\/v2\/posts\/4915\/revisions"}],"predecessor-version":[{"id":4919,"href":"https:\/\/focotocantinense.com.br\/index.php?rest_route=\/wp\/v2\/posts\/4915\/revisions\/4919"}],"wp:featuredmedia":[{"embeddable":true,"href":"https:\/\/focotocantinense.com.br\/index.php?rest_route=\/wp\/v2\/media\/4916"}],"wp:attachment":[{"href":"https:\/\/focotocantinense.com.br\/index.php?rest_route=%2Fwp%2Fv2%2Fmedia&parent=4915"}],"wp:term":[{"taxonomy":"category","embeddable":true,"href":"https:\/\/focotocantinense.com.br\/index.php?rest_route=%2Fwp%2Fv2%2Fcategories&post=4915"},{"taxonomy":"post_tag","embeddable":true,"href":"https:\/\/focotocantinense.com.br\/index.php?rest_route=%2Fwp%2Fv2%2Ftags&post=4915"}],"curies":[{"name":"wp","href":"https:\/\/api.w.org\/{rel}","templated":true}]}}