{"id":4912,"date":"2023-05-31T19:24:50","date_gmt":"2023-05-31T22:24:50","guid":{"rendered":"https:\/\/focotocantinense.com.br\/?p=4912"},"modified":"2023-05-31T19:24:51","modified_gmt":"2023-05-31T22:24:51","slug":"governo-do-tocantins-avanca-na-construcao-da-ponte-de-porto-nacional-com-lancamento-de-vigas-e-finaliza-mais-de-65-da-maior-obra-de-infraestrutura-em-andamento-no-estado","status":"publish","type":"post","link":"https:\/\/focotocantinense.com.br\/?p=4912","title":{"rendered":"Governo do Tocantins avan\u00e7a na constru\u00e7\u00e3o da Ponte de Porto Nacional com lan\u00e7amento de vigas e finaliza mais de 65% da maior obra de infraestrutura em andamento no Estado"},"content":{"rendered":"\n<p>O Governo do Tocantins come\u00e7ou a instalar, no final deste m\u00eas de maio, mais vigas pr\u00e9-moldadas para dar continuidade nas obras de constru\u00e7\u00e3o da ponte sobre o Rio Tocantins entre os munic\u00edpios de Porto Nacional e F\u00e1tima. A obra recebeu investimento de R$ 149 milh\u00f5es do Governo Estadual em parceria com o Banco de Bras\u00edlia e est\u00e1 com mais de 65% de sua estrutura conclu\u00edda, sendo a maior obra de infraestrutura em andamento no Tocantins.<\/p>\n\n\n\n<p>\u201cA instala\u00e7\u00e3o dessas vigas demonstra a seriedade com que o nosso governo vem executando esta obra, que \u00e9 muito importante para a mobilidade dos portuenses, dos fatimenses e de todos que precisam daquela ponte, al\u00e9m do escoamento da produ\u00e7\u00e3o na regi\u00e3o central do Estado. Ela liga rodovias a outros transportes multimodais como a ferrovia e terminais portu\u00e1rios\u201d, afirma o governador do Tocantins, Wanderlei Barbosa, destacando a import\u00e2ncia da obra.<\/p>\n\n\n\n<p>Para o engenheiro da Ag\u00eancia Tocantinense de Transportes, Obras e Infraestrutura (Ageto), Celso de Oliveira, que tamb\u00e9m \u00e9 suplente da fiscaliza\u00e7\u00e3o do servi\u00e7o de constru\u00e7\u00e3o da ponte, a obra est\u00e1 bem adiantada, a funda\u00e7\u00e3o j\u00e1 est\u00e1 sendo finalizada e os pilares do lado de Porto Nacional j\u00e1 est\u00e3o todos prontos, faltando apenas o lan\u00e7amento das vigas pr\u00e9-moldadas. \u201cA fase de lan\u00e7amento de viga est\u00e1 programada para ser conclu\u00edda at\u00e9 a primeira quinzena de agosto, al\u00e9m da conclus\u00e3o do balan\u00e7o sucessivo, que liga a parte de Porto. Ficar\u00e1 faltando apenas o lado de F\u00e1tima, que tamb\u00e9m j\u00e1 est\u00e1 bastante adiantado\u201d.<\/p>\n\n\n\n<p>O engenheiro Douglas Pereira est\u00e1 \u00e0 frente das obras. Ele \u00e9 funcion\u00e1rio da Rivoli do Brasil SPA, empresa respons\u00e1vel por executar a constru\u00e7\u00e3o da ponte e destaca que, neste m\u00eas de junho, ser\u00e3o conclu\u00eddas todas as funda\u00e7\u00f5es da ponte sobre o&nbsp;Rio Tocantins e acrescenta que a funda\u00e7\u00e3o \u00e9 o elemento estrutural que transfere as cargas da ponte para o solo. &#8220;Devido \u00e0s cargas atuantes nessa ponte, foi necess\u00e1rio fazer alguns elementos circulares geometricamente parecidos com as colunas da edifica\u00e7\u00f5es, s\u00f3 que elas s\u00e3o escavadas e concretadas em solo\u201d, afirma.<\/p>\n\n\n\n<p>As funda\u00e7\u00f5es executadas nesta obra, al\u00e9m de terem uma profundidade m\u00e9dia de 30 metros, t\u00eam di\u00e2metro vari\u00e1vel entre 1,20 metro e 1,60 metro.&nbsp;Ser\u00e3o lan\u00e7adas um total de 90 vigas. \u201cNo momento, estamos executando as atividades de lan\u00e7amento das vigas pr\u00e9-moldadas. Essas vigas t\u00eam comprimento de 42 metros e um peso de cerca de 120 toneladas. Esta etapa executiva exige muito planejamento e recursos diferenciados para o transporte [Carreta Especial] e para o lan\u00e7amento com a Treli\u00e7a Lan\u00e7adeira [equipamento automotor capaz de vencer grandes v\u00e3os e com grande capacidade de suporte de cargas, utilizados em situa\u00e7\u00f5es de dif\u00edcil acesso em substitui\u00e7\u00e3o aos guindastes], requerendo uma aten\u00e7\u00e3o ainda maior devido \u00e0s curvas do acesso da ponte\u201d, ressalta Douglas Pereira.<\/p>\n\n\n\n<p>A estrutura de concreto da ponte que est\u00e1 sendo constru\u00edda sobre o Rio Tocantins possui 1.088 metros, al\u00e9m do encabe\u00e7amento de 200 metros de cada lado, totalizando 1.488 metros. \u201cEssa ponte tem dois p\u00f3rticos centrais em rio, cuja superestrutura \u00e9 composta por Balan\u00e7os Sucessivos, que permitem ter um v\u00e3o livre de 153 metros sem pilares e altura em rela\u00e7\u00e3o ao N.A. de 25 metros executada no intuito de atender um gabarito de navega\u00e7\u00e3o de 137 metros x 15 metros [pode-se observar a estrutura com 99% conclu\u00edda j\u00e1 do lado de Porto Nacional). Isso tamb\u00e9m \u00e9 algo que diferencia muito esta Obra de Arte Especial de outras pontes. Est\u00e1 sendo um privil\u00e9gio para a Rivoli do Brasil SPA contribuir com este momento hist\u00f3rico do Tocantins\u201d, refor\u00e7a o engenheiro Douglas Pereira.&nbsp;<\/p>\n\n\n\n<p>A ponte est\u00e1 sendo constru\u00edda como uma alternativa segura \u00e0 j\u00e1 existente ponte sobre o Rio Tocantins, constru\u00edda em 1970 e interditada parcialmente desde 2011. Atualmente, a travessia de ve\u00edculos pesados est\u00e1 sendo realizada por meio de balsa. A nova ponte est\u00e1 sendo aguardada com muita expectativa, sobretudo por parte dos caminhoneiros que precisam atravessar o rio. &#8220;Quanto antes a ponte ficar pronta, melhor ser\u00e1 para os moradores da regi\u00e3o. Deu para perceber que, neste ano, as obras avan\u00e7aram muito. Estou na expectativa de voltar a atravessar o rio sem precisar pegar balsa\u201d, ressalta o aut\u00f4nomo Manoel Bandeira.<\/p>\n\n\n\n<p>\u201cA obra est\u00e1 com um avan\u00e7o consider\u00e1vel. Estamos trabalhando a todo vapor. Quem tem acompanhado a obra, tem presenciado o bom desenvolvimento e const\u00e2ncia da obra em 2023. Estamos trabalhando para que, no in\u00edcio de 2024, estejamos com toda a ponte executada para poder dedicar aten\u00e7\u00e3o apenas ao revestimento, acabamento e sinaliza\u00e7\u00f5es\u201d, projeta o engenheiro Douglas Pereira.<\/p>\n\n\n\n<figure class=\"wp-block-image\"><img decoding=\"async\" src=\"https:\/\/central.to.gov.br\/image\/332347?w=670&amp;h=383\" alt=\"\"\/><\/figure>\n\n\n\n<p><em><strong>Estrutura de concreto da ponte que est\u00e1 sendo constru\u00edda sobre o Rio Tocantins possui 1.088 metros, al\u00e9m do encabe\u00e7amento de 200 metros de cada lado, totalizando uma ponte de 1.488 metros &#8211; Foto: Aldemar Ribeiro\/Governo do Tocantins&nbsp;<\/strong><\/em><\/p>\n\n\n\n<figure class=\"wp-block-image\"><img decoding=\"async\" src=\"http:\/\/n1to.com.br\/img\/uploads\/VINI_71.jpg\" alt=\"\"\/><\/figure>\n\n\n\n<figure class=\"wp-block-image is-resized\"><a href=\"https:\/\/www.sympla.com.br\/evento\/so-riso-show-de-humor-com-vinicius-martins\/1993535\" target=\"_blank\" rel=\"noreferrer noopener\"><img loading=\"lazy\" decoding=\"async\" src=\"https:\/\/www.n1to.com.br\/img\/cache\/380x280\/80\/crop\/Imagem-7b8519135c73e0ee4481a6848c67472d.png\" alt=\"\" width=\"837\" height=\"617\" title=\"S\u00d3 RISO SHOW DE HUMOR \"\/><\/a><\/figure>\n","protected":false},"excerpt":{"rendered":"<p>O Governo do Tocantins come\u00e7ou a instalar, no final deste m\u00eas de maio, mais vigas pr\u00e9-moldadas para dar continuidade nas obras de constru\u00e7\u00e3o da ponte sobre o Rio Tocantins entre os munic\u00edpios de Porto Nacional e F\u00e1tima. A obra recebeu investimento de R$ 149 milh\u00f5es do Governo Estadual em parceria com o Banco de Bras\u00edlia &hellip;<\/p>\n","protected":false},"author":5,"featured_media":4913,"comment_status":"open","ping_status":"open","sticky":false,"template":"","format":"standard","meta":{"footnotes":""},"categories":[46],"tags":[],"class_list":["post-4912","post","type-post","status-publish","format-standard","has-post-thumbnail","","category-porto_nacional"],"_links":{"self":[{"href":"https:\/\/focotocantinense.com.br\/index.php?rest_route=\/wp\/v2\/posts\/4912","targetHints":{"allow":["GET"]}}],"collection":[{"href":"https:\/\/focotocantinense.com.br\/index.php?rest_route=\/wp\/v2\/posts"}],"about":[{"href":"https:\/\/focotocantinense.com.br\/index.php?rest_route=\/wp\/v2\/types\/post"}],"author":[{"embeddable":true,"href":"https:\/\/focotocantinense.com.br\/index.php?rest_route=\/wp\/v2\/users\/5"}],"replies":[{"embeddable":true,"href":"https:\/\/focotocantinense.com.br\/index.php?rest_route=%2Fwp%2Fv2%2Fcomments&post=4912"}],"version-history":[{"count":1,"href":"https:\/\/focotocantinense.com.br\/index.php?rest_route=\/wp\/v2\/posts\/4912\/revisions"}],"predecessor-version":[{"id":4914,"href":"https:\/\/focotocantinense.com.br\/index.php?rest_route=\/wp\/v2\/posts\/4912\/revisions\/4914"}],"wp:featuredmedia":[{"embeddable":true,"href":"https:\/\/focotocantinense.com.br\/index.php?rest_route=\/wp\/v2\/media\/4913"}],"wp:attachment":[{"href":"https:\/\/focotocantinense.com.br\/index.php?rest_route=%2Fwp%2Fv2%2Fmedia&parent=4912"}],"wp:term":[{"taxonomy":"category","embeddable":true,"href":"https:\/\/focotocantinense.com.br\/index.php?rest_route=%2Fwp%2Fv2%2Fcategories&post=4912"},{"taxonomy":"post_tag","embeddable":true,"href":"https:\/\/focotocantinense.com.br\/index.php?rest_route=%2Fwp%2Fv2%2Ftags&post=4912"}],"curies":[{"name":"wp","href":"https:\/\/api.w.org\/{rel}","templated":true}]}}