{"id":4903,"date":"2023-05-30T17:01:40","date_gmt":"2023-05-30T20:01:40","guid":{"rendered":"https:\/\/focotocantinense.com.br\/?p=4903"},"modified":"2023-05-30T17:01:41","modified_gmt":"2023-05-30T20:01:41","slug":"festejo-de-santo-antonio-padroeiro-de-gurupi-comeca-nesta-quarta","status":"publish","type":"post","link":"https:\/\/focotocantinense.com.br\/?p=4903","title":{"rendered":"Festejo de Santo Ant\u00f4nio, padroeiro de Gurupi, come\u00e7a nesta quarta"},"content":{"rendered":"\n<p>Come\u00e7a nesta quarta-feira, 31, o 63\u00ba Festejo de Santo Ant\u00f4nio, padroeiro de Gurupi. Com o tema: \u201cSanto Ant\u00f4nio, com sua intercess\u00e3o ajude-nos a reavivar o Esp\u00edrito de Cristo em n\u00f3s para que busquemos: a comunh\u00e3o, participa\u00e7\u00e3o e miss\u00e3o\u201d, o festejo segue at\u00e9 13 de junho, dia dedicado ao Santo.<\/p>\n\n\n\n<p>A programa\u00e7\u00e3o come\u00e7a cedo com o alvorada e a noite a partir das 18h30, tem prociss\u00e3o do mastro e logo em seguida acontece a Santa Missa.<\/p>\n\n\n\n<p>\u201c\u00c9 uma festa muito aben\u00e7oada, porque re\u00fane os devotos de Santo Ant\u00f4nio que confiam na sua intercess\u00e3o junto a Jesus Cristo. Eu espero que as pessoas que participarem da trezena recebam, com a intercess\u00e3o de Santo Ant\u00f4nio, muitas b\u00ean\u00e7\u00e3os para suas vidas, suas fam\u00edlias e seus trabalhos. Que Santo Ant\u00f4nio continue intercedendo por todos n\u00f3s\u201d, afirmou o padre Deusimar Correia Dias.<\/p>\n\n\n\n<p>Durante as 13 noites tem programa\u00e7\u00e3o variada para toda fam\u00edlia, cada noite com um tema diferente. As missas ser\u00e3o celebradas sempre a partir das 19h30 e logo ap\u00f3s tem quermesse com vendas de comidas t\u00edpicas e os tradicionais leil\u00f5es.<\/p>\n\n\n\n<figure class=\"wp-block-image\"><img decoding=\"async\" src=\"https:\/\/donattus.com.br\/wp-content\/uploads\/2023\/05\/Programacao-Festejo-de-Santo-Antonio-em-Gurupi-2.jpeg\" alt=\"\" class=\"wp-image-15634\"\/><\/figure>\n\n\n\n<figure class=\"wp-block-image is-resized\"><img loading=\"lazy\" decoding=\"async\" src=\"http:\/\/n1to.com.br\/img\/uploads\/VINI_71.jpg\" alt=\"\" width=\"837\" height=\"252\"\/><\/figure>\n","protected":false},"excerpt":{"rendered":"<p>Come\u00e7a nesta quarta-feira, 31, o 63\u00ba Festejo de Santo Ant\u00f4nio, padroeiro de Gurupi. Com o tema: \u201cSanto Ant\u00f4nio, com sua intercess\u00e3o ajude-nos a reavivar o Esp\u00edrito de Cristo em n\u00f3s para que busquemos: a comunh\u00e3o, participa\u00e7\u00e3o e miss\u00e3o\u201d, o festejo segue at\u00e9 13 de junho, dia dedicado ao Santo. A programa\u00e7\u00e3o come\u00e7a cedo com o &hellip;<\/p>\n","protected":false},"author":5,"featured_media":4905,"comment_status":"open","ping_status":"open","sticky":false,"template":"","format":"standard","meta":{"footnotes":""},"categories":[38],"tags":[],"class_list":["post-4903","post","type-post","status-publish","format-standard","has-post-thumbnail","","category-gurupi"],"_links":{"self":[{"href":"https:\/\/focotocantinense.com.br\/index.php?rest_route=\/wp\/v2\/posts\/4903","targetHints":{"allow":["GET"]}}],"collection":[{"href":"https:\/\/focotocantinense.com.br\/index.php?rest_route=\/wp\/v2\/posts"}],"about":[{"href":"https:\/\/focotocantinense.com.br\/index.php?rest_route=\/wp\/v2\/types\/post"}],"author":[{"embeddable":true,"href":"https:\/\/focotocantinense.com.br\/index.php?rest_route=\/wp\/v2\/users\/5"}],"replies":[{"embeddable":true,"href":"https:\/\/focotocantinense.com.br\/index.php?rest_route=%2Fwp%2Fv2%2Fcomments&post=4903"}],"version-history":[{"count":1,"href":"https:\/\/focotocantinense.com.br\/index.php?rest_route=\/wp\/v2\/posts\/4903\/revisions"}],"predecessor-version":[{"id":4906,"href":"https:\/\/focotocantinense.com.br\/index.php?rest_route=\/wp\/v2\/posts\/4903\/revisions\/4906"}],"wp:featuredmedia":[{"embeddable":true,"href":"https:\/\/focotocantinense.com.br\/index.php?rest_route=\/wp\/v2\/media\/4905"}],"wp:attachment":[{"href":"https:\/\/focotocantinense.com.br\/index.php?rest_route=%2Fwp%2Fv2%2Fmedia&parent=4903"}],"wp:term":[{"taxonomy":"category","embeddable":true,"href":"https:\/\/focotocantinense.com.br\/index.php?rest_route=%2Fwp%2Fv2%2Fcategories&post=4903"},{"taxonomy":"post_tag","embeddable":true,"href":"https:\/\/focotocantinense.com.br\/index.php?rest_route=%2Fwp%2Fv2%2Ftags&post=4903"}],"curies":[{"name":"wp","href":"https:\/\/api.w.org\/{rel}","templated":true}]}}