{"id":4894,"date":"2023-05-30T11:24:10","date_gmt":"2023-05-30T14:24:10","guid":{"rendered":"https:\/\/focotocantinense.com.br\/?p=4894"},"modified":"2023-05-30T11:27:07","modified_gmt":"2023-05-30T14:27:07","slug":"acao-faca-bonito-de-protecao-as-criancas-chega-em-escola-municipal-de-tocantinia","status":"publish","type":"post","link":"https:\/\/focotocantinense.com.br\/?p=4894","title":{"rendered":"A\u00e7\u00e3o Fa\u00e7a Bonito de prote\u00e7\u00e3o \u00e0s crian\u00e7as chega em escola municipal de Tocant\u00ednia"},"content":{"rendered":"\n<p>Numa promo\u00e7\u00e3o conjunta da Secretaria Municipal de Educa\u00e7\u00e3o (Semed) e Secretaria Municipal de Assist\u00eancia Social de Tocant\u00ednia, a Escola Municipal de Educa\u00e7\u00e3o Infantil Tereza Hil\u00e1rio Ribeiro, foi realizada nesta segunda-feira (29) a a\u00e7\u00e3o Fa\u00e7a Bonito, proteja nossas crian\u00e7as, relacionada \u00e0&nbsp; campanha Maio Laranja.<\/p>\n\n\n\n<p>\u00c0 frente dessa a\u00e7\u00e3o estavam a \u00a0coordenadora da Rede de Prote\u00e7\u00e3o e Enfrentamento \u00e0 Viol\u00eancia de Tocant\u00ednia, Ragleide Alves da Silva e a psic\u00f3loga do Centro de Refer\u00eancia da Assist\u00eancia Social (CRAS), Camila Magalh\u00e3es, com \u00a0intuito de fortalecer a rede de \u00a0prote\u00e7\u00e3o\u00a0 e\u00a0 intensificar os cuidados \u00a0\u00e0s nossas crian\u00e7as \u00a0por meio da din\u00e2mica do sem\u00e1foro do \u201ctoque sim\u00a0\u00a0 e toque n\u00e3o\u201d e que trouxe muitos ensinamentos \u00e0s crian\u00e7as da Institui\u00e7\u00e3o.<\/p>\n\n\n\n<figure class=\"wp-block-image size-full is-resized is-style-default\"><img loading=\"lazy\" decoding=\"async\" src=\"https:\/\/focotocantinense.com.br\/wp-content\/uploads\/2023\/05\/VINI-2.jpg\" alt=\"\" class=\"wp-image-4885\" width=\"364\" height=\"110\" srcset=\"https:\/\/focotocantinense.com.br\/wp-content\/uploads\/2023\/05\/VINI-2.jpg 640w, https:\/\/focotocantinense.com.br\/wp-content\/uploads\/2023\/05\/VINI-2-300x90.jpg 300w\" sizes=\"auto, (max-width: 364px) 100vw, 364px\" \/><\/figure>\n\n\n\n<figure class=\"wp-block-image size-large is-resized\"><img loading=\"lazy\" decoding=\"async\" src=\"https:\/\/focotocantinense.com.br\/wp-content\/uploads\/2023\/05\/aaaaaaaaaaaaaaa-1024x652.jpg\" alt=\"\" class=\"wp-image-4895\" width=\"368\" height=\"234\" srcset=\"https:\/\/focotocantinense.com.br\/wp-content\/uploads\/2023\/05\/aaaaaaaaaaaaaaa-1024x652.jpg 1024w, https:\/\/focotocantinense.com.br\/wp-content\/uploads\/2023\/05\/aaaaaaaaaaaaaaa-300x191.jpg 300w, https:\/\/focotocantinense.com.br\/wp-content\/uploads\/2023\/05\/aaaaaaaaaaaaaaa-768x489.jpg 768w, https:\/\/focotocantinense.com.br\/wp-content\/uploads\/2023\/05\/aaaaaaaaaaaaaaa-1536x978.jpg 1536w, https:\/\/focotocantinense.com.br\/wp-content\/uploads\/2023\/05\/aaaaaaaaaaaaaaa.jpg 1600w\" sizes=\"auto, (max-width: 368px) 100vw, 368px\" \/><\/figure>\n\n\n\n<figure class=\"wp-block-image size-large\"><img loading=\"lazy\" decoding=\"async\" width=\"1024\" height=\"668\" src=\"https:\/\/focotocantinense.com.br\/wp-content\/uploads\/2023\/05\/CCCC-1024x668.jpg\" alt=\"\" class=\"wp-image-4899\" srcset=\"https:\/\/focotocantinense.com.br\/wp-content\/uploads\/2023\/05\/CCCC-1024x668.jpg 1024w, https:\/\/focotocantinense.com.br\/wp-content\/uploads\/2023\/05\/CCCC-300x196.jpg 300w, https:\/\/focotocantinense.com.br\/wp-content\/uploads\/2023\/05\/CCCC-768x501.jpg 768w, https:\/\/focotocantinense.com.br\/wp-content\/uploads\/2023\/05\/CCCC-1536x1002.jpg 1536w, https:\/\/focotocantinense.com.br\/wp-content\/uploads\/2023\/05\/CCCC.jpg 1600w\" sizes=\"auto, (max-width: 1024px) 100vw, 1024px\" \/><\/figure>\n\n\n\n<figure class=\"wp-block-image size-large is-resized\"><img loading=\"lazy\" decoding=\"async\" src=\"https:\/\/focotocantinense.com.br\/wp-content\/uploads\/2023\/05\/5215c382-74e8-4be1-ae0e-821dde0eaaee-5-576x1024.jpg\" alt=\"\" class=\"wp-image-4900\" width=\"837\" height=\"1488\" srcset=\"https:\/\/focotocantinense.com.br\/wp-content\/uploads\/2023\/05\/5215c382-74e8-4be1-ae0e-821dde0eaaee-5-576x1024.jpg 576w, https:\/\/focotocantinense.com.br\/wp-content\/uploads\/2023\/05\/5215c382-74e8-4be1-ae0e-821dde0eaaee-5-169x300.jpg 169w, https:\/\/focotocantinense.com.br\/wp-content\/uploads\/2023\/05\/5215c382-74e8-4be1-ae0e-821dde0eaaee-5-768x1365.jpg 768w, https:\/\/focotocantinense.com.br\/wp-content\/uploads\/2023\/05\/5215c382-74e8-4be1-ae0e-821dde0eaaee-5-864x1536.jpg 864w, https:\/\/focotocantinense.com.br\/wp-content\/uploads\/2023\/05\/5215c382-74e8-4be1-ae0e-821dde0eaaee-5.jpg 900w\" sizes=\"auto, (max-width: 837px) 100vw, 837px\" \/><\/figure>\n","protected":false},"excerpt":{"rendered":"<p>Numa promo\u00e7\u00e3o conjunta da Secretaria Municipal de Educa\u00e7\u00e3o (Semed) e Secretaria Municipal de Assist\u00eancia Social de Tocant\u00ednia, a Escola Municipal de Educa\u00e7\u00e3o Infantil Tereza Hil\u00e1rio Ribeiro, foi realizada nesta segunda-feira (29) a a\u00e7\u00e3o Fa\u00e7a Bonito, proteja nossas crian\u00e7as, relacionada \u00e0&nbsp; campanha Maio Laranja. \u00c0 frente dessa a\u00e7\u00e3o estavam a \u00a0coordenadora da Rede de Prote\u00e7\u00e3o e &hellip;<\/p>\n","protected":false},"author":5,"featured_media":4895,"comment_status":"open","ping_status":"open","sticky":false,"template":"","format":"standard","meta":{"footnotes":""},"categories":[78],"tags":[],"class_list":["post-4894","post","type-post","status-publish","format-standard","has-post-thumbnail","","category-tocantinia"],"_links":{"self":[{"href":"https:\/\/focotocantinense.com.br\/index.php?rest_route=\/wp\/v2\/posts\/4894","targetHints":{"allow":["GET"]}}],"collection":[{"href":"https:\/\/focotocantinense.com.br\/index.php?rest_route=\/wp\/v2\/posts"}],"about":[{"href":"https:\/\/focotocantinense.com.br\/index.php?rest_route=\/wp\/v2\/types\/post"}],"author":[{"embeddable":true,"href":"https:\/\/focotocantinense.com.br\/index.php?rest_route=\/wp\/v2\/users\/5"}],"replies":[{"embeddable":true,"href":"https:\/\/focotocantinense.com.br\/index.php?rest_route=%2Fwp%2Fv2%2Fcomments&post=4894"}],"version-history":[{"count":5,"href":"https:\/\/focotocantinense.com.br\/index.php?rest_route=\/wp\/v2\/posts\/4894\/revisions"}],"predecessor-version":[{"id":4902,"href":"https:\/\/focotocantinense.com.br\/index.php?rest_route=\/wp\/v2\/posts\/4894\/revisions\/4902"}],"wp:featuredmedia":[{"embeddable":true,"href":"https:\/\/focotocantinense.com.br\/index.php?rest_route=\/wp\/v2\/media\/4895"}],"wp:attachment":[{"href":"https:\/\/focotocantinense.com.br\/index.php?rest_route=%2Fwp%2Fv2%2Fmedia&parent=4894"}],"wp:term":[{"taxonomy":"category","embeddable":true,"href":"https:\/\/focotocantinense.com.br\/index.php?rest_route=%2Fwp%2Fv2%2Fcategories&post=4894"},{"taxonomy":"post_tag","embeddable":true,"href":"https:\/\/focotocantinense.com.br\/index.php?rest_route=%2Fwp%2Fv2%2Ftags&post=4894"}],"curies":[{"name":"wp","href":"https:\/\/api.w.org\/{rel}","templated":true}]}}