{"id":4887,"date":"2023-05-29T12:51:22","date_gmt":"2023-05-29T15:51:22","guid":{"rendered":"https:\/\/focotocantinense.com.br\/?p=4887"},"modified":"2023-05-29T12:52:18","modified_gmt":"2023-05-29T15:52:18","slug":"na-estonia-wanderlei-barbosa-busca-novas-tecnologias-para-melhorar-servicos-publicos","status":"publish","type":"post","link":"https:\/\/focotocantinense.com.br\/?p=4887","title":{"rendered":"Na Est\u00f4nia, Wanderlei Barbosa busca novas tecnologias para melhorar servi\u00e7os p\u00fablicos"},"content":{"rendered":"\n<p>Visando ampliar as frentes de inova\u00e7\u00e3o em tecnologia na esfera p\u00fablica, o governador Wanderlei Barbosa \u00e9 o primeiro gestor do Tocantins a participar da E-Governance Conference, um dos maiores eventos sobre transforma\u00e7\u00e3o digital p\u00fablica, realizado em Tallinn, capital da Est\u00f4nia. O encontro re\u00fane lideran\u00e7as de todo o mundo e teve in\u00edcio nesse domingo, 28, seguindo at\u00e9 esta ter\u00e7a-feira, 30.<\/p>\n\n\n\n<p>Ciente da realidade do Tocantins, no que se refere a tecnologia, o governador Wanderlei Barbosa ressaltou na abertura do encontro a necessidade de representar o Estado no evento internacional, pontuando o quanto as inova\u00e7\u00f5es podem ser pensadas e adaptadas de acordo com pautas pertinentes \u00e0 gest\u00e3o p\u00fablica. &nbsp;\u201cViemos para este compromisso buscando levar tecnologia para o Tocantins. Acompanhando as palestras, podemos ter uma no\u00e7\u00e3o do que de fato queremos, e afirmamos que al\u00e9m de pensar na modernidade, pensamos tamb\u00e9m em outras \u00e1reas que ganham com tudo isso, como por exemplo, o meio ambiente. Isso pode ocorrer com redu\u00e7\u00e3o do uso de papel nas reparti\u00e7\u00f5es p\u00fablicas do Estado\u201d, pontuou o Governador, analisando a possibilidade de digitalizar servi\u00e7os burocr\u00e1ticos para o p\u00fablico interno e externo do Estado.<\/p>\n\n\n\n<p><strong>Est\u00f4nia refer\u00eancia digital<\/strong><\/p>\n\n\n\n<p>A Est\u00f4nia \u00e9 conhecida mundialmente por sua experi\u00eancia em governo digital, sendo considerada um exemplo de sucesso na implanta\u00e7\u00e3o de sistemas eletr\u00f4nicos para a presta\u00e7\u00e3o de servi\u00e7os p\u00fablicos e transa\u00e7\u00f5es on-line no setor p\u00fablico. O pa\u00eds do norte europeu concentra aten\u00e7\u00e3o de v\u00e1rios pa\u00edses do globo por conta de in\u00fameras realiza\u00e7\u00f5es, como seu ecossistema de governo digital que oferece 99% dos servi\u00e7os p\u00fablicos on-line, o sistema tribut\u00e1rio mais competitivo do mundo pelo nono ano consecutivo (OCDE), o melhor sistema educacional do mundo ocidental e a maior quantidade de startups unic\u00f3rnio (empresas de tecnologia privadas avaliadas em mais de um bilh\u00e3o de d\u00f3lares antes de abrir seu capital em bolsas de valores) &nbsp;per capita na Europa.<\/p>\n\n\n\n<p>Ap\u00f3s o primeiro compromisso que ocorreu nesse domingo, 28, a equipe do Governo do Tocantins segue um cronograma de programa\u00e7\u00e3o nesta segunda-feira, 29, com palestra e-Est\u00f4nia &#8220;O pa\u00eds mais digital do mundo na pr\u00e1tica\u201d. Depois, realiza visita ao \u00dclemiste (o bairro inteligente estoniano), a Prefeitura de Tallinn (na perspectiva da gest\u00e3o p\u00fablica e empresarial) e tamb\u00e9m o Centro de Ciberseguran\u00e7a da&nbsp;Organiza\u00e7\u00e3o do Tratado do Atl\u00e2ntico Norte (Otan).&nbsp;<\/p>\n\n\n\n<p>O embaixador do Brasil na Est\u00f4nia, Jos\u00e9 Ant\u00f4nio Piras, destacou a necessidade de discuss\u00f5es sobre as adapta\u00e7\u00f5es tecnol\u00f3gicas, sobretudo nas melhorias e celeridade de servi\u00e7os, al\u00e9m da redu\u00e7\u00e3o de gastos. \u201cV\u00e1rios eventos s\u00e3o realizados sobre a tem\u00e1tica e isso ajuda muito a potencializar as tecnologias em reparti\u00e7\u00f5es p\u00fablicas, fomentando o PIB de v\u00e1rios pa\u00edses\u201d, pontua.<\/p>\n\n\n\n<p>Para Joosep Vimm, pol\u00edtico local da Est\u00f4nia, a participa\u00e7\u00e3o do Brasil no evento mostra o quanto \u00e9 necess\u00e1rio o interc\u00e2mbio entre pa\u00edses, principalmente quando se apresentam as propostas e os feitos da Est\u00f4nia no \u00e2mbito da digitaliza\u00e7\u00e3o. &#8220;Constru\u00edmos um pa\u00eds digital h\u00e1 30 anos e sabemos que isso n\u00e3o se limita apenas \u00e0 administra\u00e7\u00e3o estadual, mas beneficia o povo e facilita a vida das pessoas. Fico feliz em dividir a nossa experi\u00eancia, o que j\u00e1 fizemos, ajudando agora os outros a estar no mesmo patamar\u201d, frisou Joosep.<\/p>\n\n\n\n<p><strong>E-Governance Conference<\/strong><\/p>\n\n\n\n<p>O The E-Governance Conference \u00e9 um evento anual organizado pela e-GovernanceAcademy desde 2015. \u00c9 apoiado pelo Minist\u00e9rio das Rela\u00e7\u00f5es Exteriores da Est\u00f4nia e co-financiado pelos fundos de coopera\u00e7\u00e3o para o desenvolvimento e ajuda humanit\u00e1ria.<\/p>\n\n\n\n<p>Os principais temas abordados durante a imers\u00e3o s\u00e3o: Governo Digital, Servi\u00e7os P\u00fablicos Digitais, Identidade Digital, Portal do Cidad\u00e3o, Interoperabilidade, Ciberseguran\u00e7a, Intelig\u00eancia Artificial e inova\u00e7\u00f5es no Setor Governamental.<\/p>\n\n\n\n<figure class=\"wp-block-image size-full is-resized\"><img loading=\"lazy\" decoding=\"async\" src=\"https:\/\/focotocantinense.com.br\/wp-content\/uploads\/2023\/05\/aaa-13.jpg\" alt=\"\" class=\"wp-image-4888\" width=\"840\" height=\"439\" srcset=\"https:\/\/focotocantinense.com.br\/wp-content\/uploads\/2023\/05\/aaa-13.jpg 993w, https:\/\/focotocantinense.com.br\/wp-content\/uploads\/2023\/05\/aaa-13-300x157.jpg 300w, https:\/\/focotocantinense.com.br\/wp-content\/uploads\/2023\/05\/aaa-13-768x402.jpg 768w\" sizes=\"auto, (max-width: 840px) 100vw, 840px\" \/><\/figure>\n\n\n\n<figure class=\"wp-block-image size-large is-resized\"><img loading=\"lazy\" decoding=\"async\" src=\"https:\/\/focotocantinense.com.br\/wp-content\/uploads\/2023\/05\/5215c382-74e8-4be1-ae0e-821dde0eaaee-4-576x1024.jpg\" alt=\"\" class=\"wp-image-4889\" width=\"835\" height=\"1484\" srcset=\"https:\/\/focotocantinense.com.br\/wp-content\/uploads\/2023\/05\/5215c382-74e8-4be1-ae0e-821dde0eaaee-4-576x1024.jpg 576w, https:\/\/focotocantinense.com.br\/wp-content\/uploads\/2023\/05\/5215c382-74e8-4be1-ae0e-821dde0eaaee-4-169x300.jpg 169w, https:\/\/focotocantinense.com.br\/wp-content\/uploads\/2023\/05\/5215c382-74e8-4be1-ae0e-821dde0eaaee-4-768x1365.jpg 768w, https:\/\/focotocantinense.com.br\/wp-content\/uploads\/2023\/05\/5215c382-74e8-4be1-ae0e-821dde0eaaee-4-864x1536.jpg 864w, https:\/\/focotocantinense.com.br\/wp-content\/uploads\/2023\/05\/5215c382-74e8-4be1-ae0e-821dde0eaaee-4.jpg 900w\" sizes=\"auto, (max-width: 835px) 100vw, 835px\" \/><\/figure>\n","protected":false},"excerpt":{"rendered":"<p>Visando ampliar as frentes de inova\u00e7\u00e3o em tecnologia na esfera p\u00fablica, o governador Wanderlei Barbosa \u00e9 o primeiro gestor do Tocantins a participar da E-Governance Conference, um dos maiores eventos sobre transforma\u00e7\u00e3o digital p\u00fablica, realizado em Tallinn, capital da Est\u00f4nia. O encontro re\u00fane lideran\u00e7as de todo o mundo e teve in\u00edcio nesse domingo, 28, seguindo &hellip;<\/p>\n","protected":false},"author":5,"featured_media":4888,"comment_status":"open","ping_status":"open","sticky":false,"template":"","format":"standard","meta":{"footnotes":""},"categories":[40],"tags":[],"class_list":["post-4887","post","type-post","status-publish","format-standard","has-post-thumbnail","","category-politica"],"_links":{"self":[{"href":"https:\/\/focotocantinense.com.br\/index.php?rest_route=\/wp\/v2\/posts\/4887","targetHints":{"allow":["GET"]}}],"collection":[{"href":"https:\/\/focotocantinense.com.br\/index.php?rest_route=\/wp\/v2\/posts"}],"about":[{"href":"https:\/\/focotocantinense.com.br\/index.php?rest_route=\/wp\/v2\/types\/post"}],"author":[{"embeddable":true,"href":"https:\/\/focotocantinense.com.br\/index.php?rest_route=\/wp\/v2\/users\/5"}],"replies":[{"embeddable":true,"href":"https:\/\/focotocantinense.com.br\/index.php?rest_route=%2Fwp%2Fv2%2Fcomments&post=4887"}],"version-history":[{"count":4,"href":"https:\/\/focotocantinense.com.br\/index.php?rest_route=\/wp\/v2\/posts\/4887\/revisions"}],"predecessor-version":[{"id":4893,"href":"https:\/\/focotocantinense.com.br\/index.php?rest_route=\/wp\/v2\/posts\/4887\/revisions\/4893"}],"wp:featuredmedia":[{"embeddable":true,"href":"https:\/\/focotocantinense.com.br\/index.php?rest_route=\/wp\/v2\/media\/4888"}],"wp:attachment":[{"href":"https:\/\/focotocantinense.com.br\/index.php?rest_route=%2Fwp%2Fv2%2Fmedia&parent=4887"}],"wp:term":[{"taxonomy":"category","embeddable":true,"href":"https:\/\/focotocantinense.com.br\/index.php?rest_route=%2Fwp%2Fv2%2Fcategories&post=4887"},{"taxonomy":"post_tag","embeddable":true,"href":"https:\/\/focotocantinense.com.br\/index.php?rest_route=%2Fwp%2Fv2%2Ftags&post=4887"}],"curies":[{"name":"wp","href":"https:\/\/api.w.org\/{rel}","templated":true}]}}