{"id":4883,"date":"2023-05-27T11:33:24","date_gmt":"2023-05-27T14:33:24","guid":{"rendered":"https:\/\/focotocantinense.com.br\/?p=4883"},"modified":"2023-05-27T11:34:16","modified_gmt":"2023-05-27T14:34:16","slug":"instituto-presbiteriano-araguaia-e-homenageado-pelos-60-anos-de-contribuicao-a-sociedade-gurupiense","status":"publish","type":"post","link":"https:\/\/focotocantinense.com.br\/?p=4883","title":{"rendered":"Instituto Presbiteriano Araguaia \u00e9 homenageado pelos 60 anos de contribui\u00e7\u00e3o \u00e0 sociedade gurupiense"},"content":{"rendered":"\n<p><strong>Por Jonas Amaral<\/strong><\/p>\n\n\n\n<p>Na noite de sexta-feira, dia 26 de maio, o Plen\u00e1rio da C\u00e2mara Municipal de Gurupi foi palco de uma solenidade memor\u00e1vel para homenagear o Instituto Presbiteriano Araguaia (IPA) pelos seus 60 anos de dedica\u00e7\u00e3o \u00e0 comunidade local e regi\u00e3o. A Mo\u00e7\u00e3o de Aplausos foi idealizada pelo vereador Zezinho da Lafiche, e diversas lideran\u00e7as pol\u00edticas e religiosas estiveram presentes no evento.<\/p>\n\n\n\n<p><strong><em>Homenageados<\/em><\/strong><\/p>\n\n\n\n<p>Durante a solenidade, ainda foi conferido um Diploma de Honra ao M\u00e9rito a pessoas que tiveram e tem relevante atua\u00e7\u00e3o em prol do IPA, contribuindo para a educa\u00e7\u00e3o e desenvolvimento da popula\u00e7\u00e3o de Gurupi. Os homenageados foram Maria Santos Belle \u2013 ex-servidora aposentada, Adriana Beatriz Martins Lemes \u2013 atual gestora, Dr. Joaquim Pereira da Costa J\u00fanior \u2013 ex-aluno da institui\u00e7\u00e3o, Levy Borges Le\u00e3o \u2013 servidor, Pr. Wagner Nunes Machado \u2013 dirigente da 2\u00aa IPG, Pr. Thiago Luiz Dancona \u2013 presidente da 1\u00aa IPG, Pr. Guilherme Graciano \u2013 Dirigente da Congrega\u00e7\u00e3o da 1\u00aa IPG Waldir Lins, e Celina Souza Morais, representada pela professora Ana Paula Ferreira Maia.<\/p>\n\n\n\n<figure class=\"wp-block-image size-full is-resized\"><img loading=\"lazy\" decoding=\"async\" src=\"https:\/\/focotocantinense.com.br\/wp-content\/uploads\/2023\/05\/VINI-2.jpg\" alt=\"\" class=\"wp-image-4885\" width=\"338\" height=\"102\" srcset=\"https:\/\/focotocantinense.com.br\/wp-content\/uploads\/2023\/05\/VINI-2.jpg 640w, https:\/\/focotocantinense.com.br\/wp-content\/uploads\/2023\/05\/VINI-2-300x90.jpg 300w\" sizes=\"auto, (max-width: 338px) 100vw, 338px\" \/><\/figure>\n\n\n\n<figure class=\"wp-block-image\"><img decoding=\"async\" src=\"https:\/\/portaldoamaral.com.br\/wp-content\/uploads\/2023\/05\/F.jpg\" alt=\"\" class=\"wp-image-135496\"\/><\/figure>\n\n\n\n<p id=\"caption-attachment-135496\"><strong><em>Pastor Thiago Luiz Dancona \u2013 Pastor da 1\u00aa Igreja Presbiteriano de Gurupi e Presidente do Conselho Deliberativo do IPA<\/em><\/strong><\/p>\n\n\n\n<p><strong><em>Import\u00e2ncia da homenagem<\/em><\/strong><\/p>\n\n\n\n<p>Conselheiro Tutelar Lauro Marques da Silva J\u00fanior, ex-aluno e filho da ex-servidora Ver\u00edssima de Queiroz Silva (in-mem\u00f3riam), destacou a import\u00e2ncia da celebra\u00e7\u00e3o dos 60 anos do col\u00e9gio presbiteriano, ressaltando o orgulho de participar da Mo\u00e7\u00e3o de Aplausos idealizada pelo vereador Zezinho da Lafiche. Durante a solenidade, ele realizou a leitura do Salmo 23, demonstrando seu apre\u00e7o pela institui\u00e7\u00e3o onde estudou.<\/p>\n\n\n\n<p><strong><em>Atua\u00e7\u00e3o de 32 anos<\/em><\/strong><\/p>\n\n\n\n<p>A professora Maria Santos Belle, que trabalhou no IPA por 32 anos, expressou sua gratid\u00e3o pela homenagem recebida, enfatizando o amor que tem pela escola e seu papel na forma\u00e7\u00e3o dos alunos. Ela ressaltou que muitos dos seus ex-alunos hoje ocupam cargos bastante relevantes, evidenciando a relev\u00e2ncia do IPA para Gurupi.<\/p>\n\n\n<div class=\"wp-block-image\">\n<figure class=\"aligncenter\"><img decoding=\"async\" src=\"https:\/\/portaldoamaral.com.br\/wp-content\/uploads\/2023\/05\/7.jpg\" alt=\"\" class=\"wp-image-135506\"\/><\/figure>\n<\/div>\n\n\n<p><strong><em>Fundamentada em valores crist\u00e3os<\/em><\/strong><\/p>\n\n\n\n<p>O pastor Thiago Dancona, presidente da 1\u00aa Igreja Presbiteriana de Gurupi e do Conselho Deliberativo do Instituto Presbiteriano Araguaia, expressou sua profunda gratid\u00e3o e emo\u00e7\u00e3o diante da significativa homenagem concedida \u00e0 institui\u00e7\u00e3o. Em suas palavras, ele destacou:&nbsp;<em>\u201cRecebemos com imensa alegria e gratid\u00e3o essa Mo\u00e7\u00e3o de Aplausos em reconhecimento aos 60 anos de dedica\u00e7\u00e3o do Instituto Presbiteriano Araguaia \u00e0 nossa cidade de Gurupi. \u00c9 uma honra fazer parte dessa hist\u00f3ria e testemunhar como a educa\u00e7\u00e3o, fundamentada em valores crist\u00e3os, tem transformado vidas ao longo das d\u00e9cadas\u201d,&nbsp;<\/em>comentou.<\/p>\n\n\n\n<figure class=\"wp-block-image\"><img decoding=\"async\" src=\"https:\/\/portaldoamaral.com.br\/wp-content\/uploads\/2023\/05\/01.jpeg\" alt=\"\" class=\"wp-image-135486\"\/><\/figure>\n\n\n\n<p id=\"caption-attachment-135486\"><strong><em>Adriana Beatriz Martins Lemes \u2013 Diretora do IPA.<\/em><\/strong><\/p>\n\n\n\n<p><strong><em>Liga\u00e7\u00e3o profunda com o col\u00e9gio<\/em><\/strong><\/p>\n\n\n\n<p>A professora Ana Paula Ferreira Maia, Assessora Regional de Gest\u00e3o Pedag\u00f3gica e Educacional, e ex-diretora da Institui\u00e7\u00e3o, ressaltou a import\u00e2ncia do IPA na hist\u00f3ria de Gurupi e na vida das pessoas que passaram e passam pela institui\u00e7\u00e3o. Ela destacou que sua fam\u00edlia tem uma liga\u00e7\u00e3o profunda com o col\u00e9gio, com seus filhos e esposo tendo estudado l\u00e1.<\/p>\n\n\n\n<figure class=\"wp-block-image\"><img decoding=\"async\" src=\"https:\/\/portaldoamaral.com.br\/wp-content\/uploads\/2023\/05\/5.jpg\" alt=\"\" class=\"wp-image-135508\"\/><\/figure>\n\n\n\n<p id=\"caption-attachment-135508\"><strong>Jonas Amaral \u2013 Orientador Educacional do IPA e Jornalista, Zezinho da Lafiche \u2013 Vereador e Adriana Beatriz Martins Lemes \u2013 Diretora do IPA.<\/strong><\/p>\n\n\n\n<p><strong><em>Contribuindo com o desenvolvimento de Gurupi<\/em><\/strong><\/p>\n\n\n\n<p>O advogado Dr. Joaquim Pereira da Costa J\u00fanior, ex-aluno do IPA, relembrou a import\u00e2ncia da escola em sua forma\u00e7\u00e3o e na de tantos outros alunos. Ele ressaltou que a institui\u00e7\u00e3o nasceu junto com a cidade de Gurupi, contribuindo para seu desenvolvimento e formando indiv\u00edduos que hoje ocupam posi\u00e7\u00f5es de destaque na sociedade.<\/p>\n\n\n\n<p><strong><em>Gratid\u00e3o e amor em fazer parte da institui\u00e7\u00e3o<\/em><\/strong><\/p>\n\n\n\n<p>A diretora do Instituto Presbiteriano Educacional, Claudia Luzia da Costa, expressou com entusiasmo e gratid\u00e3o o amor em fazer parte de uma institui\u00e7\u00e3o que \u00e9 filha do IPA. Em suas palavras, ela ressaltou que essa homenagem \u00e9 mais do que merecida, um reconhecimento aos 60 anos de contribui\u00e7\u00e3o do Instituto Presbiteriano Araguaia a sociedade gurupiense e regi\u00e3o.<\/p>\n\n\n\n<p><strong><em>Papel nobre da institui\u00e7\u00e3o<\/em><\/strong><\/p>\n\n\n\n<p>O deputado estadual Eduardo do Dertins, l\u00edder do governo na Assembleia Legislativa, enalteceu a import\u00e2ncia da educa\u00e7\u00e3o e da evangeliza\u00e7\u00e3o promovidas pelo IPA. Ele ressaltou que \u00e9 uma grande honra participar de um evento t\u00e3o importante e destacou o papel nobre da institui\u00e7\u00e3o.<\/p>\n\n\n\n<p><strong><em>Forma\u00e7\u00e3o de cidad\u00e3os diferenciados<\/em><\/strong><\/p>\n\n\n\n<p>A prefeita Josi Nunes parabenizou o Instituto Presbiteriano Araguaia pelos 60 anos de servi\u00e7os prestados \u00e0 comunidade, salientando a qualidade da educa\u00e7\u00e3o oferecida pela institui\u00e7\u00e3o. Ela ressaltou que milhares de alunos j\u00e1 passaram pelo IPA, recebendo valores e princ\u00edpios que contribu\u00edram para a forma\u00e7\u00e3o de cidad\u00e3os diferenciados.<\/p>\n\n\n\n<p><strong><em>Qualidade do ensino oferecido<\/em><\/strong><\/p>\n\n\n\n<p>O vereador Zezinho da Lafiche, idealizador da Mo\u00e7\u00e3o de Aplausos, destacou a relev\u00e2ncia do IPA na sociedade gurupiense ao longo de seis d\u00e9cadas. Ele ressaltou a qualidade do ensino oferecido pela institui\u00e7\u00e3o e como isso deixou uma marca no cora\u00e7\u00e3o de cada aluno que passou pelo col\u00e9gio.<\/p>\n\n\n\n<p><strong><em>Ensino de qualidade e difundindo a palavra de Deus<\/em><\/strong><\/p>\n\n\n\n<p>Adriana Beatriz Martins Lemes, atual gestora do Instituto Presbiteriano Araguaia, expressou sua alegria em fazer parte dessa institui\u00e7\u00e3o, lembrando que foi aluna e voltou como professora. Ela enfatizou a dedica\u00e7\u00e3o da equipe do IPA em oferecer um ensino de qualidade e difundir a palavra de Deus, agradecendo a todos os envolvidos na homenagem.<\/p>\n\n\n\n<p><strong><em>Compromisso da institui\u00e7\u00e3o<\/em><\/strong><\/p>\n\n\n\n<p>A Mo\u00e7\u00e3o de Aplausos concedida ao Instituto Presbiteriano Araguaia reconhece o seu importante papel na forma\u00e7\u00e3o de gera\u00e7\u00f5es de estudantes em Gurupi e reafirma o compromisso da institui\u00e7\u00e3o em promover a educa\u00e7\u00e3o de qualidade e os valores crist\u00e3os. O evento foi um marco na hist\u00f3ria da cidade, ressaltando a import\u00e2ncia do IPA para a comunidade.<\/p>\n\n\n\n<p><em><strong>Presentes<\/strong><\/em><\/p>\n\n\n\n<p>Entre os presentes estavam o vereador Zezinho da Lafiche, idealizador do projeto, os vereadores Marilis Fernandes, Ronaldo Lira, Elvan Le\u00e3o (representado por Euvaldo Le\u00e3o), Cezar da Farm\u00e1cia e Andr\u00e9 Caixeta. Tamb\u00e9m marcaram presen\u00e7a o Deputado Estadual Eduardo do Dertins, l\u00edder do governo na Assembleia Legislativa, o Comandante do 4\u00b0 BPM, Ten. Cel. W. Costa, Dr. Joaquim Pereira, Antonio Pakalolo \u2013 Diretor Regional de Educa\u00e7\u00e3o de Gurupi \u2013 DRE, Prefeita de Gurupi Josi Nunes, S\u00e9rgio Vieira Marquez (Sor\u00f3) \u2013 Secret\u00e1rio de Juventude e Esporte, e M\u00e1rio S\u00e9rgio \u2013 Secret\u00e1rio de Administra\u00e7\u00e3o, Davi Abrantes \u2013 Secret\u00e1rio Municipal de Educa\u00e7\u00e3o, Cristina Donato \u2013 Presidente da Associa\u00e7\u00e3o Roda Viva, Pr. Thiago Dancona \u2013 presidente da 1\u00aa Igreja Presbiteriana de Gurupi, Pr. Guilherme Graciano \u2013 Congrega\u00e7\u00e3o 1\u00aa IPG Waldir Lins, Pr. Wagner Nunes Machado \u2013 Presidente da 2\u00aa Igreja Presbiteriana de Gurupi, Ana Paula Ferreira Maia \u2013 Assessora Regional de Gest\u00e3o Pedag\u00f3gica e Educacional, Claudia Luzia da Costa \u2013 Diretora do Instituto Presbiteriano Educacional, al\u00e9m de professores, coordenadores, Orientadores, Psic\u00f3logos e Assistentes Sociais da Institui\u00e7\u00e3o IPA e IPE.<\/p>\n\n\n\n<p><img loading=\"lazy\" decoding=\"async\" src=\"https:\/\/portaldoamaral.com.br\/wp-content\/uploads\/2023\/05\/5.jpeg\" srcset=\"https:\/\/portaldoamaral.com.br\/wp-content\/uploads\/2023\/05\/5.jpeg 1156w, https:\/\/portaldoamaral.com.br\/wp-content\/uploads\/2023\/05\/5-560x420.jpeg 560w, https:\/\/portaldoamaral.com.br\/wp-content\/uploads\/2023\/05\/5-768x577.jpeg 768w\" alt=\"\" width=\"1156\" height=\"868\"><\/p>\n\n\n\n<p id=\"caption-attachment-135510\"><strong><em>Jonas Amaral \u2013 Orientador Educacional no Instituto Presbiteriano Araguaia (IPA)<\/em><\/strong><\/p>\n\n\n\n<figure class=\"wp-block-gallery has-nested-images columns-default is-cropped wp-block-gallery-1 is-layout-flex wp-block-gallery-is-layout-flex\">\n<figure class=\"wp-block-image size-large\"><img loading=\"lazy\" decoding=\"async\" width=\"576\" height=\"1024\" data-id=\"4880\" src=\"https:\/\/focotocantinense.com.br\/wp-content\/uploads\/2023\/05\/5215c382-74e8-4be1-ae0e-821dde0eaaee-3-576x1024.jpg\" alt=\"\" class=\"wp-image-4880\" srcset=\"https:\/\/focotocantinense.com.br\/wp-content\/uploads\/2023\/05\/5215c382-74e8-4be1-ae0e-821dde0eaaee-3-576x1024.jpg 576w, https:\/\/focotocantinense.com.br\/wp-content\/uploads\/2023\/05\/5215c382-74e8-4be1-ae0e-821dde0eaaee-3-169x300.jpg 169w, https:\/\/focotocantinense.com.br\/wp-content\/uploads\/2023\/05\/5215c382-74e8-4be1-ae0e-821dde0eaaee-3-768x1365.jpg 768w, https:\/\/focotocantinense.com.br\/wp-content\/uploads\/2023\/05\/5215c382-74e8-4be1-ae0e-821dde0eaaee-3-864x1536.jpg 864w, https:\/\/focotocantinense.com.br\/wp-content\/uploads\/2023\/05\/5215c382-74e8-4be1-ae0e-821dde0eaaee-3.jpg 900w\" sizes=\"auto, (max-width: 576px) 100vw, 576px\" \/><\/figure>\n<\/figure>\n","protected":false},"excerpt":{"rendered":"<p>Por Jonas Amaral Na noite de sexta-feira, dia 26 de maio, o Plen\u00e1rio da C\u00e2mara Municipal de Gurupi foi palco de uma solenidade memor\u00e1vel para homenagear o Instituto Presbiteriano Araguaia (IPA) pelos seus 60 anos de dedica\u00e7\u00e3o \u00e0 comunidade local e regi\u00e3o. A Mo\u00e7\u00e3o de Aplausos foi idealizada pelo vereador Zezinho da Lafiche, e diversas &hellip;<\/p>\n","protected":false},"author":5,"featured_media":0,"comment_status":"open","ping_status":"open","sticky":false,"template":"","format":"standard","meta":{"footnotes":""},"categories":[1],"tags":[],"class_list":["post-4883","post","type-post","status-publish","format-standard","","category-sem-categoria"],"_links":{"self":[{"href":"https:\/\/focotocantinense.com.br\/index.php?rest_route=\/wp\/v2\/posts\/4883","targetHints":{"allow":["GET"]}}],"collection":[{"href":"https:\/\/focotocantinense.com.br\/index.php?rest_route=\/wp\/v2\/posts"}],"about":[{"href":"https:\/\/focotocantinense.com.br\/index.php?rest_route=\/wp\/v2\/types\/post"}],"author":[{"embeddable":true,"href":"https:\/\/focotocantinense.com.br\/index.php?rest_route=\/wp\/v2\/users\/5"}],"replies":[{"embeddable":true,"href":"https:\/\/focotocantinense.com.br\/index.php?rest_route=%2Fwp%2Fv2%2Fcomments&post=4883"}],"version-history":[{"count":2,"href":"https:\/\/focotocantinense.com.br\/index.php?rest_route=\/wp\/v2\/posts\/4883\/revisions"}],"predecessor-version":[{"id":4886,"href":"https:\/\/focotocantinense.com.br\/index.php?rest_route=\/wp\/v2\/posts\/4883\/revisions\/4886"}],"wp:attachment":[{"href":"https:\/\/focotocantinense.com.br\/index.php?rest_route=%2Fwp%2Fv2%2Fmedia&parent=4883"}],"wp:term":[{"taxonomy":"category","embeddable":true,"href":"https:\/\/focotocantinense.com.br\/index.php?rest_route=%2Fwp%2Fv2%2Fcategories&post=4883"},{"taxonomy":"post_tag","embeddable":true,"href":"https:\/\/focotocantinense.com.br\/index.php?rest_route=%2Fwp%2Fv2%2Ftags&post=4883"}],"curies":[{"name":"wp","href":"https:\/\/api.w.org\/{rel}","templated":true}]}}