{"id":4862,"date":"2023-05-25T20:03:03","date_gmt":"2023-05-25T23:03:03","guid":{"rendered":"https:\/\/focotocantinense.com.br\/?p=4862"},"modified":"2023-05-25T20:03:03","modified_gmt":"2023-05-25T23:03:03","slug":"deputado-amelio-cayres-determina-mais-transparencia-nas-acoes-da-assembleia","status":"publish","type":"post","link":"https:\/\/focotocantinense.com.br\/?p=4862","title":{"rendered":"Deputado Am\u00e9lio Cayres determina mais transpar\u00eancia nas a\u00e7\u00f5es da Assembleia"},"content":{"rendered":"\n<p>Desde que assumiu a gest\u00e3o da Assembleia Legislativa do Tocantins (Aleto), em 1\u00ba de fevereiro deste ano, o presidente Am\u00e9lio Cayres (Republicanos) vem promovendo reuni\u00f5es com sua equipe t\u00e9cnica \u2013 diretores e coordenadores, de forma a alimentar o Portal da Transpar\u00eancia. O objetivo \u00e9 tornar o acesso \u00e0s informa\u00e7\u00f5es mais r\u00e1pido e com mais efici\u00eancia, zerando a circula\u00e7\u00e3o de papel.<\/p>\n\n\n\n<p>A determina\u00e7\u00e3o do presidente \u00e9 para que haja esfor\u00e7o conjunto, a fim de que todas as informa\u00e7\u00f5es geradas dentro da Casa sejam disponibilizadas nos canais p\u00fablicos e acess\u00edveis a todos que queiram consult\u00e1-las.<\/p>\n\n\n\n<p>Segundo Cayres, zerar a circula\u00e7\u00e3o de papel, digitalizando os processos j\u00e1 existentes e, paralelamente, aperfei\u00e7oando os sistemas para que os novos processos tramitem nos meios digitais, tamb\u00e9m \u00e9 uma das metas da atual gest\u00e3o da Assembleia.<\/p>\n\n\n\n<p>Cayres entende que tornar a gest\u00e3o mais transparente \u201c\u00e9 uma obriga\u00e7\u00e3o de todo gestor, uma vez que a sociedade tem o direito de saber onde s\u00e3o investidos os recursos p\u00fablicos\u201d.<\/p>\n\n\n\n<p>T\u00e9cnicos da Aleto j\u00e1 est\u00e3o com visitas agendadas \u00e0s Assembleias Legislativas de outros estados para conhecer os sistemas de processos eletr\u00f4nicos. A ideia \u00e9 conhecer de perto sistemas que j\u00e1 funcionam e adapt\u00e1-los \u00e0 realidade da Aleto. A moderniza\u00e7\u00e3o do Di\u00e1rio da Assembleia, que passar\u00e1 a ter um novo layout, al\u00e9m de ter certifica\u00e7\u00e3o digital, est\u00e1 sendo finalizada.<\/p>\n\n\n\n<p><strong>Ranking<\/strong><\/p>\n\n\n\n<p>Mat\u00e9ria publicada nesta quinta-feira, 25, pelo Portal UOL, apresentou um ranking de desempenho quanto \u00e0 transpar\u00eancia e governan\u00e7a das 27 Assembleias Legislativas do pa\u00eds.&nbsp;<\/p>\n\n\n\n<p>O presidente da Casa recebeu com tranquilidade essa informa\u00e7\u00e3o, uma vez que o levantamento de dados que resultou no ranking foi realizado, ainda no ano de 2022, e que a\u00e7\u00f5es para mudar essa realidade v\u00eam sendo tomadas antes da divulga\u00e7\u00e3o do relat\u00f3rio.<\/p>\n\n\n\n<p>Ainda assim, \u00e9 bom destacar que alguns indicadores utilizados pela pesquisa n\u00e3o favoreceram a Aleto. Um exemplo \u00e9 o fato da Casa ter contas ativas no Instagram, Facebook, Twitter e Youtube e, mesmo assim, ser pontuada negativamente por n\u00e3o ter uma conta no Tik Tok, e tamb\u00e9m por n\u00e3o divulgar em seu portal a agenda do presidente.<\/p>\n\n\n\n<p><strong><a href=\"https:\/\/al.to.leg.br\/transparencia\/verbaIndenizatoria.\" data-type=\"URL\" data-id=\"https:\/\/al.to.leg.br\/transparencia\/verbaIndenizatoria.\">A Aleto tamb\u00e9m foi pontuada de maneira equivocada em v\u00e1rios itens da pesquisa, como receber nota \u201c0\u201d por n\u00e3o divulgar gastos com verba indenizat\u00f3ria, sendo que tais gastos s\u00e3o p\u00fablicos e podem ser conferidos no link:\u00a0<\/a><\/strong><\/p>\n\n\n\n<p><strong><a href=\"http:\/\/s2.asp.srv.br\/etransparencia.asslegis.tocantins.to\/servlet\/wppessoalconsulta.\" data-type=\"URL\" data-id=\"http:\/\/s2.asp.srv.br\/etransparencia.asslegis.tocantins.to\/servlet\/wppessoalconsulta.\">Tamb\u00e9m teve pontua\u00e7\u00e3o negativa por n\u00e3o ter o sal\u00e1rio dos servidores divulgados, quando, na verdade, essas informa\u00e7\u00f5es tamb\u00e9m s\u00e3o de f\u00e1cil acesso, estando dispon\u00edvel no link:<\/a><\/strong><\/p>\n\n\n\n<p><strong><a href=\"https:\/\/al.to.leg.br\/ouvidoria.\" data-type=\"URL\" data-id=\"https:\/\/al.to.leg.br\/ouvidoria.\">A Aleto recebeu, ainda, nota \u201c0\u201d por n\u00e3o ter em seu portal acesso a Ouvidoria, quando na verdade o canal para den\u00fancia, sugest\u00e3o, reclama\u00e7\u00e3o ou solicita\u00e7\u00e3o de informa\u00e7\u00f5es est\u00e1 dispon\u00edvel no link:\u00a0<\/a><\/strong><\/p>\n\n\n\n<p>A simples corre\u00e7\u00e3o das informa\u00e7\u00f5es atribu\u00eddas de maneira errada \u00e0 Aleto seria suficiente para a Casa deixar o bloco das assembleias classificadas como \u201cruim\u201d, quanto \u00e0 transpar\u00eancia de suas informa\u00e7\u00f5es. Mesmo assim, o presidente da Casa garante que, no pr\u00f3ximo ano, quando os dados colhidos forem referentes ao primeiro ano de sua gest\u00e3o, o Tocantins estar\u00e1 ocupando as primeiras posi\u00e7\u00f5es do mesmo ranking.&nbsp;<\/p>\n\n\n\n<figure class=\"wp-block-image size-full\"><img loading=\"lazy\" decoding=\"async\" width=\"959\" height=\"509\" src=\"https:\/\/focotocantinense.com.br\/wp-content\/uploads\/2023\/05\/AAA-10.jpg\" alt=\"\" class=\"wp-image-4864\" srcset=\"https:\/\/focotocantinense.com.br\/wp-content\/uploads\/2023\/05\/AAA-10.jpg 959w, https:\/\/focotocantinense.com.br\/wp-content\/uploads\/2023\/05\/AAA-10-300x159.jpg 300w, https:\/\/focotocantinense.com.br\/wp-content\/uploads\/2023\/05\/AAA-10-768x408.jpg 768w, https:\/\/focotocantinense.com.br\/wp-content\/uploads\/2023\/05\/AAA-10-310x165.jpg 310w\" sizes=\"auto, (max-width: 959px) 100vw, 959px\" \/><\/figure>\n\n\n\n<figure class=\"wp-block-image size-large\"><img loading=\"lazy\" decoding=\"async\" width=\"576\" height=\"1024\" src=\"https:\/\/focotocantinense.com.br\/wp-content\/uploads\/2023\/05\/5215c382-74e8-4be1-ae0e-821dde0eaaee-1-576x1024.jpg\" alt=\"\" class=\"wp-image-4865\" srcset=\"https:\/\/focotocantinense.com.br\/wp-content\/uploads\/2023\/05\/5215c382-74e8-4be1-ae0e-821dde0eaaee-1-576x1024.jpg 576w, https:\/\/focotocantinense.com.br\/wp-content\/uploads\/2023\/05\/5215c382-74e8-4be1-ae0e-821dde0eaaee-1-169x300.jpg 169w, https:\/\/focotocantinense.com.br\/wp-content\/uploads\/2023\/05\/5215c382-74e8-4be1-ae0e-821dde0eaaee-1-768x1365.jpg 768w, https:\/\/focotocantinense.com.br\/wp-content\/uploads\/2023\/05\/5215c382-74e8-4be1-ae0e-821dde0eaaee-1-864x1536.jpg 864w, https:\/\/focotocantinense.com.br\/wp-content\/uploads\/2023\/05\/5215c382-74e8-4be1-ae0e-821dde0eaaee-1.jpg 900w\" sizes=\"auto, (max-width: 576px) 100vw, 576px\" \/><\/figure>\n","protected":false},"excerpt":{"rendered":"<p>Desde que assumiu a gest\u00e3o da Assembleia Legislativa do Tocantins (Aleto), em 1\u00ba de fevereiro deste ano, o presidente Am\u00e9lio Cayres (Republicanos) vem promovendo reuni\u00f5es com sua equipe t\u00e9cnica \u2013 diretores e coordenadores, de forma a alimentar o Portal da Transpar\u00eancia. O objetivo \u00e9 tornar o acesso \u00e0s informa\u00e7\u00f5es mais r\u00e1pido e com mais efici\u00eancia, &hellip;<\/p>\n","protected":false},"author":5,"featured_media":4863,"comment_status":"open","ping_status":"open","sticky":false,"template":"","format":"standard","meta":{"footnotes":""},"categories":[40],"tags":[],"class_list":["post-4862","post","type-post","status-publish","format-standard","has-post-thumbnail","","category-politica"],"_links":{"self":[{"href":"https:\/\/focotocantinense.com.br\/index.php?rest_route=\/wp\/v2\/posts\/4862","targetHints":{"allow":["GET"]}}],"collection":[{"href":"https:\/\/focotocantinense.com.br\/index.php?rest_route=\/wp\/v2\/posts"}],"about":[{"href":"https:\/\/focotocantinense.com.br\/index.php?rest_route=\/wp\/v2\/types\/post"}],"author":[{"embeddable":true,"href":"https:\/\/focotocantinense.com.br\/index.php?rest_route=\/wp\/v2\/users\/5"}],"replies":[{"embeddable":true,"href":"https:\/\/focotocantinense.com.br\/index.php?rest_route=%2Fwp%2Fv2%2Fcomments&post=4862"}],"version-history":[{"count":1,"href":"https:\/\/focotocantinense.com.br\/index.php?rest_route=\/wp\/v2\/posts\/4862\/revisions"}],"predecessor-version":[{"id":4866,"href":"https:\/\/focotocantinense.com.br\/index.php?rest_route=\/wp\/v2\/posts\/4862\/revisions\/4866"}],"wp:featuredmedia":[{"embeddable":true,"href":"https:\/\/focotocantinense.com.br\/index.php?rest_route=\/wp\/v2\/media\/4863"}],"wp:attachment":[{"href":"https:\/\/focotocantinense.com.br\/index.php?rest_route=%2Fwp%2Fv2%2Fmedia&parent=4862"}],"wp:term":[{"taxonomy":"category","embeddable":true,"href":"https:\/\/focotocantinense.com.br\/index.php?rest_route=%2Fwp%2Fv2%2Fcategories&post=4862"},{"taxonomy":"post_tag","embeddable":true,"href":"https:\/\/focotocantinense.com.br\/index.php?rest_route=%2Fwp%2Fv2%2Ftags&post=4862"}],"curies":[{"name":"wp","href":"https:\/\/api.w.org\/{rel}","templated":true}]}}