{"id":4858,"date":"2023-05-25T19:34:48","date_gmt":"2023-05-25T22:34:48","guid":{"rendered":"https:\/\/focotocantinense.com.br\/?p=4858"},"modified":"2023-05-25T19:34:50","modified_gmt":"2023-05-25T22:34:50","slug":"formacao-continuada-mobiliza-professores-de-escolas-municipais-de-tocantinia","status":"publish","type":"post","link":"https:\/\/focotocantinense.com.br\/?p=4858","title":{"rendered":"Forma\u00e7\u00e3o Continuada mobiliza professores de escolas municipais de Tocant\u00ednia"},"content":{"rendered":"\n<p><strong>Zacarias Martins<\/strong><\/p>\n\n\n\n<p>A Prefeitura de Tocant\u00ednia, por meio da Secretaria Municipal de Educa\u00e7\u00e3o, em parceria com a empresa Farol do Saber, realizou nesta quinta-feira, dia &nbsp;25 ,mais uma Forma\u00e7\u00e3o Continuada &nbsp;para os professores da rede municipal de ensino com a tem\u00e1tica: T\u00e9cnicas de Seguran\u00e7a no Ambiente Escolar: Um olhar did\u00e1tico e pedag\u00f3gico sobre a viol\u00eancia nas escolas.<\/p>\n\n\n\n<p>O secret\u00e1rio de Educa\u00e7\u00e3o do munic\u00edpio, professor Andr\u00e9 Goveia, explica que a Forma\u00e7\u00e3o tem como objetivo, auxiliar os docentes sobre preven\u00e7\u00e3o da viol\u00eancia na escola, pedagogia de paz na escola, propostas de alinhamento entre a escola e o ambiente familiar, bem como, identificar e combater no ambiente escolar pr\u00e1ticas de bullying, ou outro tipo de viol\u00eancia sobre as a\u00e7\u00f5es internas de exclus\u00e3o.<\/p>\n\n\n\n<p>Andr\u00e9 Goveia, destaca &nbsp;ainda que que essa Forma\u00e7\u00e3o de professores \u00e9 mais uma forma de garantir uma Educa\u00e7\u00e3o de qualidade para todos em Tocant\u00ednia, atendendo assim, a uma determina\u00e7\u00e3o do prefeito Manoel Silvino que n\u00e3o tem medido esfor\u00e7os para buscar mecanismos que possibilitem aos professores da Rede Municipal de Educa\u00e7\u00e3o fortalecer seus conhecimentos, habilidades e compet\u00eancias, com pr\u00e1ticas inovadoras de ensino e aprendizagem, bem como, resgatando costumes regionais.<\/p>\n\n\n\n<p><strong>Formadores<\/strong><\/p>\n\n\n\n<p>Conduziram essa Forma\u00e7\u00e3o Continuada o professo e policial militar, formado em ci\u00eancias cont\u00e1beis, Mauro Luz Moura, bem como, o professor, Ant\u00f4nio Pinheiro Alves do Carmo, da Rede Municipal de Educa\u00e7\u00e3o de Palmas e diretor de Escola, Membro do Conselho Municipal de Educa\u00e7\u00e3o de Palmas, e bacharel em Direito.<\/p>\n\n\n\n\n\n<figure class=\"wp-block-image\"><img decoding=\"async\" src=\"http:\/\/n1to.com.br\/img\/uploads\/CCCCC_3.jpg\" alt=\"\"\/><\/figure>\n\n\n\n<figure class=\"wp-block-image\"><img decoding=\"async\" src=\"http:\/\/n1to.com.br\/img\/uploads\/BBB_53.jpg\" alt=\"\"\/><\/figure>\n\n\n\n<figure class=\"wp-block-image\"><img decoding=\"async\" src=\"http:\/\/n1to.com.br\/img\/uploads\/DDD_10.jpg\" alt=\"\"\/><\/figure>\n\n\n\n<figure class=\"wp-block-image\"><img decoding=\"async\" src=\"http:\/\/n1to.com.br\/img\/uploads\/VINI_67.jpg\" alt=\"\"\/><\/figure>\n","protected":false},"excerpt":{"rendered":"<p>Zacarias Martins A Prefeitura de Tocant\u00ednia, por meio da Secretaria Municipal de Educa\u00e7\u00e3o, em parceria com a empresa Farol do Saber, realizou nesta quinta-feira, dia &nbsp;25 ,mais uma Forma\u00e7\u00e3o Continuada &nbsp;para os professores da rede municipal de ensino com a tem\u00e1tica: T\u00e9cnicas de Seguran\u00e7a no Ambiente Escolar: Um olhar did\u00e1tico e pedag\u00f3gico sobre a viol\u00eancia &hellip;<\/p>\n","protected":false},"author":5,"featured_media":4859,"comment_status":"open","ping_status":"open","sticky":false,"template":"","format":"standard","meta":{"footnotes":""},"categories":[78],"tags":[],"class_list":["post-4858","post","type-post","status-publish","format-standard","has-post-thumbnail","","category-tocantinia"],"_links":{"self":[{"href":"https:\/\/focotocantinense.com.br\/index.php?rest_route=\/wp\/v2\/posts\/4858","targetHints":{"allow":["GET"]}}],"collection":[{"href":"https:\/\/focotocantinense.com.br\/index.php?rest_route=\/wp\/v2\/posts"}],"about":[{"href":"https:\/\/focotocantinense.com.br\/index.php?rest_route=\/wp\/v2\/types\/post"}],"author":[{"embeddable":true,"href":"https:\/\/focotocantinense.com.br\/index.php?rest_route=\/wp\/v2\/users\/5"}],"replies":[{"embeddable":true,"href":"https:\/\/focotocantinense.com.br\/index.php?rest_route=%2Fwp%2Fv2%2Fcomments&post=4858"}],"version-history":[{"count":1,"href":"https:\/\/focotocantinense.com.br\/index.php?rest_route=\/wp\/v2\/posts\/4858\/revisions"}],"predecessor-version":[{"id":4860,"href":"https:\/\/focotocantinense.com.br\/index.php?rest_route=\/wp\/v2\/posts\/4858\/revisions\/4860"}],"wp:featuredmedia":[{"embeddable":true,"href":"https:\/\/focotocantinense.com.br\/index.php?rest_route=\/wp\/v2\/media\/4859"}],"wp:attachment":[{"href":"https:\/\/focotocantinense.com.br\/index.php?rest_route=%2Fwp%2Fv2%2Fmedia&parent=4858"}],"wp:term":[{"taxonomy":"category","embeddable":true,"href":"https:\/\/focotocantinense.com.br\/index.php?rest_route=%2Fwp%2Fv2%2Fcategories&post=4858"},{"taxonomy":"post_tag","embeddable":true,"href":"https:\/\/focotocantinense.com.br\/index.php?rest_route=%2Fwp%2Fv2%2Ftags&post=4858"}],"curies":[{"name":"wp","href":"https:\/\/api.w.org\/{rel}","templated":true}]}}