{"id":4855,"date":"2023-05-25T12:30:29","date_gmt":"2023-05-25T15:30:29","guid":{"rendered":"https:\/\/focotocantinense.com.br\/?p=4855"},"modified":"2023-05-25T12:30:30","modified_gmt":"2023-05-25T15:30:30","slug":"prefeitura-de-gurupi-conclui-mais-uma-etapa-para-regularizacao-fundiaria-do-bairro-jardim-da-luz","status":"publish","type":"post","link":"https:\/\/focotocantinense.com.br\/?p=4855","title":{"rendered":"Prefeitura de Gurupi conclui mais uma etapa para regulariza\u00e7\u00e3o fundi\u00e1ria do bairro Jardim da Luz"},"content":{"rendered":"\n<p>A Prefeitura de Gurupi, por meio da Secretaria Municipal de Desenvolvimento Urbano, segue avan\u00e7ando com as a\u00e7\u00f5es do programa \u2018Escritura Gurupi\u2019, que tem como objetivo garantir o direito social \u00e0 moradia, mediante as pol\u00edticas p\u00fablicas de regulariza\u00e7\u00e3o fundi\u00e1ria no munic\u00edpio. O pr\u00f3ximo bairro a ser contemplado com a entrega de escrituras ser\u00e1 o Jardim da Luz, onde 228 fam\u00edlias ser\u00e3o beneficiadas.<\/p>\n\n\n\n<p>Nesta ter\u00e7a-feira, 23, a prefeita de Gurupi, Josi Nunes, assinou as certid\u00f5es de regulariza\u00e7\u00e3o fundi\u00e1ria do Jardim da Luz. A pr\u00f3xima e \u00faltima etapa ser\u00e1 a an\u00e1lise do cart\u00f3rio de registro de im\u00f3veis, onde ser\u00e3o expedidos os registros definitivos dos im\u00f3veis do bairro. A previs\u00e3o para a entrega das escrituras \u00e9 at\u00e9 o final do m\u00eas de junho.<\/p>\n\n\n\n<p>A Prefeita refor\u00e7ou que a regulariza\u00e7\u00e3o fundi\u00e1ria do munic\u00edpio \u00e9 um dos objetivos da sua gest\u00e3o. \u201cUm dos focos da nossa gest\u00e3o \u00e9 agilizar todo o processo de regulariza\u00e7\u00e3o fundi\u00e1ria em Gurupi. Temos cerca de 10 mil im\u00f3veis para serem regularizados. J\u00e1 entregamos muitas escrituras, mas vamos avan\u00e7ar ainda mais, pois isso significa dignidade, justi\u00e7a e mais seguran\u00e7a jur\u00eddica para as fam\u00edlias em situa\u00e7\u00e3o de im\u00f3vel irregular\u201d, disse a gestora.&nbsp;<\/p>\n\n\n\n<p>O secret\u00e1rio municipal de Desenvolvimento Urbano, Eremilson Leite, afirma que os moradores do Jardim da Luz aguardam pela regulariza\u00e7\u00e3o fundi\u00e1ria do bairro h\u00e1 25 anos e que a entrega das escrituras ser\u00e1 a realiza\u00e7\u00e3o de um sonho para os moradores. \u201cA regulariza\u00e7\u00e3o fundi\u00e1ria Urbana transforma o bairro em \u00e1reas legalizadas, mas tamb\u00e9m transforma a vida das fam\u00edlias, pois garante o direito social \u00e0 moradia e ao acesso a servi\u00e7os p\u00fablicos, promovendo a cidadania e qualidade de vida aos benefici\u00e1rios\u201d, destacou.<\/p>\n\n\n\n<p><strong>Escritura Gurupi<\/strong><\/p>\n\n\n\n<p>Lan\u00e7ado pela Prefeitura de Gurupi em fevereiro de 2022, o programa Escritura Gurupi intensificou as atividades de regulariza\u00e7\u00e3o fundi\u00e1ria no munic\u00edpio, visando proporcionar dignidade e seguran\u00e7a jur\u00eddica para 10.400 fam\u00edlias gurupienses. Desde o seu lan\u00e7amento, j\u00e1 se somam 817 t\u00edtulos de propriedade entregues em diversos bairros. Al\u00e9m do Jardim da Luz, o programa segue realizando processos de regulariza\u00e7\u00e3o em outros pontos da cidade, como o Povoado Trevo da Praia, Setor Guida e Avenida Sumar\u00e9 no bairro Bela Vista.<\/p>\n\n\n\n<p>O programa conta com a parceria entre a Prefeitura de Gurupi; o Tribunal de Justi\u00e7a do Estado do Tocantins (TJ-TO), por meio do N\u00facleo de Preven\u00e7\u00e3o e Regulariza\u00e7\u00e3o Fundi\u00e1ria (Nupref); o Governo do Tocantins, por meio da Companhia Imobili\u00e1ria de Participa\u00e7\u00f5es, Investimentos e Parcerias (Tocantins Parcerias); e o Cart\u00f3rio de Registro de Im\u00f3veis de Gurupi.<\/p>\n\n\n\n<figure class=\"wp-block-image size-large\"><img loading=\"lazy\" decoding=\"async\" width=\"1024\" height=\"576\" src=\"https:\/\/focotocantinense.com.br\/wp-content\/uploads\/2023\/05\/Foto-Arquivo-Secom-Gurupi-1024x576.jpg\" alt=\"\" class=\"wp-image-4856\" srcset=\"https:\/\/focotocantinense.com.br\/wp-content\/uploads\/2023\/05\/Foto-Arquivo-Secom-Gurupi-1024x576.jpg 1024w, https:\/\/focotocantinense.com.br\/wp-content\/uploads\/2023\/05\/Foto-Arquivo-Secom-Gurupi-300x169.jpg 300w, https:\/\/focotocantinense.com.br\/wp-content\/uploads\/2023\/05\/Foto-Arquivo-Secom-Gurupi-768x432.jpg 768w, https:\/\/focotocantinense.com.br\/wp-content\/uploads\/2023\/05\/Foto-Arquivo-Secom-Gurupi.jpg 1280w\" sizes=\"auto, (max-width: 1024px) 100vw, 1024px\" \/><\/figure>\n\n\n\n<figure class=\"wp-block-image\"><img decoding=\"async\" src=\"http:\/\/n1to.com.br\/img\/uploads\/5215c382-74e8-4be1-ae0e-821dde0eaaee_1.jpg\" alt=\"\"\/><\/figure>\n","protected":false},"excerpt":{"rendered":"<p>A Prefeitura de Gurupi, por meio da Secretaria Municipal de Desenvolvimento Urbano, segue avan\u00e7ando com as a\u00e7\u00f5es do programa \u2018Escritura Gurupi\u2019, que tem como objetivo garantir o direito social \u00e0 moradia, mediante as pol\u00edticas p\u00fablicas de regulariza\u00e7\u00e3o fundi\u00e1ria no munic\u00edpio. O pr\u00f3ximo bairro a ser contemplado com a entrega de escrituras ser\u00e1 o Jardim da &hellip;<\/p>\n","protected":false},"author":5,"featured_media":4856,"comment_status":"open","ping_status":"open","sticky":false,"template":"","format":"standard","meta":{"footnotes":""},"categories":[38],"tags":[],"class_list":["post-4855","post","type-post","status-publish","format-standard","has-post-thumbnail","","category-gurupi"],"_links":{"self":[{"href":"https:\/\/focotocantinense.com.br\/index.php?rest_route=\/wp\/v2\/posts\/4855","targetHints":{"allow":["GET"]}}],"collection":[{"href":"https:\/\/focotocantinense.com.br\/index.php?rest_route=\/wp\/v2\/posts"}],"about":[{"href":"https:\/\/focotocantinense.com.br\/index.php?rest_route=\/wp\/v2\/types\/post"}],"author":[{"embeddable":true,"href":"https:\/\/focotocantinense.com.br\/index.php?rest_route=\/wp\/v2\/users\/5"}],"replies":[{"embeddable":true,"href":"https:\/\/focotocantinense.com.br\/index.php?rest_route=%2Fwp%2Fv2%2Fcomments&post=4855"}],"version-history":[{"count":1,"href":"https:\/\/focotocantinense.com.br\/index.php?rest_route=\/wp\/v2\/posts\/4855\/revisions"}],"predecessor-version":[{"id":4857,"href":"https:\/\/focotocantinense.com.br\/index.php?rest_route=\/wp\/v2\/posts\/4855\/revisions\/4857"}],"wp:featuredmedia":[{"embeddable":true,"href":"https:\/\/focotocantinense.com.br\/index.php?rest_route=\/wp\/v2\/media\/4856"}],"wp:attachment":[{"href":"https:\/\/focotocantinense.com.br\/index.php?rest_route=%2Fwp%2Fv2%2Fmedia&parent=4855"}],"wp:term":[{"taxonomy":"category","embeddable":true,"href":"https:\/\/focotocantinense.com.br\/index.php?rest_route=%2Fwp%2Fv2%2Fcategories&post=4855"},{"taxonomy":"post_tag","embeddable":true,"href":"https:\/\/focotocantinense.com.br\/index.php?rest_route=%2Fwp%2Fv2%2Ftags&post=4855"}],"curies":[{"name":"wp","href":"https:\/\/api.w.org\/{rel}","templated":true}]}}