{"id":4850,"date":"2023-05-25T11:45:55","date_gmt":"2023-05-25T14:45:55","guid":{"rendered":"https:\/\/focotocantinense.com.br\/?p=4850"},"modified":"2023-05-25T11:50:08","modified_gmt":"2023-05-25T14:50:08","slug":"caravana-lota-camara-municipal-de-gurupi-de-artistas-vereadores-e-gestores-municipais","status":"publish","type":"post","link":"https:\/\/focotocantinense.com.br\/?p=4850","title":{"rendered":"Caravana lota C\u00e2mara Municipal de Gurupi de artistas, vereadores e gestores municipais"},"content":{"rendered":"\n<p>A C\u00e2mara Municipal de Gurupi ficou lotada de artistas, gestores culturais municipais e vereadores da regi\u00e3o sul do estado, que se reuniram para receber informa\u00e7\u00f5es sobre a Lei Paulo Gustavo.<\/p>\n\n\n\n<p>As informa\u00e7\u00f5es foram apresentadas nesta quinta-feira, 24, pela equipe da Escola do Legislativo e do Comit\u00ea Nacional Paulo Gustavo, representado no Tocantins pelo ator e ativista cultural C\u00edcero Bel\u00e9m.<\/p>\n\n\n\n<p>Principal cidade da regi\u00e3o sul, Gurupi foi a terceira cidade a sediar a Caravana, que j\u00e1 passou por Augustin\u00f3polis e Aragua\u00edna, na regi\u00e3o do Bico do Papagaio e norte, respectivamente.<\/p>\n\n\n\n<p>Uma das participantes do evento, Amanda Costa, secret\u00e1ria Municipal de Cultura e Turismo de Gurupi, destacou principalmente a palestra sobre desenvolvimento de projetos para artistas. \u201cO resultado final foi muito positivo, porque a inten\u00e7\u00e3o \u00e9 captar e aplicar todos os recursos que ser\u00e3o disponibilizados [pelo Minist\u00e9rio da Cultura]&#8221;, explicou ela. A gestora representou a prefeita de Gurupi, Josi Nunes.<\/p>\n\n\n\n<p>A gestora municipal referiu-se \u00e0 palestra proferida pela core\u00f3grafa e servidora da Escola do Legislativo, Meire Maria Monteiro, que enfatizou que os legisladores municipais s\u00e3o &#8220;o meio&#8221; e os artistas s\u00e3o &#8220;o fim&#8221;, ou seja, o foco principal da referida lei.<\/p>\n\n\n\n<p>\u201cA Caravana Legislativa \u00e9 uma forma de integra\u00e7\u00e3o, ou seja, de empoderamento dos legisladores municipais, mas a lei [Paulo Gustavo] tem essa particularidade: nada pode ser feito sem consultar a sociedade civil, da\u00ed a import\u00e2ncia da participa\u00e7\u00e3o dos criadores culturais\u201d, explicou, destacando o sucesso da iniciativa da Assembleia Legislativa em parceria com o Comit\u00ea Gestor Paulo Gustavo e a Unitins.<\/p>\n\n\n\n<p>Segundo o comediante Vinicius Martins, os recursos dessa lei s\u00e3o &#8220;um verdadeiro al\u00edvio&#8221; para a comunidade art\u00edstica. &#8220;O incentivo trazido pela [Lei] Paulo Gustavo era muito aguardado pelos artistas. \u00c9 um fomento \u00e0 produ\u00e7\u00e3o cultural de Gurupi, no Tocantins, e de todo o pa\u00eds.&#8221;<\/p>\n\n\n\n<p><\/p>\n\n\n\n<p><strong>Pr\u00f3ximas cidades<\/strong><\/p>\n\n\n\n<p>A Caravana Legislativa Paulo Gustavo chegar\u00e1 a Dian\u00f3polis, principal cidade da regi\u00e3o sudeste do estado, nesta quinta-feira, 25, e a Mateiros, no Jalap\u00e3o, no s\u00e1bado, 27.<\/p>\n\n\n\n<p><strong>Lei Paulo Gustavo Lei<\/strong><\/p>\n\n\n\n<p>A Lei Paulo Gustavo prev\u00ea o repasse de R$ 3,86 bilh\u00f5es a estados, munic\u00edpios e Distrito Federal para a\u00e7\u00f5es emergenciais voltadas ao combate e mitiga\u00e7\u00e3o dos efeitos da pandemia de Covid-19 no setor cultural. O nome \u00e9 uma homenagem ao ator e comediante Paulo Gustavo, que foi v\u00edtima da doen\u00e7a e faleceu em maio de 2021, aos 42 anos.<\/p>\n\n\n\n<p>O repasse para o estado do Tocantins ser\u00e1 de R$ 41.377.715,65. Desse valor, o repasse aos munic\u00edpios ser\u00e1 de R$ 16.217.729,30.<\/p>\n\n\n\n<figure class=\"wp-block-gallery has-nested-images columns-default is-cropped wp-block-gallery-1 is-layout-flex wp-block-gallery-is-layout-flex\">\n<figure class=\"wp-block-image size-large\"><img loading=\"lazy\" decoding=\"async\" width=\"983\" height=\"522\" data-id=\"4851\" src=\"https:\/\/focotocantinense.com.br\/wp-content\/uploads\/2023\/05\/AAA-7.jpg\" alt=\"\" class=\"wp-image-4851\" srcset=\"https:\/\/focotocantinense.com.br\/wp-content\/uploads\/2023\/05\/AAA-7.jpg 983w, https:\/\/focotocantinense.com.br\/wp-content\/uploads\/2023\/05\/AAA-7-300x159.jpg 300w, https:\/\/focotocantinense.com.br\/wp-content\/uploads\/2023\/05\/AAA-7-768x408.jpg 768w, https:\/\/focotocantinense.com.br\/wp-content\/uploads\/2023\/05\/AAA-7-310x165.jpg 310w\" sizes=\"auto, (max-width: 983px) 100vw, 983px\" \/><\/figure>\n<\/figure>\n\n\n\n<figure class=\"wp-block-image is-resized\"><img loading=\"lazy\" decoding=\"async\" src=\"http:\/\/n1to.com.br\/img\/uploads\/VINI_67.jpg\" alt=\"\" width=\"840\" height=\"253\"\/><\/figure>\n\n\n\n<figure class=\"wp-block-image size-large is-resized\"><img loading=\"lazy\" decoding=\"async\" src=\"https:\/\/focotocantinense.com.br\/wp-content\/uploads\/2023\/05\/5215c382-74e8-4be1-ae0e-821dde0eaaee-576x1024.jpg\" alt=\"\" class=\"wp-image-4819\" width=\"836\" height=\"1486\" srcset=\"https:\/\/focotocantinense.com.br\/wp-content\/uploads\/2023\/05\/5215c382-74e8-4be1-ae0e-821dde0eaaee-576x1024.jpg 576w, https:\/\/focotocantinense.com.br\/wp-content\/uploads\/2023\/05\/5215c382-74e8-4be1-ae0e-821dde0eaaee-169x300.jpg 169w, https:\/\/focotocantinense.com.br\/wp-content\/uploads\/2023\/05\/5215c382-74e8-4be1-ae0e-821dde0eaaee-768x1365.jpg 768w, https:\/\/focotocantinense.com.br\/wp-content\/uploads\/2023\/05\/5215c382-74e8-4be1-ae0e-821dde0eaaee-864x1536.jpg 864w, https:\/\/focotocantinense.com.br\/wp-content\/uploads\/2023\/05\/5215c382-74e8-4be1-ae0e-821dde0eaaee.jpg 900w\" sizes=\"auto, (max-width: 836px) 100vw, 836px\" \/><\/figure>\n","protected":false},"excerpt":{"rendered":"<p>A C\u00e2mara Municipal de Gurupi ficou lotada de artistas, gestores culturais municipais e vereadores da regi\u00e3o sul do estado, que se reuniram para receber informa\u00e7\u00f5es sobre a Lei Paulo Gustavo. As informa\u00e7\u00f5es foram apresentadas nesta quinta-feira, 24, pela equipe da Escola do Legislativo e do Comit\u00ea Nacional Paulo Gustavo, representado no Tocantins pelo ator e &hellip;<\/p>\n","protected":false},"author":5,"featured_media":4851,"comment_status":"open","ping_status":"open","sticky":false,"template":"","format":"standard","meta":{"footnotes":""},"categories":[38],"tags":[],"class_list":["post-4850","post","type-post","status-publish","format-standard","has-post-thumbnail","","category-gurupi"],"_links":{"self":[{"href":"https:\/\/focotocantinense.com.br\/index.php?rest_route=\/wp\/v2\/posts\/4850","targetHints":{"allow":["GET"]}}],"collection":[{"href":"https:\/\/focotocantinense.com.br\/index.php?rest_route=\/wp\/v2\/posts"}],"about":[{"href":"https:\/\/focotocantinense.com.br\/index.php?rest_route=\/wp\/v2\/types\/post"}],"author":[{"embeddable":true,"href":"https:\/\/focotocantinense.com.br\/index.php?rest_route=\/wp\/v2\/users\/5"}],"replies":[{"embeddable":true,"href":"https:\/\/focotocantinense.com.br\/index.php?rest_route=%2Fwp%2Fv2%2Fcomments&post=4850"}],"version-history":[{"count":3,"href":"https:\/\/focotocantinense.com.br\/index.php?rest_route=\/wp\/v2\/posts\/4850\/revisions"}],"predecessor-version":[{"id":4854,"href":"https:\/\/focotocantinense.com.br\/index.php?rest_route=\/wp\/v2\/posts\/4850\/revisions\/4854"}],"wp:featuredmedia":[{"embeddable":true,"href":"https:\/\/focotocantinense.com.br\/index.php?rest_route=\/wp\/v2\/media\/4851"}],"wp:attachment":[{"href":"https:\/\/focotocantinense.com.br\/index.php?rest_route=%2Fwp%2Fv2%2Fmedia&parent=4850"}],"wp:term":[{"taxonomy":"category","embeddable":true,"href":"https:\/\/focotocantinense.com.br\/index.php?rest_route=%2Fwp%2Fv2%2Fcategories&post=4850"},{"taxonomy":"post_tag","embeddable":true,"href":"https:\/\/focotocantinense.com.br\/index.php?rest_route=%2Fwp%2Fv2%2Ftags&post=4850"}],"curies":[{"name":"wp","href":"https:\/\/api.w.org\/{rel}","templated":true}]}}