{"id":4841,"date":"2023-05-24T16:31:45","date_gmt":"2023-05-24T19:31:45","guid":{"rendered":"https:\/\/focotocantinense.com.br\/?p=4841"},"modified":"2023-05-24T16:33:53","modified_gmt":"2023-05-24T19:33:53","slug":"projeto-do-vereador-napoleao-dionisio-dispoe-sobre-a-denominacao-emplacamento-e-numeracao-das-vias-publicas-de-lagoa-da-confusao","status":"publish","type":"post","link":"https:\/\/focotocantinense.com.br\/?p=4841","title":{"rendered":"Projeto do\u00a0 vereador Napole\u00e3o Dion\u00edsio disp\u00f5e sobre a denomina\u00e7\u00e3o, emplacamento e numera\u00e7\u00e3o das vias p\u00fablicas de Lagoa da Confus\u00e3o"},"content":{"rendered":"\n<p>A C\u00e2mara Municipal de Lagoa da Confus\u00e3o aprovou o Projeto de Lei de autoria do vereador Napole\u00e3o Dion\u00edsio&nbsp; que disp\u00f5e sobre a denomina\u00e7\u00e3o, emplacamento e numera\u00e7\u00e3o das vias p\u00fablicas e institui&nbsp; a obrigatoriedade&nbsp; de coloca\u00e7\u00e3o de numera\u00e7\u00e3o predial em cada domicilio do munic\u00edpio.<\/p>\n\n\n\n<p>Pelo projeto, o Poder Executivo Municipal fica obrigado a manter atualizado o cadastro de im\u00f3veis perante a ECT, informando a forma\u00e7\u00e3o de novos bairros, conjuntos habitacionais, pr\u00e9dios comerciais e residenciais, com os respectivos n\u00fameros de unidades comerciais ou residenciais, que compor\u00e3o cada pr\u00e9dio.<\/p>\n\n\n\n<p>Tamb\u00e9m dever\u00e3o ficarem atualizados o nomes da ruas e&nbsp; da lei que as denominou, bem como, a exig\u00eancia, aos propriet\u00e1rios, de fixa\u00e7\u00e3o de placa indicativa da numera\u00e7\u00e3o de identifica\u00e7\u00e3o do im\u00f3vel, al\u00e9m da supress\u00e3o permanente de tr\u00e2nsito de ve\u00edculo sem vias p\u00fablicas &nbsp;&nbsp;destinadas somente para pedestres, dentre outras medidas.<\/p>\n\n\n\n<figure class=\"wp-block-image size-large is-resized\"><img loading=\"lazy\" decoding=\"async\" src=\"https:\/\/focotocantinense.com.br\/wp-content\/uploads\/2023\/05\/1-Vereador-Napoleao-Dionisio-Foto-Zacarias-Martins-646x1024.jpg\" alt=\"\" class=\"wp-image-4843\" width=\"356\" height=\"565\" srcset=\"https:\/\/focotocantinense.com.br\/wp-content\/uploads\/2023\/05\/1-Vereador-Napoleao-Dionisio-Foto-Zacarias-Martins-646x1024.jpg 646w, https:\/\/focotocantinense.com.br\/wp-content\/uploads\/2023\/05\/1-Vereador-Napoleao-Dionisio-Foto-Zacarias-Martins-189x300.jpg 189w, https:\/\/focotocantinense.com.br\/wp-content\/uploads\/2023\/05\/1-Vereador-Napoleao-Dionisio-Foto-Zacarias-Martins.jpg 720w\" sizes=\"auto, (max-width: 356px) 100vw, 356px\" \/><\/figure>\n\n\n\n<figure class=\"wp-block-image is-resized\"><img loading=\"lazy\" decoding=\"async\" src=\"http:\/\/n1to.com.br\/img\/uploads\/VINI_67.jpg\" alt=\"\" width=\"839\" height=\"253\"\/><\/figure>\n","protected":false},"excerpt":{"rendered":"<p>A C\u00e2mara Municipal de Lagoa da Confus\u00e3o aprovou o Projeto de Lei de autoria do vereador Napole\u00e3o Dion\u00edsio&nbsp; que disp\u00f5e sobre a denomina\u00e7\u00e3o, emplacamento e numera\u00e7\u00e3o das vias p\u00fablicas e institui&nbsp; a obrigatoriedade&nbsp; de coloca\u00e7\u00e3o de numera\u00e7\u00e3o predial em cada domicilio do munic\u00edpio. Pelo projeto, o Poder Executivo Municipal fica obrigado a manter atualizado o &hellip;<\/p>\n","protected":false},"author":5,"featured_media":4842,"comment_status":"open","ping_status":"open","sticky":false,"template":"","format":"standard","meta":{"footnotes":""},"categories":[71],"tags":[],"class_list":["post-4841","post","type-post","status-publish","format-standard","has-post-thumbnail","","category-lagoa-da-confusao"],"_links":{"self":[{"href":"https:\/\/focotocantinense.com.br\/index.php?rest_route=\/wp\/v2\/posts\/4841","targetHints":{"allow":["GET"]}}],"collection":[{"href":"https:\/\/focotocantinense.com.br\/index.php?rest_route=\/wp\/v2\/posts"}],"about":[{"href":"https:\/\/focotocantinense.com.br\/index.php?rest_route=\/wp\/v2\/types\/post"}],"author":[{"embeddable":true,"href":"https:\/\/focotocantinense.com.br\/index.php?rest_route=\/wp\/v2\/users\/5"}],"replies":[{"embeddable":true,"href":"https:\/\/focotocantinense.com.br\/index.php?rest_route=%2Fwp%2Fv2%2Fcomments&post=4841"}],"version-history":[{"count":6,"href":"https:\/\/focotocantinense.com.br\/index.php?rest_route=\/wp\/v2\/posts\/4841\/revisions"}],"predecessor-version":[{"id":4849,"href":"https:\/\/focotocantinense.com.br\/index.php?rest_route=\/wp\/v2\/posts\/4841\/revisions\/4849"}],"wp:featuredmedia":[{"embeddable":true,"href":"https:\/\/focotocantinense.com.br\/index.php?rest_route=\/wp\/v2\/media\/4842"}],"wp:attachment":[{"href":"https:\/\/focotocantinense.com.br\/index.php?rest_route=%2Fwp%2Fv2%2Fmedia&parent=4841"}],"wp:term":[{"taxonomy":"category","embeddable":true,"href":"https:\/\/focotocantinense.com.br\/index.php?rest_route=%2Fwp%2Fv2%2Fcategories&post=4841"},{"taxonomy":"post_tag","embeddable":true,"href":"https:\/\/focotocantinense.com.br\/index.php?rest_route=%2Fwp%2Fv2%2Ftags&post=4841"}],"curies":[{"name":"wp","href":"https:\/\/api.w.org\/{rel}","templated":true}]}}