{"id":4838,"date":"2023-05-23T19:33:19","date_gmt":"2023-05-23T22:33:19","guid":{"rendered":"https:\/\/focotocantinense.com.br\/?p=4838"},"modified":"2023-05-23T19:33:19","modified_gmt":"2023-05-23T22:33:19","slug":"agrotins-2023-bate-recorde-com-quase-r-3-bilhoes-em-movimentacao-financeira","status":"publish","type":"post","link":"https:\/\/focotocantinense.com.br\/?p=4838","title":{"rendered":"Agrotins 2023 bate recorde com quase R$ 3 bilh\u00f5es em movimenta\u00e7\u00e3o financeira"},"content":{"rendered":"\n<p>Chegou ao fim mais uma edi\u00e7\u00e3o da Feira de Tecnologia Agropecu\u00e1ria do Tocantins (Agrotins 2023) e, desta vez, batendo mais um recorde em volume de neg\u00f3cios. Foram R$ 2,95 bilh\u00f5es em movimenta\u00e7\u00e3o financeira, enquanto no ano passado, que j\u00e1 havia batido a maior marca de vendas, quando as negocia\u00e7\u00f5es movimentaram R$ 2,5 bilh\u00f5es. Durante a feira, que recebeu o tema&nbsp;<em>Compliance no Agro<\/em>, o governador Wanderlei Barbosa realizou assinaturas de t\u00edtulos de escrituras de terras, lan\u00e7ou frente parlamentar em defesa do agroneg\u00f3cio e destinou R$ 10 milh\u00f5es em verba para programas que v\u00e3o fomentar a agricultura familiar.&nbsp;<\/p>\n\n\n\n<p>Ao todo, 890 expositores de diversos segmentos apresentaram seus produtos ou servi\u00e7os, ao passo que, em 2022, foram cerca de 800. A expectativa de visitantes tamb\u00e9m foi superada, 196 mil pessoas passaram nos cinco dias de feira. A organiza\u00e7\u00e3o esperava por um p\u00fablico de 150 mil visitantes.&nbsp;<\/p>\n\n\n\n<p>\u201cEsse volume de neg\u00f3cios nos deixa realizados e mostra a import\u00e2ncia da Agrotins para o Tocantins. O que vimos foi o resultado de muito trabalho, um conjunto de a\u00e7\u00f5es que foi realizado em parceria com as nossas secretarias, institutos de ensino e pesquisa, e com os produtores e empres\u00e1rios do agroneg\u00f3cio. N\u00e3o podemos deixar de mencionar que o Governo do Tocantins se dedicou tamb\u00e9m a oferecer um sistema tribut\u00e1rio justo, contemplando todas as cadeias produtivas. Portanto, o resultado n\u00e3o seria diferente: a Feira bateu todos os recordes e se tornou a maior edi\u00e7\u00e3o de todos os tempos\u201d, expressou o governador Wanderlei Barbosa.&nbsp;<br><br>O secret\u00e1rio de Estado da Agricultura e Pecu\u00e1ria, Jaime Caf\u00e9, ressaltou a satisfa\u00e7\u00e3o com os resultados obtidos na edi\u00e7\u00e3o e a participa\u00e7\u00e3o relevante dos produtores que n\u00e3o hesitaram em realizar neg\u00f3cios. \u201cA Agrotins 2023 superou todas as expectativas que n\u00f3s t\u00ednhamos. Foram 890 expositores colocando seus servi\u00e7os, equipamentos e produtos, um crescimento de mais de 15% em negocia\u00e7\u00f5es, comparado \u00e0 edi\u00e7\u00e3o do ano passado. Foi um ano de mercado com pre\u00e7os desfavor\u00e1veis, mesmo assim, os expositores investiram, assim como o produtor que n\u00e3o deixou de comprar equipamentos para fazer o plantio, sementes e insumos. Foi uma edi\u00e7\u00e3o extremamente produtiva com um compromisso muito grande para quem organiza o evento, assim como para quem participa\u201d, destacou.<\/p>\n\n\n\n<p>O empres\u00e1rio e presidente da Federa\u00e7\u00e3o das Associa\u00e7\u00f5es Comerciais e Empresariais do Tocantins (Faciet), Fabiano do Vale, mais conhecido como Fabiano Parafusos, disse estar surpreso com a propor\u00e7\u00e3o da feira deste ano e parabenizou o Governo do Tocantins, assim como os organizadores da Agrotins, pelo trabalho incr\u00edvel realizado. \u201cFoi uma das melhores Agrotins que eu participei em todos os tempos, bem prestigiada com muitos expositores, com muitas empresas. Uma Agrotins que o empresariado veio para fazer neg\u00f3cio, preparado para poder vender e atender. Acredito que a maioria deles, assim como eu, se surpreendeu, chegando a bons valores de vendas, devido \u00e0 quantidade de pessoas que visitaram a feira este ano. S\u00f3 tenho a parabenizar o Governo do Tocantins e os demais organizadores por fazer um trabalho magn\u00edfico que \u00e9 a Agrotins\u201d, conferiu.<\/p>\n\n\n\n<p><strong>Compliance no Agro<\/strong><\/p>\n\n\n\n<p>A feira teve in\u00edcio no dia 16 de maio e seguiu at\u00e9 o dia 20 com o tema&nbsp;<em>Compliance no Agro<\/em>. A Agrotins \u00e9 o maior evento agrotecnol\u00f3gico do Norte do Brasil e tem como objetivo promover o desenvolvimento do campo, destacando suas potencialidades, assim como visa apoiar e divulgar as a\u00e7\u00f5es de pesquisa, adapta\u00e7\u00e3o, valida\u00e7\u00e3o, divulga\u00e7\u00e3o e transfer\u00eancia de tecnologias ao setor produtivo. O espa\u00e7o da feira foi pensado para abranger audit\u00f3rios, restaurantes, \u00e1rea de exposi\u00e7\u00f5es de m\u00e1quinas, servi\u00e7os, animais, dentre outros.<br><br>A 23\u00aa edi\u00e7\u00e3o foi uma realiza\u00e7\u00e3o do Governo do Tocantins, por meio da Secretaria de Estado da Agricultura e Pecu\u00e1ria (Seagro), da Ag\u00eancia de Defesa Agropecu\u00e1ria (Adapec), do Instituto de Desenvolvimento Rural do Tocantins (Ruraltins), da Funda\u00e7\u00e3o de Amparo \u00e0 Pesquisa do Tocantins (Fapt) e da Tocantins Parcerias, em conjunto com empresas do agro, institui\u00e7\u00f5es e \u00f3rg\u00e3os p\u00fablicos, de pesquisas e educacionais.<\/p>\n\n\n\n<p><img decoding=\"async\" src=\"https:\/\/central.to.gov.br\/image\/330960?w=670&amp;h=383\"><\/p>\n\n\n\n<p><em><strong>Este ano, Agrotins bateu recorde em volume de neg\u00f3cios com R$ 2,95 bilh\u00f5es em movimenta\u00e7\u00e3o financeira &#8211; Foto: Loise Maria\/Governo do Tocantins<\/strong><\/em>\u00a0<\/p>\n\n\n\n<p><img decoding=\"async\" src=\"https:\/\/central.to.gov.br\/image\/330959?w=670&amp;h=383\"><\/p>\n\n\n\n<p><em><strong>Governador ressalta que Agrotins 2023 bateu recordes e se tornou a maior edi\u00e7\u00e3o de todos os tempos &#8211; Foto: Loise Maria\/Governo do Tocantins\u00a0<\/strong><\/em><\/p>\n\n\n\n<figure class=\"wp-block-image size-large is-resized\"><img loading=\"lazy\" decoding=\"async\" src=\"https:\/\/focotocantinense.com.br\/wp-content\/uploads\/2023\/05\/5215c382-74e8-4be1-ae0e-821dde0eaaee-576x1024.jpg\" alt=\"\" class=\"wp-image-4819\" width=\"837\" height=\"1488\" srcset=\"https:\/\/focotocantinense.com.br\/wp-content\/uploads\/2023\/05\/5215c382-74e8-4be1-ae0e-821dde0eaaee-576x1024.jpg 576w, https:\/\/focotocantinense.com.br\/wp-content\/uploads\/2023\/05\/5215c382-74e8-4be1-ae0e-821dde0eaaee-169x300.jpg 169w, https:\/\/focotocantinense.com.br\/wp-content\/uploads\/2023\/05\/5215c382-74e8-4be1-ae0e-821dde0eaaee-768x1365.jpg 768w, https:\/\/focotocantinense.com.br\/wp-content\/uploads\/2023\/05\/5215c382-74e8-4be1-ae0e-821dde0eaaee-864x1536.jpg 864w, https:\/\/focotocantinense.com.br\/wp-content\/uploads\/2023\/05\/5215c382-74e8-4be1-ae0e-821dde0eaaee.jpg 900w\" sizes=\"auto, (max-width: 837px) 100vw, 837px\" \/><\/figure>\n\n\n\n<figure class=\"wp-block-image is-resized\"><img loading=\"lazy\" decoding=\"async\" src=\"http:\/\/n1to.com.br\/img\/uploads\/VINI_67.jpg\" alt=\"\" width=\"838\" height=\"253\"\/><\/figure>\n","protected":false},"excerpt":{"rendered":"<p>Chegou ao fim mais uma edi\u00e7\u00e3o da Feira de Tecnologia Agropecu\u00e1ria do Tocantins (Agrotins 2023) e, desta vez, batendo mais um recorde em volume de neg\u00f3cios. Foram R$ 2,95 bilh\u00f5es em movimenta\u00e7\u00e3o financeira, enquanto no ano passado, que j\u00e1 havia batido a maior marca de vendas, quando as negocia\u00e7\u00f5es movimentaram R$ 2,5 bilh\u00f5es. Durante a &hellip;<\/p>\n","protected":false},"author":5,"featured_media":4839,"comment_status":"open","ping_status":"open","sticky":false,"template":"","format":"standard","meta":{"footnotes":""},"categories":[40],"tags":[],"class_list":["post-4838","post","type-post","status-publish","format-standard","has-post-thumbnail","","category-politica"],"_links":{"self":[{"href":"https:\/\/focotocantinense.com.br\/index.php?rest_route=\/wp\/v2\/posts\/4838","targetHints":{"allow":["GET"]}}],"collection":[{"href":"https:\/\/focotocantinense.com.br\/index.php?rest_route=\/wp\/v2\/posts"}],"about":[{"href":"https:\/\/focotocantinense.com.br\/index.php?rest_route=\/wp\/v2\/types\/post"}],"author":[{"embeddable":true,"href":"https:\/\/focotocantinense.com.br\/index.php?rest_route=\/wp\/v2\/users\/5"}],"replies":[{"embeddable":true,"href":"https:\/\/focotocantinense.com.br\/index.php?rest_route=%2Fwp%2Fv2%2Fcomments&post=4838"}],"version-history":[{"count":1,"href":"https:\/\/focotocantinense.com.br\/index.php?rest_route=\/wp\/v2\/posts\/4838\/revisions"}],"predecessor-version":[{"id":4840,"href":"https:\/\/focotocantinense.com.br\/index.php?rest_route=\/wp\/v2\/posts\/4838\/revisions\/4840"}],"wp:featuredmedia":[{"embeddable":true,"href":"https:\/\/focotocantinense.com.br\/index.php?rest_route=\/wp\/v2\/media\/4839"}],"wp:attachment":[{"href":"https:\/\/focotocantinense.com.br\/index.php?rest_route=%2Fwp%2Fv2%2Fmedia&parent=4838"}],"wp:term":[{"taxonomy":"category","embeddable":true,"href":"https:\/\/focotocantinense.com.br\/index.php?rest_route=%2Fwp%2Fv2%2Fcategories&post=4838"},{"taxonomy":"post_tag","embeddable":true,"href":"https:\/\/focotocantinense.com.br\/index.php?rest_route=%2Fwp%2Fv2%2Ftags&post=4838"}],"curies":[{"name":"wp","href":"https:\/\/api.w.org\/{rel}","templated":true}]}}