{"id":4832,"date":"2023-05-23T19:08:08","date_gmt":"2023-05-23T22:08:08","guid":{"rendered":"https:\/\/focotocantinense.com.br\/?p=4832"},"modified":"2023-05-23T19:08:54","modified_gmt":"2023-05-23T22:08:54","slug":"professor-da-unirg-desenvolve-projeto-de-marketing-estrategico-para-produtores-de-mandioca-do-assentamento-micro-jandira","status":"publish","type":"post","link":"https:\/\/focotocantinense.com.br\/?p=4832","title":{"rendered":"Professor da UnirG desenvolve projeto de Marketing Estrat\u00e9gico para produtores de mandioca do Assentamento Micro Jandira"},"content":{"rendered":"\n<p>Contribuir com o aumento da visibilidade e das vendas dos produtos fabricados no Arranjo Produtivo Local&nbsp;Agroindustria&nbsp;da Mandioca na Regi\u00e3o Micro Jandira (APL) s\u00e3o alguns dos objetivos de um projeto coordenado pelo professor Dr. Marllos Peres de Melo, da Universidade de Gurupi \u2013 UnirG. O projeto foi aprovado no edital Pesquisa Agropecu\u00e1ria e recebeu&nbsp;recursos Funda\u00e7\u00e3o&nbsp;de Amparo \u00e0 Pesquisa do Estado do Tocantins (FAPT), em parceria com a Secretaria da Agricultura, Pecu\u00e1ria e Aquicultura&nbsp;(Seagro).&nbsp;<\/p>\n\n\n\n<p>O APL Micro Jandira est\u00e1 situado a 12 km de Gurupi, em uma \u00e1rea de 120 mil hectares. Os 37 produtores trabalham na produ\u00e7\u00e3o de mandioca e derivados, como farinha de puba tradicional, farinha de puba com coco, puba com manteiga, farinha branca, farinha de beju, porvilho, massa da puba e massa da mandioca mansa para preparo de bolo.<\/p>\n\n\n\n<p>O projeto tem a proposta de implantar e implementar processos e produtos de comunica\u00e7\u00e3o para inserir a marca \u201cArranjo Produtivo Local Agroindustria da Mandioca na Regi\u00e3o Micro Jandira\u201d no mercado, como refer\u00eancia de qualidade em produtos naturais, com proced\u00eancia confi\u00e1vel. Pretende ainda estimular e aumentar a produ\u00e7\u00e3o de mandioca em Gurupi e regi\u00e3o, melhorar a condi\u00e7\u00e3o s\u00f3cioecon\u00f4mica dos produtores organizados em APL e ter uma linha de produtos derivados da mandioca reconhecidos e comercializados nacionalmente.<\/p>\n\n\n\n<p>Entre as a\u00e7\u00f5es que ser\u00e3o realizadas est\u00e3o o desenvolvimento da marca comercial e aplica\u00e7\u00e3o em embalagens e materiais gr\u00e1ficos como folder, banner, selos, cartazes e cat\u00e1logos. Tamb\u00e9m est\u00e1 previsto um trabalho de endomarketing para que os produtores participem mais ativamente do APL e para que a divulga\u00e7\u00e3o dos resultados alcan\u00e7ados motive novos produtores a participarem do projeto.<\/p>\n\n\n\n<p>De acordo com o coordenador do projeto, Dr. Marllos Peres, os recursos direcionados ao apoio de pesquisas no Tocantins, tem sido de grande import\u00e2ncia. \u201cO projeto voltado ao APL Micro Jandira, busca agregar valor e abrir novos campos de venda para os produtores da localidade. Diante disso vemos a import\u00e2ncia dos investimentos em pesquisa que aumentaram no Tocantins, o que n\u00e3o ocorria h\u00e1 muitos anos no Estado\u201d, disse.&nbsp;&nbsp;<\/p>\n\n\n\n<p>Tamb\u00e9m integram a equipe do projeto, a professora da UnirG e coordenadora do Inova Gurupi, Ma. Adriana Terra, al\u00e9m de docentes da Universidade Federal do Tocantins (UFT), Instituto Federal de Educa\u00e7\u00e3o, Ci\u00eancia e Tecnologia do Tocantins (IFTO), representantes da Prefeitura de Gurupi&nbsp;e acad\u00eamicos da UnirG.<\/p>\n\n\n\n<p>\u201cO Arranjo Produtivo Local \u00e9 uma ferramenta de desenvolvimento territorial, que est\u00e1 sendo implantada por meio do Inova Gurupi. Por meio do Marketing Estrat\u00e9gico e aumentando a visibilidade dos produtos feitos no APL, a renda dos produtores deve ser incrementada\u201d, explica a coordenadora do Inova Gurupi, professora Ma. Adriana Terra.<\/p>\n\n\n\n<p>Outros dois projetos tamb\u00e9m receberam recursos por meio do edital da FAPT, voltados para a aquisi\u00e7\u00e3o de equipamentos para o processamento da farinha e tamb\u00e9m para o melhoramento da cultura da mandioca a partir da aplica\u00e7\u00e3o de&nbsp;arbolina.&nbsp;&nbsp;<\/p>\n\n\n\n<p>Para o Pr\u00f3-reitor de Pesquisa e P\u00f3s-gradua\u00e7\u00e3o da UnirG, Dr. F\u00e1bio Pegoraro, o Governo do Tocantins tem investido em Ci\u00eancia, Tecnologia e Inova\u00e7\u00e3o, impulsionando o progresso. \u201cA inova\u00e7\u00e3o est\u00e1 relacionada \u00e0 cria\u00e7\u00e3o de novas ideias, produtos, processos e modelos de neg\u00f3cio que trazem benef\u00edcios econ\u00f4micos e sociais. Ela permite que a ci\u00eancia e a tecnologia sejam aplicadas de maneiras inesperadas e revolucion\u00e1rias, transformando setores inteiros da sociedade\u201d, disse.<\/p>\n\n\n\n<p>Atualmente os produtos do APL Micro Jandira s\u00e3o comercializados por meio do Programa Nacional de Alimenta\u00e7\u00e3o Escolar (Pnae), compra direta, na pr\u00f3pria associa\u00e7\u00e3o, em nove aldeias indignas na Ilha do Bananal e em feiras. A produ\u00e7\u00e3o di\u00e1ria atual, de 140 quilos di\u00e1rios, ainda \u00e9 insuficiente para atender a demanda do mercado local, mas pode ser expandida para at\u00e9 uma tonelada ao dia.<\/p>\n\n\n\n<figure class=\"wp-block-image size-full\"><img loading=\"lazy\" decoding=\"async\" width=\"934\" height=\"509\" src=\"https:\/\/focotocantinense.com.br\/wp-content\/uploads\/2023\/05\/AAA-5.jpg\" alt=\"\" class=\"wp-image-4836\" srcset=\"https:\/\/focotocantinense.com.br\/wp-content\/uploads\/2023\/05\/AAA-5.jpg 934w, https:\/\/focotocantinense.com.br\/wp-content\/uploads\/2023\/05\/AAA-5-300x163.jpg 300w, https:\/\/focotocantinense.com.br\/wp-content\/uploads\/2023\/05\/AAA-5-768x419.jpg 768w\" sizes=\"auto, (max-width: 934px) 100vw, 934px\" \/><\/figure>\n\n\n\n<figure class=\"wp-block-image is-resized\"><img loading=\"lazy\" decoding=\"async\" src=\"http:\/\/n1to.com.br\/img\/uploads\/VINI_67.jpg\" alt=\"\" width=\"842\" height=\"254\"\/><\/figure>\n","protected":false},"excerpt":{"rendered":"<p>Contribuir com o aumento da visibilidade e das vendas dos produtos fabricados no Arranjo Produtivo Local&nbsp;Agroindustria&nbsp;da Mandioca na Regi\u00e3o Micro Jandira (APL) s\u00e3o alguns dos objetivos de um projeto coordenado pelo professor Dr. Marllos Peres de Melo, da Universidade de Gurupi \u2013 UnirG. O projeto foi aprovado no edital Pesquisa Agropecu\u00e1ria e recebeu&nbsp;recursos Funda\u00e7\u00e3o&nbsp;de Amparo &hellip;<\/p>\n","protected":false},"author":5,"featured_media":4833,"comment_status":"open","ping_status":"open","sticky":false,"template":"","format":"standard","meta":{"footnotes":""},"categories":[38],"tags":[],"class_list":["post-4832","post","type-post","status-publish","format-standard","has-post-thumbnail","","category-gurupi"],"_links":{"self":[{"href":"https:\/\/focotocantinense.com.br\/index.php?rest_route=\/wp\/v2\/posts\/4832","targetHints":{"allow":["GET"]}}],"collection":[{"href":"https:\/\/focotocantinense.com.br\/index.php?rest_route=\/wp\/v2\/posts"}],"about":[{"href":"https:\/\/focotocantinense.com.br\/index.php?rest_route=\/wp\/v2\/types\/post"}],"author":[{"embeddable":true,"href":"https:\/\/focotocantinense.com.br\/index.php?rest_route=\/wp\/v2\/users\/5"}],"replies":[{"embeddable":true,"href":"https:\/\/focotocantinense.com.br\/index.php?rest_route=%2Fwp%2Fv2%2Fcomments&post=4832"}],"version-history":[{"count":3,"href":"https:\/\/focotocantinense.com.br\/index.php?rest_route=\/wp\/v2\/posts\/4832\/revisions"}],"predecessor-version":[{"id":4837,"href":"https:\/\/focotocantinense.com.br\/index.php?rest_route=\/wp\/v2\/posts\/4832\/revisions\/4837"}],"wp:featuredmedia":[{"embeddable":true,"href":"https:\/\/focotocantinense.com.br\/index.php?rest_route=\/wp\/v2\/media\/4833"}],"wp:attachment":[{"href":"https:\/\/focotocantinense.com.br\/index.php?rest_route=%2Fwp%2Fv2%2Fmedia&parent=4832"}],"wp:term":[{"taxonomy":"category","embeddable":true,"href":"https:\/\/focotocantinense.com.br\/index.php?rest_route=%2Fwp%2Fv2%2Fcategories&post=4832"},{"taxonomy":"post_tag","embeddable":true,"href":"https:\/\/focotocantinense.com.br\/index.php?rest_route=%2Fwp%2Fv2%2Ftags&post=4832"}],"curies":[{"name":"wp","href":"https:\/\/api.w.org\/{rel}","templated":true}]}}