{"id":4827,"date":"2023-05-23T19:02:56","date_gmt":"2023-05-23T22:02:56","guid":{"rendered":"https:\/\/focotocantinense.com.br\/?p=4827"},"modified":"2023-05-23T19:06:32","modified_gmt":"2023-05-23T22:06:32","slug":"4827","status":"publish","type":"post","link":"https:\/\/focotocantinense.com.br\/?p=4827","title":{"rendered":"Deputado Gutierres comemora MP que reduz em 5% a al\u00edquota do gado"},"content":{"rendered":"\n<p>Desde o in\u00edcio do trabalho legislativo, em fevereiro deste ano, o deputado Gutierres Torquato vem lutando pela redu\u00e7\u00e3o da al\u00edquota do gado na Assembleia Legislativa do Tocantins.&nbsp;<\/p>\n\n\n\n<p>Com o fim do conv\u00eanio N\u00ba. 019\/2022 e do Conv\u00eanio 120\/2022, ambos do Conselho Nacional de Pol\u00edtica Fazend\u00e1ria (Confaz), a al\u00edquota do gado teve um aumento significativo, indo para 12%. Tendo o Estado do Tocantins um rebanho superior a 10 milh\u00f5es de cabe\u00e7as de gado, visando manter o estado como grande propulsor do mercado bovino e viabilizar para que os produtores tocantinenses possam continuar a fomentar a economia Estadual de forma competitiva em \u00e2mbito nacional, o deputado Gutierres entende que os incentivos s\u00e3o necess\u00e1rios e tem lutado pela redu\u00e7\u00e3o da al\u00edquota junto ao Governo do Estado.&nbsp;<\/p>\n\n\n\n<p>Na noite desta quarta-feira, 10, foi publicado no Di\u00e1rio Oficial do Estado do Tocantins uma Medida Provis\u00f3ria reduzindo a al\u00edquota do gado em 5%.<\/p>\n\n\n\n<p>\u201cUma cadeia produtiva funcionando, \u00e9 o que n\u00f3s precisamos para fomentar a economia tocantinense, por isso, solicitamos ao Governo do Estado do Tocantins a redu\u00e7\u00e3o da al\u00edquota. Conhecendo o Governador Wanderlei Barbosa e a sua sensibilidade com o produtor rural, n\u00f3s sab\u00edamos que o nosso pedido seria atendido\u201d, afirma o deputado Gutierres.<\/p>\n\n\n\n<p><strong>Frente Parlamentar do Agroneg\u00f3cio<\/strong><\/p>\n\n\n\n<p>O deputado Gutierres est\u00e1 encabe\u00e7ando a cria\u00e7\u00e3o da Frente Parlamentar do Agroneg\u00f3cio do Tocantins. O movimento teve in\u00edcio com a sua luta pela redu\u00e7\u00e3o da al\u00edquota do gado, no in\u00edcio do seu mandato.<\/p>\n\n\n\n<p>Em parceria com a Faet (Federa\u00e7\u00e3o da Agricultura do Estado do Tocantins) e com o Senar Tocantins (Servi\u00e7o Nacional de Aprendizagem Rural), a Frente Parlamentar do Agroneg\u00f3cio ser\u00e1 lan\u00e7ada no dia 18 de maio de 2023, dentro da maior feira tecnol\u00f3gica voltada para o agroneg\u00f3cio do norte do Brasil, a Agrotins.<\/p>\n\n\n\n<figure class=\"wp-block-image size-large is-resized\"><img loading=\"lazy\" decoding=\"async\" src=\"https:\/\/focotocantinense.com.br\/wp-content\/uploads\/2023\/05\/BBB-1-1024x484.jpg\" alt=\"\" class=\"wp-image-4828\" width=\"838\" height=\"397\" srcset=\"https:\/\/focotocantinense.com.br\/wp-content\/uploads\/2023\/05\/BBB-1-1024x484.jpg 1024w, https:\/\/focotocantinense.com.br\/wp-content\/uploads\/2023\/05\/BBB-1-300x142.jpg 300w, https:\/\/focotocantinense.com.br\/wp-content\/uploads\/2023\/05\/BBB-1-768x363.jpg 768w, https:\/\/focotocantinense.com.br\/wp-content\/uploads\/2023\/05\/BBB-1.jpg 1067w\" sizes=\"auto, (max-width: 838px) 100vw, 838px\" \/><\/figure>\n\n\n\n<figure class=\"wp-block-gallery has-nested-images columns-default is-cropped wp-block-gallery-1 is-layout-flex wp-block-gallery-is-layout-flex\">\n<figure class=\"wp-block-image size-large\"><img loading=\"lazy\" decoding=\"async\" width=\"576\" height=\"1024\" data-id=\"4819\" src=\"https:\/\/focotocantinense.com.br\/wp-content\/uploads\/2023\/05\/5215c382-74e8-4be1-ae0e-821dde0eaaee-576x1024.jpg\" alt=\"\" class=\"wp-image-4819\" srcset=\"https:\/\/focotocantinense.com.br\/wp-content\/uploads\/2023\/05\/5215c382-74e8-4be1-ae0e-821dde0eaaee-576x1024.jpg 576w, https:\/\/focotocantinense.com.br\/wp-content\/uploads\/2023\/05\/5215c382-74e8-4be1-ae0e-821dde0eaaee-169x300.jpg 169w, https:\/\/focotocantinense.com.br\/wp-content\/uploads\/2023\/05\/5215c382-74e8-4be1-ae0e-821dde0eaaee-768x1365.jpg 768w, https:\/\/focotocantinense.com.br\/wp-content\/uploads\/2023\/05\/5215c382-74e8-4be1-ae0e-821dde0eaaee-864x1536.jpg 864w, https:\/\/focotocantinense.com.br\/wp-content\/uploads\/2023\/05\/5215c382-74e8-4be1-ae0e-821dde0eaaee.jpg 900w\" sizes=\"auto, (max-width: 576px) 100vw, 576px\" \/><\/figure>\n<\/figure>\n","protected":false},"excerpt":{"rendered":"<p>Desde o in\u00edcio do trabalho legislativo, em fevereiro deste ano, o deputado Gutierres Torquato vem lutando pela redu\u00e7\u00e3o da al\u00edquota do gado na Assembleia Legislativa do Tocantins.&nbsp; Com o fim do conv\u00eanio N\u00ba. 019\/2022 e do Conv\u00eanio 120\/2022, ambos do Conselho Nacional de Pol\u00edtica Fazend\u00e1ria (Confaz), a al\u00edquota do gado teve um aumento significativo, indo &hellip;<\/p>\n","protected":false},"author":5,"featured_media":4828,"comment_status":"open","ping_status":"open","sticky":false,"template":"","format":"standard","meta":{"footnotes":""},"categories":[40],"tags":[],"class_list":["post-4827","post","type-post","status-publish","format-standard","has-post-thumbnail","","category-politica"],"_links":{"self":[{"href":"https:\/\/focotocantinense.com.br\/index.php?rest_route=\/wp\/v2\/posts\/4827","targetHints":{"allow":["GET"]}}],"collection":[{"href":"https:\/\/focotocantinense.com.br\/index.php?rest_route=\/wp\/v2\/posts"}],"about":[{"href":"https:\/\/focotocantinense.com.br\/index.php?rest_route=\/wp\/v2\/types\/post"}],"author":[{"embeddable":true,"href":"https:\/\/focotocantinense.com.br\/index.php?rest_route=\/wp\/v2\/users\/5"}],"replies":[{"embeddable":true,"href":"https:\/\/focotocantinense.com.br\/index.php?rest_route=%2Fwp%2Fv2%2Fcomments&post=4827"}],"version-history":[{"count":3,"href":"https:\/\/focotocantinense.com.br\/index.php?rest_route=\/wp\/v2\/posts\/4827\/revisions"}],"predecessor-version":[{"id":4831,"href":"https:\/\/focotocantinense.com.br\/index.php?rest_route=\/wp\/v2\/posts\/4827\/revisions\/4831"}],"wp:featuredmedia":[{"embeddable":true,"href":"https:\/\/focotocantinense.com.br\/index.php?rest_route=\/wp\/v2\/media\/4828"}],"wp:attachment":[{"href":"https:\/\/focotocantinense.com.br\/index.php?rest_route=%2Fwp%2Fv2%2Fmedia&parent=4827"}],"wp:term":[{"taxonomy":"category","embeddable":true,"href":"https:\/\/focotocantinense.com.br\/index.php?rest_route=%2Fwp%2Fv2%2Fcategories&post=4827"},{"taxonomy":"post_tag","embeddable":true,"href":"https:\/\/focotocantinense.com.br\/index.php?rest_route=%2Fwp%2Fv2%2Ftags&post=4827"}],"curies":[{"name":"wp","href":"https:\/\/api.w.org\/{rel}","templated":true}]}}