{"id":4817,"date":"2023-05-22T18:39:23","date_gmt":"2023-05-22T21:39:23","guid":{"rendered":"https:\/\/focotocantinense.com.br\/?p=4817"},"modified":"2023-05-22T18:39:33","modified_gmt":"2023-05-22T21:39:33","slug":"caravana-do-legislativo-vai-levar-informacoes-a-municipios-sobre-a-lei-paulo-gustavo","status":"publish","type":"post","link":"https:\/\/focotocantinense.com.br\/?p=4817","title":{"rendered":"Caravana do Legislativo vai levar informa\u00e7\u00f5es a munic\u00edpios sobre a Lei Paulo Gustavo"},"content":{"rendered":"\n<p>O projeto \u201cCaravana Legislativa\u201d, iniciativa da Escola do Legislativo que levar\u00e1 forma\u00e7\u00e3o \u00e0s C\u00e2maras dos 139 munic\u00edpios do Tocantins sobre a implementa\u00e7\u00e3o e capta\u00e7\u00e3o dos elabora\u00e7\u00e3o de projetos destinados \u00e0 aplica\u00e7\u00e3o de recursos oriundos da Lei Paulo Gustavo, ter\u00e1 in\u00edcio nesta segunda-feira, 22, \u00e0s 14 horas, na C\u00e2mara Municipal de Augustin\u00f3polis, na regi\u00e3o do Bico do Papagaio.<\/p>\n\n\n\n<p>Com esta finalidade, a Escola do Legislativo constituiu parceria com o Minist\u00e9rio da Cultura, com o Comit\u00ea Paulo Gustavo do Tocantins e com as C\u00e2maras Municipais de cinco cidades p\u00f3los: Augustin\u00f3polis, Aragua\u00edna, Gurupi, Dian\u00f3polis e Mateiros, que receber\u00e3o a caravana.<\/p>\n\n\n\n<p>Na pr\u00e1tica, t\u00e9cnicos da Escola e do Comit\u00ea Paulo Gustavo do Minist\u00e9rio v\u00e3o levar informa\u00e7\u00f5es aos legisladores municipais, gestores, artistas e entidades culturais sobre a implementa\u00e7\u00e3o de projetos para obten\u00e7\u00e3o e aplica\u00e7\u00e3o dos recursos advindos da lei, para os nos munic\u00edpios.<\/p>\n\n\n\n<p><strong>Regi\u00f5es<\/strong><\/p>\n\n\n\n<p>No dia 23 de maio a forma\u00e7\u00e3o ser\u00e1 na cidade de Aragua\u00edna; dia 24 chega a Gurupi; dia 25 Dian\u00f3polis e dia 27 a Mateiros, no Jalap\u00e3o. Estas cidades funcionar\u00e3o como polos das diversas regi\u00f5es do Estado e cada interessado dever\u00e1 se inscrever para a sede mais pr\u00f3xima e para a que melhor lhe atender.<\/p>\n\n\n\n<p>As inscri\u00e7\u00f5es para os eventos ser\u00e3o feitos atrav\u00e9s do link&nbsp;<a href=\"https:\/\/www.escolalegto.com.br\/enrollment,\">https:\/\/www.escolalegto.com.br\/enrollment,<\/a>&nbsp;sendo que as palestras ser\u00e3o proferidas pelo procurador da Assembleia Legislativo, Welington Campos, pelo representante do Comit\u00ea Paulo Gustavo no Tocantins Minist\u00e9rio da Cultura, C\u00edcero Bel\u00e9m, e pela gestora de projetos t\u00e9cnicos da Escola do Legislativo, Meire Maria Monteiro.<\/p>\n\n\n\n<p><strong>Fiscaliza\u00e7\u00e3o<\/strong><\/p>\n\n\n\n<p>Os projetos culturais a serem realizados com recursos da Lei Paulo Gustavo nos munic\u00edpios dever\u00e3o seguir editais produzidos pelas prefeituras e os de car\u00e1ter estadual se basear\u00e3o em editais do governo estadual.&nbsp;<\/p>\n\n\n\n<p>O foco central da Escola do Legislativo \u00e9 promover a capacita\u00e7\u00e3o das C\u00e2maras Municipais para que elas possam contribuir na mobiliza\u00e7\u00e3o das comunidades, na sensibiliza\u00e7\u00e3o dos prefeitos para capta\u00e7\u00e3o dos recursos destinados ao munic\u00edpio e na formula\u00e7\u00e3o das leis municipais que dever\u00e3o propor para cria\u00e7\u00e3o de Conselhos de cultura, planos de cultura e dos demais instrumentos que visam promover a integra\u00e7\u00e3o dos munic\u00edpios ao Sistema Nacional de Cultura ser\u00e3o fiscalizadoras dos projetos e recursos em seus munic\u00edpios, e os deputados estaduais fiscalizar\u00e3o na esfera estadual.<\/p>\n\n\n\n<p>A forma\u00e7\u00e3o tem tamb\u00e9m a finalidade de evitar a devolu\u00e7\u00e3o de recursos destinados aos munic\u00edpios, como o que ocorreu durante a execu\u00e7\u00e3o da Lei Aldir Blanc 1, previstos na lei, em fun\u00e7\u00e3o do baixo n\u00famero de projetos apresentados ou dados insuficientes para a capta\u00e7\u00e3o dos recursos.<\/p>\n\n\n\n<p>O objetivo \u00e9 fortalecer a cultura no Estado, por meio dos recursos oriundos da Lei Paulo Gustavo, oferecendo melhores condi\u00e7\u00f5es de trabalho e de vida aos artistas e produtores culturais. A orienta\u00e7\u00e3o visa ainda a levar conhecimento para que munic\u00edpios e estado estejam totalmente integrados ao Sistema Nacional de Cultura.<\/p>\n\n\n\n<p><strong>Lei Paulo Gustavo<\/strong><\/p>\n\n\n\n<p>A Lei Paulo Gustavo prev\u00ea o repasse de R$ 3,86 bilh\u00f5es a estados, munic\u00edpios e ao Distrito Federal para aplica\u00e7\u00e3o em a\u00e7\u00f5es emergenciais que visem a combater e mitigar os efeitos da pandemia da Covid-19 sobre o setor cultural. Seu nome \u00e9 uma homenagem ao ator e humorista Paulo Gustavo, v\u00edtima da doen\u00e7a, e que faleceu em maio de 2021, aos 42 anos. em maio de 2021.<\/p>\n\n\n\n<p>O repasse para o Estado do Tocantins ser\u00e1 de R$ 41.377.715,65. Deste valor, o repasse para os munic\u00edpios ser\u00e1 de R$ 16.217.729,30.<\/p>\n\n\n\n<figure class=\"wp-block-image is-resized\"><img loading=\"lazy\" decoding=\"async\" src=\"http:\/\/n1to.com.br\/img\/uploads\/VINI_67.jpg\" alt=\"\" width=\"836\" height=\"252\"\/><\/figure>\n\n\n\n<figure class=\"wp-block-image size-large is-resized\"><img loading=\"lazy\" decoding=\"async\" src=\"https:\/\/focotocantinense.com.br\/wp-content\/uploads\/2023\/05\/5215c382-74e8-4be1-ae0e-821dde0eaaee-576x1024.jpg\" alt=\"\" class=\"wp-image-4819\" width=\"837\" height=\"1488\" srcset=\"https:\/\/focotocantinense.com.br\/wp-content\/uploads\/2023\/05\/5215c382-74e8-4be1-ae0e-821dde0eaaee-576x1024.jpg 576w, https:\/\/focotocantinense.com.br\/wp-content\/uploads\/2023\/05\/5215c382-74e8-4be1-ae0e-821dde0eaaee-169x300.jpg 169w, https:\/\/focotocantinense.com.br\/wp-content\/uploads\/2023\/05\/5215c382-74e8-4be1-ae0e-821dde0eaaee-768x1365.jpg 768w, https:\/\/focotocantinense.com.br\/wp-content\/uploads\/2023\/05\/5215c382-74e8-4be1-ae0e-821dde0eaaee-864x1536.jpg 864w, https:\/\/focotocantinense.com.br\/wp-content\/uploads\/2023\/05\/5215c382-74e8-4be1-ae0e-821dde0eaaee.jpg 900w\" sizes=\"auto, (max-width: 837px) 100vw, 837px\" \/><\/figure>\n","protected":false},"excerpt":{"rendered":"<p>O projeto \u201cCaravana Legislativa\u201d, iniciativa da Escola do Legislativo que levar\u00e1 forma\u00e7\u00e3o \u00e0s C\u00e2maras dos 139 munic\u00edpios do Tocantins sobre a implementa\u00e7\u00e3o e capta\u00e7\u00e3o dos elabora\u00e7\u00e3o de projetos destinados \u00e0 aplica\u00e7\u00e3o de recursos oriundos da Lei Paulo Gustavo, ter\u00e1 in\u00edcio nesta segunda-feira, 22, \u00e0s 14 horas, na C\u00e2mara Municipal de Augustin\u00f3polis, na regi\u00e3o do Bico &hellip;<\/p>\n","protected":false},"author":5,"featured_media":4818,"comment_status":"open","ping_status":"open","sticky":false,"template":"","format":"standard","meta":{"footnotes":""},"categories":[40],"tags":[],"class_list":["post-4817","post","type-post","status-publish","format-standard","has-post-thumbnail","","category-politica"],"_links":{"self":[{"href":"https:\/\/focotocantinense.com.br\/index.php?rest_route=\/wp\/v2\/posts\/4817","targetHints":{"allow":["GET"]}}],"collection":[{"href":"https:\/\/focotocantinense.com.br\/index.php?rest_route=\/wp\/v2\/posts"}],"about":[{"href":"https:\/\/focotocantinense.com.br\/index.php?rest_route=\/wp\/v2\/types\/post"}],"author":[{"embeddable":true,"href":"https:\/\/focotocantinense.com.br\/index.php?rest_route=\/wp\/v2\/users\/5"}],"replies":[{"embeddable":true,"href":"https:\/\/focotocantinense.com.br\/index.php?rest_route=%2Fwp%2Fv2%2Fcomments&post=4817"}],"version-history":[{"count":1,"href":"https:\/\/focotocantinense.com.br\/index.php?rest_route=\/wp\/v2\/posts\/4817\/revisions"}],"predecessor-version":[{"id":4820,"href":"https:\/\/focotocantinense.com.br\/index.php?rest_route=\/wp\/v2\/posts\/4817\/revisions\/4820"}],"wp:featuredmedia":[{"embeddable":true,"href":"https:\/\/focotocantinense.com.br\/index.php?rest_route=\/wp\/v2\/media\/4818"}],"wp:attachment":[{"href":"https:\/\/focotocantinense.com.br\/index.php?rest_route=%2Fwp%2Fv2%2Fmedia&parent=4817"}],"wp:term":[{"taxonomy":"category","embeddable":true,"href":"https:\/\/focotocantinense.com.br\/index.php?rest_route=%2Fwp%2Fv2%2Fcategories&post=4817"},{"taxonomy":"post_tag","embeddable":true,"href":"https:\/\/focotocantinense.com.br\/index.php?rest_route=%2Fwp%2Fv2%2Ftags&post=4817"}],"curies":[{"name":"wp","href":"https:\/\/api.w.org\/{rel}","templated":true}]}}