{"id":4813,"date":"2023-05-22T11:25:56","date_gmt":"2023-05-22T14:25:56","guid":{"rendered":"https:\/\/focotocantinense.com.br\/?p=4813"},"modified":"2023-05-22T11:27:07","modified_gmt":"2023-05-22T14:27:07","slug":"tocantins-e-o-terceiro-estado-da-regiao-norte-com-menor-taxa-de-desemprego-segundo-pesquisa-nacional-por-amostra-de-domicilio","status":"publish","type":"post","link":"https:\/\/focotocantinense.com.br\/?p=4813","title":{"rendered":"Tocantins \u00e9 o terceiro estado da Regi\u00e3o Norte com menor taxa de desemprego segundo Pesquisa Nacional por Amostra de Domic\u00edlio"},"content":{"rendered":"\n<p>De acordo com a \u00faltima Pesquisa Nacional por Amostra de Domic\u00edlio (Pnad) realizada pelo Instituto Brasileiro de Geografia e Estat\u00edstica (IBGE) e divulgada na quinta-feira, 18, o Estado do Tocantins, no primeiro trimestre de 2023, apresentou uma popula\u00e7\u00e3o ocupada de 751 mil trabalhadores. Esse n\u00famero \u00e9 7,29% maior que o apresentado no trimestre anterior registrado em 700 mil trabalhadores. Isso equivale a dizer que de um trimestre para o outro o Tocantins passou a ter 51 mil pessoas a mais trabalhando.<\/p>\n\n\n\n<p>A Popula\u00e7\u00e3o Desocupada, apontada na \u00faltima Pnad, foi de 56 mil trabalhadores, o que indica a redu\u00e7\u00e3o de 21,13% na taxa de desemprego, quando comparada ao \u00faltimo trimestre de 2022. O que tamb\u00e9m coloca o Tocantins entre os tr\u00eas que tiveram menor taxa de desemprego entre os estados da Regi\u00e3o Norte.<\/p>\n\n\n\n<p>O gestor da Secretaria do Trabalho e Desenvolvimento Social (Setas), Jonis Cala\u00e7a, aponta as crescentes iniciativas do Governo do Estado para promover crescimento econ\u00f4mico como causa dos bons resultados na gera\u00e7\u00e3o de emprego e completa. \u201cAl\u00e9m dos investimentos o Governo tem apostado na educa\u00e7\u00e3o e capacita\u00e7\u00e3o profissional do povo tocantinense. Somente esse ano a Setas j\u00e1 capacitou mais de 4 mil pessoas e no in\u00edcio deste m\u00eas lan\u00e7amos o Programa Jovem Trabalhador que dar\u00e1 oportunidade de primeiro emprego a 3 mil jovens dos 139 munic\u00edpios do Estado\u201d, explica o gestor.<\/p>\n\n\n\n<p>Vale lembrar que para o IBGE a Popula\u00e7\u00e3o Ocupada refere-se aos que possuem algum of\u00edcio em um per\u00edodo de refer\u00eancia, sendo esse of\u00edcio remunerado, n\u00e3o remunerado, por conta pr\u00f3pria ou como um empregador; e a Popula\u00e7\u00e3o Desocupada \u00e9 o grupo de pessoas que n\u00e3o possuem emprego e que est\u00e3o aptas a trabalhar, tendo realizado algum m\u00ednimo esfor\u00e7o para tal.<\/p>\n\n\n\n<p><strong>&nbsp;Popula\u00e7\u00e3o Ocupada no Tocantins<\/strong><\/p>\n\n\n\n<p>A popula\u00e7\u00e3o ocupada no Tocantins no primeiro trimestre de 2023 \u00e9 de 751 mil trabalhadores. Os trabalhadores por conta pr\u00f3pria representam 21%, (160 mil trabalhadores). Empregados no setor p\u00fablico (estadual, municipal e federal), inclusive militar, constituem 22% (167 mil). Trabalhadores no setor privado com carteira correspondem a 23% (175 mil trabalhadores) e sem carteira assinada totalizam 20% (152 mil trabalhadores). Trabalhador Dom\u00e9stico representa 8% (56 mil trabalhadores). Empregador representa 4% (30 mil trabalhadores). Trabalhador Familiar constituem 2% (11 mil).<\/p>\n\n\n\n<p><strong>Ranking nacional por taxa de desemprego<\/strong><\/p>\n\n\n\n<p>De acordo com o IBGE \u2013 Pnad Cont\u00ednua \u2013 1\u00ba Trimestre\/2023, o Tocantins obteve a terceira menor taxa de desocupa\u00e7\u00e3o (desemprego) alcan\u00e7ando 6,9% quando comparado aos demais estados da Regi\u00e3o Norte.<\/p>\n\n\n\n<p>J\u00e1 no ranking nacional por Estado, o Tocantins obteve a 10\u00aa menor taxa de desocupa\u00e7\u00e3o (desemprego) do pa\u00eds, sendo Rond\u00f4nia o Estado com a menor taxa seguido por Santa Catarina.<\/p>\n\n\n\n<figure class=\"wp-block-image size-full\"><img loading=\"lazy\" decoding=\"async\" width=\"950\" height=\"541\" src=\"https:\/\/focotocantinense.com.br\/wp-content\/uploads\/2023\/05\/AAA-3.jpg\" alt=\"\" class=\"wp-image-4814\" srcset=\"https:\/\/focotocantinense.com.br\/wp-content\/uploads\/2023\/05\/AAA-3.jpg 950w, https:\/\/focotocantinense.com.br\/wp-content\/uploads\/2023\/05\/AAA-3-300x171.jpg 300w, https:\/\/focotocantinense.com.br\/wp-content\/uploads\/2023\/05\/AAA-3-768x437.jpg 768w\" sizes=\"auto, (max-width: 950px) 100vw, 950px\" \/><\/figure>\n\n\n\n<figure class=\"wp-block-image is-resized\"><img loading=\"lazy\" decoding=\"async\" src=\"http:\/\/n1to.com.br\/img\/uploads\/VINI_66.jpg\" alt=\"\" width=\"836\" height=\"252\"\/><\/figure>\n\n\n\n<figure class=\"wp-block-image is-resized\"><a href=\"https:\/\/www.sympla.com.br\/evento\/so-riso-show-de-humor-com-vinicius-martins\/1993535\" target=\"_blank\" rel=\"noreferrer noopener\"><img loading=\"lazy\" decoding=\"async\" src=\"https:\/\/www.n1to.com.br\/img\/cache\/380x280\/80\/crop\/Imagem-7b8519135c73e0ee4481a6848c67472d.png\" alt=\"\" width=\"835\" height=\"615\" title=\"S\u00d3 RISO SHOW DE HUMOR \"\/><\/a><\/figure>\n\n\n\n<ul class=\"wp-block-list\">\n<li><\/li>\n<\/ul>\n","protected":false},"excerpt":{"rendered":"<p>De acordo com a \u00faltima Pesquisa Nacional por Amostra de Domic\u00edlio (Pnad) realizada pelo Instituto Brasileiro de Geografia e Estat\u00edstica (IBGE) e divulgada na quinta-feira, 18, o Estado do Tocantins, no primeiro trimestre de 2023, apresentou uma popula\u00e7\u00e3o ocupada de 751 mil trabalhadores. Esse n\u00famero \u00e9 7,29% maior que o apresentado no trimestre anterior registrado &hellip;<\/p>\n","protected":false},"author":5,"featured_media":4814,"comment_status":"open","ping_status":"open","sticky":false,"template":"","format":"standard","meta":{"footnotes":""},"categories":[39],"tags":[],"class_list":["post-4813","post","type-post","status-publish","format-standard","has-post-thumbnail","","category-estado"],"_links":{"self":[{"href":"https:\/\/focotocantinense.com.br\/index.php?rest_route=\/wp\/v2\/posts\/4813","targetHints":{"allow":["GET"]}}],"collection":[{"href":"https:\/\/focotocantinense.com.br\/index.php?rest_route=\/wp\/v2\/posts"}],"about":[{"href":"https:\/\/focotocantinense.com.br\/index.php?rest_route=\/wp\/v2\/types\/post"}],"author":[{"embeddable":true,"href":"https:\/\/focotocantinense.com.br\/index.php?rest_route=\/wp\/v2\/users\/5"}],"replies":[{"embeddable":true,"href":"https:\/\/focotocantinense.com.br\/index.php?rest_route=%2Fwp%2Fv2%2Fcomments&post=4813"}],"version-history":[{"count":2,"href":"https:\/\/focotocantinense.com.br\/index.php?rest_route=\/wp\/v2\/posts\/4813\/revisions"}],"predecessor-version":[{"id":4816,"href":"https:\/\/focotocantinense.com.br\/index.php?rest_route=\/wp\/v2\/posts\/4813\/revisions\/4816"}],"wp:featuredmedia":[{"embeddable":true,"href":"https:\/\/focotocantinense.com.br\/index.php?rest_route=\/wp\/v2\/media\/4814"}],"wp:attachment":[{"href":"https:\/\/focotocantinense.com.br\/index.php?rest_route=%2Fwp%2Fv2%2Fmedia&parent=4813"}],"wp:term":[{"taxonomy":"category","embeddable":true,"href":"https:\/\/focotocantinense.com.br\/index.php?rest_route=%2Fwp%2Fv2%2Fcategories&post=4813"},{"taxonomy":"post_tag","embeddable":true,"href":"https:\/\/focotocantinense.com.br\/index.php?rest_route=%2Fwp%2Fv2%2Ftags&post=4813"}],"curies":[{"name":"wp","href":"https:\/\/api.w.org\/{rel}","templated":true}]}}