{"id":4796,"date":"2023-05-17T19:30:39","date_gmt":"2023-05-17T22:30:39","guid":{"rendered":"https:\/\/focotocantinense.com.br\/?p=4796"},"modified":"2023-05-17T19:33:33","modified_gmt":"2023-05-17T22:33:33","slug":"deputada-vanda-monteiro-entrega-ambulancia-para-o-assentamento-loroty-em-lagoa-da-confusao","status":"publish","type":"post","link":"https:\/\/focotocantinense.com.br\/?p=4796","title":{"rendered":"Deputada Vanda Monteiro entrega ambul\u00e2ncia para o Assentamento Loroty, em Lagoa da Confus\u00e3o"},"content":{"rendered":"\n<p>Atendendo&nbsp; a um pedido especial dos vereadores Napole\u00e3o Dion\u00edsio Bitom e &nbsp;Norah Carmem, a deputada estadual Vanda Monteiro, esteve na segunda-feira, dia 15, para fazer a entrega de uma ambul\u00e2ncia&nbsp; &nbsp;totalmente equipada, que j\u00e1 est\u00e1 atendendo r \u00e0s fam\u00edlias&nbsp; e fortalecendo os servi\u00e7os de sa\u00fade ofertados no Assentamento Loroty, em Lagoa da Confus\u00e3o.&nbsp;<\/p>\n\n\n\n<p>A deputada&nbsp; fez quest\u00e3o&nbsp; de ressaltar que estava retornando \u00e0 regi\u00e3o do Loroty para cumprir o seu compromisso e, finalmente, &nbsp;entregar o ve\u00edculo que foi demanda apresentada pelos &nbsp;vereadores que a representam em Lagoa da confus\u00e3o.<\/p>\n\n\n\n<p>\u201cEstou muito feliz em saber que esse sonho das fam\u00edlias locais foi realizado. Sa\u00fade para n\u00f3s \u00e9 tamb\u00e9m prioridade&#8221;, concluiu&nbsp;Vanda Monteiro.<\/p>\n\n\n\n<p>A aquisi\u00e7\u00e3o do ve\u00edculo foi poss\u00edvel por meio de emenda parlamentar da deputada no valor de R$ 295 mil.<\/p>\n\n\n\n<figure class=\"wp-block-image is-resized\"><img loading=\"lazy\" decoding=\"async\" src=\"http:\/\/n1to.com.br\/img\/uploads\/VINI_61.jpg\" alt=\"\" width=\"376\" height=\"113\"\/><\/figure>\n\n\n\n<figure class=\"wp-block-image size-full is-resized\"><img loading=\"lazy\" decoding=\"async\" src=\"https:\/\/focotocantinense.com.br\/wp-content\/uploads\/2023\/05\/AAAAAAAAAAAAAAAAAA-1.jpg\" alt=\"\" class=\"wp-image-4797\" width=\"382\" height=\"215\" srcset=\"https:\/\/focotocantinense.com.br\/wp-content\/uploads\/2023\/05\/AAAAAAAAAAAAAAAAAA-1.jpg 847w, https:\/\/focotocantinense.com.br\/wp-content\/uploads\/2023\/05\/AAAAAAAAAAAAAAAAAA-1-300x169.jpg 300w, https:\/\/focotocantinense.com.br\/wp-content\/uploads\/2023\/05\/AAAAAAAAAAAAAAAAAA-1-768x432.jpg 768w\" sizes=\"auto, (max-width: 382px) 100vw, 382px\" \/><\/figure>\n\n\n\n<figure class=\"wp-block-image is-resized\"><img loading=\"lazy\" decoding=\"async\" src=\"http:\/\/n1to.com.br\/img\/uploads\/BBBBBBBBBBBBBBBBBB_2.jpg\" alt=\"\" width=\"833\" height=\"549\"\/><\/figure>\n","protected":false},"excerpt":{"rendered":"<p>Atendendo&nbsp; a um pedido especial dos vereadores Napole\u00e3o Dion\u00edsio Bitom e &nbsp;Norah Carmem, a deputada estadual Vanda Monteiro, esteve na segunda-feira, dia 15, para fazer a entrega de uma ambul\u00e2ncia&nbsp; &nbsp;totalmente equipada, que j\u00e1 est\u00e1 atendendo r \u00e0s fam\u00edlias&nbsp; e fortalecendo os servi\u00e7os de sa\u00fade ofertados no Assentamento Loroty, em Lagoa da Confus\u00e3o.&nbsp; A deputada&nbsp; &hellip;<\/p>\n","protected":false},"author":5,"featured_media":4797,"comment_status":"open","ping_status":"open","sticky":false,"template":"","format":"standard","meta":{"footnotes":""},"categories":[1],"tags":[],"class_list":["post-4796","post","type-post","status-publish","format-standard","has-post-thumbnail","","category-sem-categoria"],"_links":{"self":[{"href":"https:\/\/focotocantinense.com.br\/index.php?rest_route=\/wp\/v2\/posts\/4796","targetHints":{"allow":["GET"]}}],"collection":[{"href":"https:\/\/focotocantinense.com.br\/index.php?rest_route=\/wp\/v2\/posts"}],"about":[{"href":"https:\/\/focotocantinense.com.br\/index.php?rest_route=\/wp\/v2\/types\/post"}],"author":[{"embeddable":true,"href":"https:\/\/focotocantinense.com.br\/index.php?rest_route=\/wp\/v2\/users\/5"}],"replies":[{"embeddable":true,"href":"https:\/\/focotocantinense.com.br\/index.php?rest_route=%2Fwp%2Fv2%2Fcomments&post=4796"}],"version-history":[{"count":5,"href":"https:\/\/focotocantinense.com.br\/index.php?rest_route=\/wp\/v2\/posts\/4796\/revisions"}],"predecessor-version":[{"id":4802,"href":"https:\/\/focotocantinense.com.br\/index.php?rest_route=\/wp\/v2\/posts\/4796\/revisions\/4802"}],"wp:featuredmedia":[{"embeddable":true,"href":"https:\/\/focotocantinense.com.br\/index.php?rest_route=\/wp\/v2\/media\/4797"}],"wp:attachment":[{"href":"https:\/\/focotocantinense.com.br\/index.php?rest_route=%2Fwp%2Fv2%2Fmedia&parent=4796"}],"wp:term":[{"taxonomy":"category","embeddable":true,"href":"https:\/\/focotocantinense.com.br\/index.php?rest_route=%2Fwp%2Fv2%2Fcategories&post=4796"},{"taxonomy":"post_tag","embeddable":true,"href":"https:\/\/focotocantinense.com.br\/index.php?rest_route=%2Fwp%2Fv2%2Ftags&post=4796"}],"curies":[{"name":"wp","href":"https:\/\/api.w.org\/{rel}","templated":true}]}}