{"id":4772,"date":"2023-05-16T04:24:21","date_gmt":"2023-05-16T07:24:21","guid":{"rendered":"https:\/\/focotocantinense.com.br\/?p=4772"},"modified":"2023-05-16T04:25:08","modified_gmt":"2023-05-16T07:25:08","slug":"momento-civico-e-realizado-com-entusiasmo-por-escola-municipal-de-tocantinia","status":"publish","type":"post","link":"https:\/\/focotocantinense.com.br\/?p=4772","title":{"rendered":"Momento C\u00edvico \u00e9 realizado com entusiasmo por escola municipal de Tocant\u00ednia"},"content":{"rendered":"\n<p><em><strong>Por Zacarias Martins<\/strong><\/em><\/p>\n\n\n\n<p>Na manh\u00e3 desta&nbsp; segunda-feira, dia 15, a&nbsp; Escola Municipal de Educa\u00e7\u00e3o Infantil Tereza Hil\u00e1rio Ribeiro, de Tocant\u00ednia, realizou, com muito sucesso, mais uma edi\u00e7\u00e3o do Momento C\u00edvico, que contou com a parceria da&nbsp; &nbsp;6\u00b0 Companhia Independente de Pol\u00edcia Militar (CIPM) e a participa\u00e7\u00e3o do pelot\u00e3o do Col\u00e9gio Militar de Miracema do Tocantins.&nbsp;Essa a\u00e7\u00e3o, al\u00e9m de despertar o civismo, visa, tamb\u00e9m,&nbsp; proporcionar medidas de seguran\u00e7a nas escolas.<\/p>\n\n\n\n<p>A programa\u00e7\u00e3o especial&nbsp; teve in\u00edcio com um momento de ora\u00e7\u00e3o e logo na sequ\u00eancia, &nbsp;foi realizado o c\u00e2ntico do Hino Nacional e, posteriormente, &nbsp;o Hino de Tocant\u00ednia.<\/p>\n\n\n\n<p>Logo ap\u00f3s, &nbsp;houve uma apresenta\u00e7\u00e3o feita pelo pelot\u00e3o do Col\u00e9gio Militar de Miracema do Tocantins, a chamada &nbsp;Ordem Unida.<\/p>\n\n\n\n<p><strong>Despertando o civismo<\/strong><\/p>\n\n\n\n<p>A &nbsp;gestora da unidade escolar, professora Suely Borges Lima informa que &nbsp;esse Momento C\u00edvico&nbsp; foi colocado em pr\u00e1tica&nbsp; no intuito de despertar o civismo e tamb\u00e9m divulgar melhor&nbsp; assuntos&nbsp; relacionados \u00e0 seguran\u00e7a nas escolas, bem como, sobre a cultura da paz. \u201cFoi um momento marcante, pois a\u00e7\u00f5es como essa contribuem para a forma\u00e7\u00e3o de cidad\u00e3os cr\u00edticos, aptos a viverem em sociedade&#8221;, afirmou a gestora.<\/p>\n\n\n\n<p><strong>Objeto de reflex\u00e3o da escola<\/strong><\/p>\n\n\n\n<p>O secret\u00e1rio de Educa\u00e7\u00e3o de Tocant\u00ednia, professor Andr\u00e9 Goveia, destaca que a fun\u00e7\u00e3o da escola tamb\u00e9m \u00e9 participar da forma\u00e7\u00e3o moral dos estudantes. \u201cEsta mudan\u00e7a, ent\u00e3o, se justifica j\u00e1 que a tem\u00e1tica n\u00e3o deve ser tratada de forma individual, por cada professor, mas sim deve ser objeto de reflex\u00e3o da escola como um todo\u201d, assevera o secret\u00e1rio.<\/p>\n\n\n\n<p>Ainda de acordo com o secret\u00e1rio de Educa\u00e7\u00e3o, o Momento C\u00edvico \u00e9 uma forma bastante positiva de se incentivar reflex\u00f5es e viv\u00eancias coletivas. \u201c\u00c9 &nbsp;mais f\u00e1cil estimular que o aluno desenvolva atitudes e a\u00e7\u00f5es, a fim de construir um ambiente mais democr\u00e1tico. A partir desse pensamento \u00e9 que surge a preocupa\u00e7\u00e3o de se trabalhar os valores \u00e9ticos nas escolas&#8221; , concluiu o professor Andr\u00e9 Goveia.<\/p>\n\n\n\n<figure class=\"wp-block-image\"><img decoding=\"async\" src=\"http:\/\/n1to.com.br\/img\/uploads\/1_TOCANTINIA_7.jpg\" alt=\"\"\/><\/figure>\n\n\n\n<figure class=\"wp-block-image\"><img decoding=\"async\" src=\"http:\/\/n1to.com.br\/img\/uploads\/2_TOCANTINIA_15.jpg\" alt=\"\"\/><\/figure>\n\n\n\n<figure class=\"wp-block-image\"><img decoding=\"async\" src=\"http:\/\/n1to.com.br\/img\/uploads\/3_TOCANTINIA_15.jpg\" alt=\"\"\/><\/figure>\n\n\n\n<figure class=\"wp-block-image\"><img decoding=\"async\" src=\"http:\/\/n1to.com.br\/img\/uploads\/5_TOCANTINIA_4.jpg\" alt=\"\"\/><\/figure>\n\n\n\n<figure class=\"wp-block-image is-resized\"><img loading=\"lazy\" decoding=\"async\" src=\"http:\/\/n1to.com.br\/img\/uploads\/6_TOCANTINIA_3.jpg\" alt=\"\" width=\"841\" height=\"631\"\/><\/figure>\n\n\n\n<figure class=\"wp-block-image size-full is-resized\"><img loading=\"lazy\" decoding=\"async\" src=\"https:\/\/focotocantinense.com.br\/wp-content\/uploads\/2023\/05\/VINI.jpg\" alt=\"\" class=\"wp-image-4776\" width=\"841\" height=\"254\" srcset=\"https:\/\/focotocantinense.com.br\/wp-content\/uploads\/2023\/05\/VINI.jpg 640w, https:\/\/focotocantinense.com.br\/wp-content\/uploads\/2023\/05\/VINI-300x90.jpg 300w\" sizes=\"auto, (max-width: 841px) 100vw, 841px\" \/><\/figure>\n","protected":false},"excerpt":{"rendered":"<p>Por Zacarias Martins Na manh\u00e3 desta&nbsp; segunda-feira, dia 15, a&nbsp; Escola Municipal de Educa\u00e7\u00e3o Infantil Tereza Hil\u00e1rio Ribeiro, de Tocant\u00ednia, realizou, com muito sucesso, mais uma edi\u00e7\u00e3o do Momento C\u00edvico, que contou com a parceria da&nbsp; &nbsp;6\u00b0 Companhia Independente de Pol\u00edcia Militar (CIPM) e a participa\u00e7\u00e3o do pelot\u00e3o do Col\u00e9gio Militar de Miracema do Tocantins.&nbsp;Essa &hellip;<\/p>\n","protected":false},"author":5,"featured_media":4773,"comment_status":"open","ping_status":"open","sticky":false,"template":"","format":"standard","meta":{"footnotes":""},"categories":[78],"tags":[],"class_list":["post-4772","post","type-post","status-publish","format-standard","has-post-thumbnail","","category-tocantinia"],"_links":{"self":[{"href":"https:\/\/focotocantinense.com.br\/index.php?rest_route=\/wp\/v2\/posts\/4772","targetHints":{"allow":["GET"]}}],"collection":[{"href":"https:\/\/focotocantinense.com.br\/index.php?rest_route=\/wp\/v2\/posts"}],"about":[{"href":"https:\/\/focotocantinense.com.br\/index.php?rest_route=\/wp\/v2\/types\/post"}],"author":[{"embeddable":true,"href":"https:\/\/focotocantinense.com.br\/index.php?rest_route=\/wp\/v2\/users\/5"}],"replies":[{"embeddable":true,"href":"https:\/\/focotocantinense.com.br\/index.php?rest_route=%2Fwp%2Fv2%2Fcomments&post=4772"}],"version-history":[{"count":2,"href":"https:\/\/focotocantinense.com.br\/index.php?rest_route=\/wp\/v2\/posts\/4772\/revisions"}],"predecessor-version":[{"id":4777,"href":"https:\/\/focotocantinense.com.br\/index.php?rest_route=\/wp\/v2\/posts\/4772\/revisions\/4777"}],"wp:featuredmedia":[{"embeddable":true,"href":"https:\/\/focotocantinense.com.br\/index.php?rest_route=\/wp\/v2\/media\/4773"}],"wp:attachment":[{"href":"https:\/\/focotocantinense.com.br\/index.php?rest_route=%2Fwp%2Fv2%2Fmedia&parent=4772"}],"wp:term":[{"taxonomy":"category","embeddable":true,"href":"https:\/\/focotocantinense.com.br\/index.php?rest_route=%2Fwp%2Fv2%2Fcategories&post=4772"},{"taxonomy":"post_tag","embeddable":true,"href":"https:\/\/focotocantinense.com.br\/index.php?rest_route=%2Fwp%2Fv2%2Ftags&post=4772"}],"curies":[{"name":"wp","href":"https:\/\/api.w.org\/{rel}","templated":true}]}}