{"id":4768,"date":"2023-05-15T17:02:08","date_gmt":"2023-05-15T20:02:08","guid":{"rendered":"https:\/\/focotocantinense.com.br\/?p=4768"},"modified":"2023-05-15T17:02:48","modified_gmt":"2023-05-15T20:02:48","slug":"pdt-de-gurupi-ganha-reforco-com-a-filiacao-de-vinicius-martins","status":"publish","type":"post","link":"https:\/\/focotocantinense.com.br\/?p=4768","title":{"rendered":"PDT de Gurupi ganha refor\u00e7o com a filia\u00e7\u00e3o de Vin\u00edcius Martins"},"content":{"rendered":"\n<p>O Gestor P\u00fablico e ativista cultural Vin\u00edcius Martins, esteve reunido nesta manh\u00e3, 15, com o vice-governador Laurez Moreira, presidente do PDT no Estado, Na pauta projetos sobre economia criativa sendo uma das alternativas para o desenvolvimento social e elei\u00e7\u00f5es 2024.<\/p>\n\n\n\n<p>Na oportunidade Vin\u00edcius Martins, atendendo convite do vice-governador Vin\u00edcius Martins assinou ficha de filia\u00e7\u00e3o ao ao PDT.<\/p>\n\n\n\n<p>Para Vin\u00edcius Martins, Gurupi vive um importante momento pol\u00edtico, pois conta no Governo do Estado com toda experi\u00eancia de Laurez que fez uma verdadeira revolu\u00e7\u00e3o na gest\u00e3o do munic\u00edpio, chamando aten\u00e7\u00e3o de grandes empresas para a cidade de Gurupi, deixando-a preparada para chegada dos in\u00fameros empreendimentos que est\u00e3o se instalando atualmente. j<\/p>\n\n\n\n<p>Segundo o vice-governador Laurez Moreira, \u201cVin\u00edcius tem uma fam\u00edlia que tem uma bela hist\u00f3ria, principalmente nos movimentos culturais n\u00e3o s\u00f3 de Gurupi, mas de todo Estado do Tocantins. Com certeza o PDT est\u00e1 recebendo um grande refor\u00e7o\u201d, destacou.<\/p>\n\n\n\n<figure class=\"wp-block-image size-large is-resized\"><img loading=\"lazy\" decoding=\"async\" src=\"https:\/\/focotocantinense.com.br\/wp-content\/uploads\/2023\/05\/LAUREZ-E-VINICIUS-MARTINS-FOTO-DIVULGACAO-1024x576.jpg\" alt=\"\" class=\"wp-image-4769\" width=\"396\" height=\"222\" srcset=\"https:\/\/focotocantinense.com.br\/wp-content\/uploads\/2023\/05\/LAUREZ-E-VINICIUS-MARTINS-FOTO-DIVULGACAO-1024x576.jpg 1024w, https:\/\/focotocantinense.com.br\/wp-content\/uploads\/2023\/05\/LAUREZ-E-VINICIUS-MARTINS-FOTO-DIVULGACAO-300x169.jpg 300w, https:\/\/focotocantinense.com.br\/wp-content\/uploads\/2023\/05\/LAUREZ-E-VINICIUS-MARTINS-FOTO-DIVULGACAO-768x432.jpg 768w, https:\/\/focotocantinense.com.br\/wp-content\/uploads\/2023\/05\/LAUREZ-E-VINICIUS-MARTINS-FOTO-DIVULGACAO-1536x864.jpg 1536w, https:\/\/focotocantinense.com.br\/wp-content\/uploads\/2023\/05\/LAUREZ-E-VINICIUS-MARTINS-FOTO-DIVULGACAO.jpg 1600w\" sizes=\"auto, (max-width: 396px) 100vw, 396px\" \/><\/figure>\n","protected":false},"excerpt":{"rendered":"<p>O Gestor P\u00fablico e ativista cultural Vin\u00edcius Martins, esteve reunido nesta manh\u00e3, 15, com o vice-governador Laurez Moreira, presidente do PDT no Estado, Na pauta projetos sobre economia criativa sendo uma das alternativas para o desenvolvimento social e elei\u00e7\u00f5es 2024. Na oportunidade Vin\u00edcius Martins, atendendo convite do vice-governador Vin\u00edcius Martins assinou ficha de filia\u00e7\u00e3o ao &hellip;<\/p>\n","protected":false},"author":5,"featured_media":4769,"comment_status":"open","ping_status":"open","sticky":false,"template":"","format":"standard","meta":{"footnotes":""},"categories":[38],"tags":[],"class_list":["post-4768","post","type-post","status-publish","format-standard","has-post-thumbnail","","category-gurupi"],"_links":{"self":[{"href":"https:\/\/focotocantinense.com.br\/index.php?rest_route=\/wp\/v2\/posts\/4768","targetHints":{"allow":["GET"]}}],"collection":[{"href":"https:\/\/focotocantinense.com.br\/index.php?rest_route=\/wp\/v2\/posts"}],"about":[{"href":"https:\/\/focotocantinense.com.br\/index.php?rest_route=\/wp\/v2\/types\/post"}],"author":[{"embeddable":true,"href":"https:\/\/focotocantinense.com.br\/index.php?rest_route=\/wp\/v2\/users\/5"}],"replies":[{"embeddable":true,"href":"https:\/\/focotocantinense.com.br\/index.php?rest_route=%2Fwp%2Fv2%2Fcomments&post=4768"}],"version-history":[{"count":2,"href":"https:\/\/focotocantinense.com.br\/index.php?rest_route=\/wp\/v2\/posts\/4768\/revisions"}],"predecessor-version":[{"id":4771,"href":"https:\/\/focotocantinense.com.br\/index.php?rest_route=\/wp\/v2\/posts\/4768\/revisions\/4771"}],"wp:featuredmedia":[{"embeddable":true,"href":"https:\/\/focotocantinense.com.br\/index.php?rest_route=\/wp\/v2\/media\/4769"}],"wp:attachment":[{"href":"https:\/\/focotocantinense.com.br\/index.php?rest_route=%2Fwp%2Fv2%2Fmedia&parent=4768"}],"wp:term":[{"taxonomy":"category","embeddable":true,"href":"https:\/\/focotocantinense.com.br\/index.php?rest_route=%2Fwp%2Fv2%2Fcategories&post=4768"},{"taxonomy":"post_tag","embeddable":true,"href":"https:\/\/focotocantinense.com.br\/index.php?rest_route=%2Fwp%2Fv2%2Ftags&post=4768"}],"curies":[{"name":"wp","href":"https:\/\/api.w.org\/{rel}","templated":true}]}}