{"id":4765,"date":"2023-05-14T20:51:58","date_gmt":"2023-05-14T23:51:58","guid":{"rendered":"https:\/\/focotocantinense.com.br\/?p=4765"},"modified":"2023-05-14T20:51:58","modified_gmt":"2023-05-14T23:51:58","slug":"show-de-humor-com-vinicius-martins-promete-movimentar-gurupi","status":"publish","type":"post","link":"https:\/\/focotocantinense.com.br\/?p=4765","title":{"rendered":"Show de humor com Vin\u00edcius Martins promete movimentar Gurupi"},"content":{"rendered":"\n<p>O ator e humorista tocantinense Vin\u00edcius Martins estreia seu novo show de humor dia 06 de julho no Centro Cultural Mauro Cunha, um show solo que promete levar ao p\u00fablico a dar boas gargalhadas e reflex\u00f5es sobre o cotidiano das pessoas. Trata-se do espet\u00e1culo \u201cS\u00f3 Riso Show de Humor\u201d, com in\u00edcio \u00e0s 20 horas.<\/p>\n\n\n\n<p>Al\u00e9m de levar muito bom humor e entretenimento, a produ\u00e7\u00e3o tem foco social com destina\u00e7\u00e3o de parte dos ingressos para ONGs e institui\u00e7\u00f5es, arrecada\u00e7\u00e3o de alimentos e o show conta com int\u00e9rprete de&nbsp; Libras para dar mais acessibilidade ao p\u00fablico.<\/p>\n\n\n\n<p>Vin\u00edcius Martins tamb\u00e9m \u00e9 apresentador do Mutuca Cast juntamente com seu parceiro Rafael Rafiusk, um podcast de entrevistas e entretenimento bem humorado que virou o xod\u00f3 dos gurupienses.<\/p>\n\n\n\n<p>Durante o espet\u00e1culo, Vin\u00edcius Martins apresentar\u00e1 v\u00e1rias vertentes da com\u00e9dia, como stand-up, personagens caricatos criados pelo pr\u00f3prio artista, bem como, piadas, quadros, gags de palha\u00e7o, dentre outros artif\u00edcios.<\/p>\n\n\n\n<p>Quem assina a dire\u00e7\u00e3o art\u00edstica do espet\u00e1culo \u00e9 o pai do humorista, o poeta e jornalista Zacarias Martins, contando na Dire\u00e7\u00e3o T\u00e9cnica de Fabio Moreno.<\/p>\n\n\n\n<p>Segundo o humorista, este show faz parte de um projeto que percorrer\u00e1 v\u00e1rias cidades tocantinenses com o intuito de formar plateia e proporcionar \u00e0 comunidade o acesso a espet\u00e1culos culturais.<\/p>\n\n\n\n<p>Os ingressos antecipados est\u00e3o \u00e0 venda on-line e na Loja Pro Sports, ao pre\u00e7o de R$ 30,00 inteira e R$ 15,00 mais um 1kg de alimento n\u00e3o perec\u00edvel a meia solid\u00e1ria.<\/p>\n\n\n\n<figure class=\"wp-block-image size-large\"><img loading=\"lazy\" decoding=\"async\" width=\"1024\" height=\"537\" src=\"https:\/\/focotocantinense.com.br\/wp-content\/uploads\/2023\/05\/SHOW-DE-HUMOR-COM-VINICIUS-MARTINS-1024x537.jpg\" alt=\"\" class=\"wp-image-4766\" srcset=\"https:\/\/focotocantinense.com.br\/wp-content\/uploads\/2023\/05\/SHOW-DE-HUMOR-COM-VINICIUS-MARTINS-1024x537.jpg 1024w, https:\/\/focotocantinense.com.br\/wp-content\/uploads\/2023\/05\/SHOW-DE-HUMOR-COM-VINICIUS-MARTINS-300x157.jpg 300w, https:\/\/focotocantinense.com.br\/wp-content\/uploads\/2023\/05\/SHOW-DE-HUMOR-COM-VINICIUS-MARTINS-768x403.jpg 768w, https:\/\/focotocantinense.com.br\/wp-content\/uploads\/2023\/05\/SHOW-DE-HUMOR-COM-VINICIUS-MARTINS-1536x805.jpg 1536w, https:\/\/focotocantinense.com.br\/wp-content\/uploads\/2023\/05\/SHOW-DE-HUMOR-COM-VINICIUS-MARTINS.jpg 1600w\" sizes=\"auto, (max-width: 1024px) 100vw, 1024px\" \/><\/figure>\n","protected":false},"excerpt":{"rendered":"<p>O ator e humorista tocantinense Vin\u00edcius Martins estreia seu novo show de humor dia 06 de julho no Centro Cultural Mauro Cunha, um show solo que promete levar ao p\u00fablico a dar boas gargalhadas e reflex\u00f5es sobre o cotidiano das pessoas. Trata-se do espet\u00e1culo \u201cS\u00f3 Riso Show de Humor\u201d, com in\u00edcio \u00e0s 20 horas. Al\u00e9m &hellip;<\/p>\n","protected":false},"author":5,"featured_media":4766,"comment_status":"open","ping_status":"open","sticky":false,"template":"","format":"standard","meta":{"footnotes":""},"categories":[1],"tags":[],"class_list":["post-4765","post","type-post","status-publish","format-standard","has-post-thumbnail","","category-sem-categoria"],"_links":{"self":[{"href":"https:\/\/focotocantinense.com.br\/index.php?rest_route=\/wp\/v2\/posts\/4765","targetHints":{"allow":["GET"]}}],"collection":[{"href":"https:\/\/focotocantinense.com.br\/index.php?rest_route=\/wp\/v2\/posts"}],"about":[{"href":"https:\/\/focotocantinense.com.br\/index.php?rest_route=\/wp\/v2\/types\/post"}],"author":[{"embeddable":true,"href":"https:\/\/focotocantinense.com.br\/index.php?rest_route=\/wp\/v2\/users\/5"}],"replies":[{"embeddable":true,"href":"https:\/\/focotocantinense.com.br\/index.php?rest_route=%2Fwp%2Fv2%2Fcomments&post=4765"}],"version-history":[{"count":1,"href":"https:\/\/focotocantinense.com.br\/index.php?rest_route=\/wp\/v2\/posts\/4765\/revisions"}],"predecessor-version":[{"id":4767,"href":"https:\/\/focotocantinense.com.br\/index.php?rest_route=\/wp\/v2\/posts\/4765\/revisions\/4767"}],"wp:featuredmedia":[{"embeddable":true,"href":"https:\/\/focotocantinense.com.br\/index.php?rest_route=\/wp\/v2\/media\/4766"}],"wp:attachment":[{"href":"https:\/\/focotocantinense.com.br\/index.php?rest_route=%2Fwp%2Fv2%2Fmedia&parent=4765"}],"wp:term":[{"taxonomy":"category","embeddable":true,"href":"https:\/\/focotocantinense.com.br\/index.php?rest_route=%2Fwp%2Fv2%2Fcategories&post=4765"},{"taxonomy":"post_tag","embeddable":true,"href":"https:\/\/focotocantinense.com.br\/index.php?rest_route=%2Fwp%2Fv2%2Ftags&post=4765"}],"curies":[{"name":"wp","href":"https:\/\/api.w.org\/{rel}","templated":true}]}}