{"id":4749,"date":"2023-05-13T12:25:23","date_gmt":"2023-05-13T15:25:23","guid":{"rendered":"https:\/\/focotocantinense.com.br\/?p=4749"},"modified":"2023-05-14T06:08:36","modified_gmt":"2023-05-14T09:08:36","slug":"tocantinia-promove-a-festa-das-maes","status":"publish","type":"post","link":"https:\/\/focotocantinense.com.br\/?p=4749","title":{"rendered":"Tocant\u00ednia promove a Festa das M\u00e3es"},"content":{"rendered":"\n<p><strong>Por Zacarias Martins<\/strong><\/p>\n\n\n\n<p>Numa promo\u00e7\u00e3o conjunta da &nbsp;Prefeitura de Tocant\u00ednia, &nbsp;por meio das v\u00e1rias secretarias&nbsp; municipais, foi realizada&nbsp; na noite de sexta-feira, 12, a tradicional Festa das M\u00e3es, que culminou com um delicioso jantar para&nbsp; coroar em grande estilo, a programa\u00e7\u00e3o festiva.<\/p>\n\n\n\n<p>O evento que teve lugar na quadra poliesportiva da  Escola Municipal de Tempo Integral  Ant\u00f4nio Benvindo da Luz<strong>, <\/strong>onde as m\u00e3es foram recepcionadas&nbsp; pelo prefeito Manoel Silvino e a sua equipe de governo.<\/p>\n\n\n\n<p>O pr\u00f3prio prefeito Manoel Silvino destacou que a&nbsp; Festa das M\u00e3es&nbsp; \u00e9 uma das programa\u00e7\u00f5es multiculturais de Tocant\u00ednia&nbsp; que s\u00e3o realizadas ao longo do ano, com intuito de expandir as op\u00e7\u00f5es de lazer \u00e0 popula\u00e7\u00e3o e impulsionar o turismo na cidade.<\/p>\n\n\n\n<p>A primeira dama Nara Cristina representando todas as mam\u00e3es do munic\u00edpio homenageou-as com uma linda mensagem com destaque para a fala  Esla ressaltou que  as mulheres, especialmente aquelas que j\u00e1 s\u00e3o maes,   t\u00eam muitos frutos da maternidade a celebrar durante a vida como a conquista de um filho num vestibular, e destacou? &#8220;Mas a maior conquista \u00e9 quando vemos que contribu\u00edmos para forma\u00e7\u00e3o de homens e mulheres de bem e esse o meu desejo a todas as m\u00e3es \u201c<\/p>\n\n\n\n<p>Ja o vice-prefeito e o vice-prefeito Jo\u00e3o Alberto Coelho , lembrou que nessa   data t\u00e3o especial n\u00e3o poder\u00ed deixar  de prestat uma justa e merecida homenagem \u00e0 todas as m\u00e3es  tocantinienses que contribuem com sua maternidade para o desenvolvimento e o progresso da cidade, sempre com muita dedica\u00e7\u00e3o, carinho e amor \u201c disse o vice-prefeito Jo\u00e3o Alberto Coelho Machado<\/p>\n\n\n\n<p>Para o secret\u00e1rio de Educa\u00e7\u00e3o do munic\u00edpio, Andr\u00e9 Goveia,\u00a0 a parceria para a realiza\u00e7\u00e3o da Festa das M\u00e3es com os demais \u00f3rg\u00e3os da municipalidade sempre \u00a0\u00a0\u00e9 sucesso garantido.\u00a0<\/p>\n\n\n\n<figure class=\"wp-block-image size-large\"><img loading=\"lazy\" decoding=\"async\" width=\"1024\" height=\"768\" src=\"https:\/\/focotocantinense.com.br\/wp-content\/uploads\/2023\/05\/3-MAE-1024x768.jpg\" alt=\"\" class=\"wp-image-4760\" srcset=\"https:\/\/focotocantinense.com.br\/wp-content\/uploads\/2023\/05\/3-MAE-1024x768.jpg 1024w, https:\/\/focotocantinense.com.br\/wp-content\/uploads\/2023\/05\/3-MAE-300x225.jpg 300w, https:\/\/focotocantinense.com.br\/wp-content\/uploads\/2023\/05\/3-MAE-768x576.jpg 768w, https:\/\/focotocantinense.com.br\/wp-content\/uploads\/2023\/05\/3-MAE-1536x1152.jpg 1536w, https:\/\/focotocantinense.com.br\/wp-content\/uploads\/2023\/05\/3-MAE.jpg 1600w\" sizes=\"auto, (max-width: 1024px) 100vw, 1024px\" \/><\/figure>\n\n\n\n<figure class=\"wp-block-image size-large\"><img loading=\"lazy\" decoding=\"async\" width=\"1024\" height=\"488\" src=\"https:\/\/focotocantinense.com.br\/wp-content\/uploads\/2023\/05\/1-MAE-1024x488.jpg\" alt=\"\" class=\"wp-image-4761\" srcset=\"https:\/\/focotocantinense.com.br\/wp-content\/uploads\/2023\/05\/1-MAE-1024x488.jpg 1024w, https:\/\/focotocantinense.com.br\/wp-content\/uploads\/2023\/05\/1-MAE-300x143.jpg 300w, https:\/\/focotocantinense.com.br\/wp-content\/uploads\/2023\/05\/1-MAE-768x366.jpg 768w, https:\/\/focotocantinense.com.br\/wp-content\/uploads\/2023\/05\/1-MAE.jpg 1080w\" sizes=\"auto, (max-width: 1024px) 100vw, 1024px\" \/><\/figure>\n\n\n\n<figure class=\"wp-block-image size-large is-resized\"><img loading=\"lazy\" decoding=\"async\" src=\"https:\/\/focotocantinense.com.br\/wp-content\/uploads\/2023\/05\/2-MAE-1024x768.jpg\" alt=\"\" class=\"wp-image-4763\" width=\"840\" height=\"630\" srcset=\"https:\/\/focotocantinense.com.br\/wp-content\/uploads\/2023\/05\/2-MAE-1024x768.jpg 1024w, https:\/\/focotocantinense.com.br\/wp-content\/uploads\/2023\/05\/2-MAE-300x225.jpg 300w, https:\/\/focotocantinense.com.br\/wp-content\/uploads\/2023\/05\/2-MAE-768x576.jpg 768w, https:\/\/focotocantinense.com.br\/wp-content\/uploads\/2023\/05\/2-MAE-1536x1152.jpg 1536w, https:\/\/focotocantinense.com.br\/wp-content\/uploads\/2023\/05\/2-MAE.jpg 1600w\" sizes=\"auto, (max-width: 840px) 100vw, 840px\" \/><\/figure>\n","protected":false},"excerpt":{"rendered":"<p>Por Zacarias Martins Numa promo\u00e7\u00e3o conjunta da &nbsp;Prefeitura de Tocant\u00ednia, &nbsp;por meio das v\u00e1rias secretarias&nbsp; municipais, foi realizada&nbsp; na noite de sexta-feira, 12, a tradicional Festa das M\u00e3es, que culminou com um delicioso jantar para&nbsp; coroar em grande estilo, a programa\u00e7\u00e3o festiva. O evento que teve lugar na quadra poliesportiva da Escola Municipal de Tempo &hellip;<\/p>\n","protected":false},"author":5,"featured_media":4750,"comment_status":"open","ping_status":"open","sticky":false,"template":"","format":"standard","meta":{"footnotes":""},"categories":[78],"tags":[],"class_list":["post-4749","post","type-post","status-publish","format-standard","has-post-thumbnail","","category-tocantinia"],"_links":{"self":[{"href":"https:\/\/focotocantinense.com.br\/index.php?rest_route=\/wp\/v2\/posts\/4749","targetHints":{"allow":["GET"]}}],"collection":[{"href":"https:\/\/focotocantinense.com.br\/index.php?rest_route=\/wp\/v2\/posts"}],"about":[{"href":"https:\/\/focotocantinense.com.br\/index.php?rest_route=\/wp\/v2\/types\/post"}],"author":[{"embeddable":true,"href":"https:\/\/focotocantinense.com.br\/index.php?rest_route=\/wp\/v2\/users\/5"}],"replies":[{"embeddable":true,"href":"https:\/\/focotocantinense.com.br\/index.php?rest_route=%2Fwp%2Fv2%2Fcomments&post=4749"}],"version-history":[{"count":7,"href":"https:\/\/focotocantinense.com.br\/index.php?rest_route=\/wp\/v2\/posts\/4749\/revisions"}],"predecessor-version":[{"id":4764,"href":"https:\/\/focotocantinense.com.br\/index.php?rest_route=\/wp\/v2\/posts\/4749\/revisions\/4764"}],"wp:featuredmedia":[{"embeddable":true,"href":"https:\/\/focotocantinense.com.br\/index.php?rest_route=\/wp\/v2\/media\/4750"}],"wp:attachment":[{"href":"https:\/\/focotocantinense.com.br\/index.php?rest_route=%2Fwp%2Fv2%2Fmedia&parent=4749"}],"wp:term":[{"taxonomy":"category","embeddable":true,"href":"https:\/\/focotocantinense.com.br\/index.php?rest_route=%2Fwp%2Fv2%2Fcategories&post=4749"},{"taxonomy":"post_tag","embeddable":true,"href":"https:\/\/focotocantinense.com.br\/index.php?rest_route=%2Fwp%2Fv2%2Ftags&post=4749"}],"curies":[{"name":"wp","href":"https:\/\/api.w.org\/{rel}","templated":true}]}}