{"id":4725,"date":"2023-05-12T10:49:23","date_gmt":"2023-05-12T13:49:23","guid":{"rendered":"https:\/\/focotocantinense.com.br\/?p=4725"},"modified":"2023-05-12T15:59:46","modified_gmt":"2023-05-12T18:59:46","slug":"alunos-da-escola-municipal-professor-constantino-pedro-de-castro-de-tocantinia-participam-de-homenagem-ao-dia-das-maes","status":"publish","type":"post","link":"https:\/\/focotocantinense.com.br\/?p=4725","title":{"rendered":"Alunos da Escola Municipal Professor Constantino Pedro de Castro, de Tocant\u00ednia, participam de \u00a0homenagem ao Dia das M\u00e3es"},"content":{"rendered":"\n<p><strong>Por Zacarias Martins<\/strong><\/p>\n\n\n\n<p>Com o apoio da Prefeitura de Tocant\u00ednia, por meio da Secretaria Municipal de Educa\u00e7\u00e3o SEMED, a Escola Municipal Professor Constantino Pedro de Castro, realizou,&nbsp; na quinta-feira (11), v\u00e1rias apresenta\u00e7\u00f5es dos alunos para homenagear \u00e0s m\u00e3es.<\/p>\n\n\n\n<p>Essa movimentada programa\u00e7\u00e3o festiva \u00e9 a\u00e7\u00e3o das a\u00e7\u00f5es que est\u00e3o inseridas no PPP (Projeto Pol\u00edtico Pedag\u00f3gico) da escola, j\u00e1 que se refere a &nbsp;uma data importante para refor\u00e7ar os v\u00ednculos entre a institui\u00e7\u00e3o e a fam\u00edlia.<\/p>\n\n\n\n<p>Na ocasi\u00e3o tamb\u00e9m foi trabalhado o dia &#8220;D&#8221; do Aluno Destaque, &nbsp;referente ao primeiro bimestre.<\/p>\n\n\n\n<p>De acordo com a gestora da&nbsp; Unidade Escolar, professora diretora Jucilene Martins Louzeira, essa a\u00e7\u00e3o tem como objetivo incentivar o&nbsp; bom desempenho escolar dos alunos e fazer com que eles&nbsp; despertem para o fato de que s\u00e3o os maiores respons\u00e1veis pelo pr\u00f3prio sucesso nos estudos.<\/p>\n\n\n\n<figure class=\"wp-block-gallery has-nested-images columns-default is-cropped wp-block-gallery-1 is-layout-flex wp-block-gallery-is-layout-flex\">\n<figure class=\"wp-block-image size-large\"><img loading=\"lazy\" decoding=\"async\" width=\"854\" height=\"465\" data-id=\"4726\" src=\"https:\/\/focotocantinense.com.br\/wp-content\/uploads\/2023\/05\/aaaaaaaaaaaaa-1.jpg\" alt=\"\" class=\"wp-image-4726\" srcset=\"https:\/\/focotocantinense.com.br\/wp-content\/uploads\/2023\/05\/aaaaaaaaaaaaa-1.jpg 854w, https:\/\/focotocantinense.com.br\/wp-content\/uploads\/2023\/05\/aaaaaaaaaaaaa-1-300x163.jpg 300w, https:\/\/focotocantinense.com.br\/wp-content\/uploads\/2023\/05\/aaaaaaaaaaaaa-1-768x418.jpg 768w\" sizes=\"auto, (max-width: 854px) 100vw, 854px\" \/><\/figure>\n<\/figure>\n\n\n\n<p><strong>Os alunos destaques no primeiro bimestre<\/strong> <strong>foram:<\/strong><\/p>\n\n\n\n<p><strong>1\u00b0 ano &#8220;A&#8221;<\/strong><\/p>\n\n\n\n<p>Hemilly Loyse Gomes Pereira<\/p>\n\n\n\n<p>Ana J\u00falia Barbosa de Souza<\/p>\n\n\n\n<p>Jo\u00e3o Miguel C\u00e2ndido Cunha<\/p>\n\n\n\n<p>Jo\u00e3o Guilherme Nunes Moreira<\/p>\n\n\n\n<p>Jo\u00e3o Marcelo Ribeiro Torres Macedo<\/p>\n\n\n\n<p>Maria Fernanda Pereira Ribeiro<\/p>\n\n\n\n<p><strong>1\u00b0 ano &#8220;B&#8221;<\/strong><\/p>\n\n\n\n<p>Arthur Luciano Ribeiro<\/p>\n\n\n\n<p>Isis Sophia Alves da Silva<\/p>\n\n\n\n<p>Lara Rodrigues Carvalho<\/p>\n\n\n\n<p>Wellington Santos de Oliveira<\/p>\n\n\n\n<p><strong>2\u00b0 ano<\/strong><\/p>\n\n\n\n<p>Miguel Carvalho<\/p>\n\n\n\n<p>Gabriel Wak\u00f5m\u00eakwa Torres Xerente<\/p>\n\n\n\n<p>&nbsp;Helo\u00edsa Marques Cursino<\/p>\n\n\n\n<p><strong>4\u00b0 ano<\/strong><\/p>\n\n\n\n<p>Bernardo Oliveira Reis<\/p>\n\n\n\n<p>Gabrielly Ester Sidi Rodrigues<\/p>\n\n\n\n<p>Maria Elisa Alves<\/p>\n\n\n\n<p>Madson Neres da Silva<\/p>\n\n\n\n<p>Pedro Neto Alencar<\/p>\n\n\n\n<p>Silvio J\u00fanior Nunes Moreira<\/p>\n\n\n\n<p><strong>5\u00b0 ano<\/strong><\/p>\n\n\n\n<p>Camila Botelho Martins<\/p>\n\n\n\n<p>Davi Carneiro<\/p>\n\n\n\n<p>Rayssa Sales dos Santos<\/p>\n\n\n\n<p>Maria Fernanda Cardoso dos Reis<\/p>\n\n\n\n<p>Maria J\u00falia Marinho Guida<\/p>\n\n\n\n<p>Larah Vit\u00f3ria Barbosa dos Santos<\/p>\n\n\n\n<p>Yuri Sousa Almeida<\/p>\n\n\n\n<p>Jo\u00e3o Heitor Amorim<\/p>\n\n\n\n<p>Melissa Xerente<\/p>\n\n\n\n<p>Marcos Levi Rodrigues<\/p>\n\n\n\n<p>Marcos Paulo Alves<\/p>\n\n\n\n<p>Ronald Carvalho Torres.<\/p>\n\n\n\n<figure class=\"wp-block-image\"><a href=\"https:\/\/www.instagram.com\/viniciusmartinsto\/\" target=\"_blank\" rel=\"noreferrer noopener\"><img decoding=\"async\" src=\"https:\/\/www.n1to.com.br\/img\/cache\/720x105\/80\/crop\/Imagem-5d47a5308881f0c8abe00de9a153b651.png\" alt=\"\" title=\"Vin\u00edcius Martins | Ator | Humorista | Comunicador\"\/><\/a><\/figure>\n\n\n\n<figure class=\"wp-block-image size-large is-resized\"><img loading=\"lazy\" decoding=\"async\" src=\"https:\/\/focotocantinense.com.br\/wp-content\/uploads\/2023\/05\/bbb-771x1024.jpg\" alt=\"\" class=\"wp-image-4729\" width=\"771\" height=\"1024\" srcset=\"https:\/\/focotocantinense.com.br\/wp-content\/uploads\/2023\/05\/bbb-771x1024.jpg 771w, https:\/\/focotocantinense.com.br\/wp-content\/uploads\/2023\/05\/bbb-226x300.jpg 226w, https:\/\/focotocantinense.com.br\/wp-content\/uploads\/2023\/05\/bbb-768x1020.jpg 768w, https:\/\/focotocantinense.com.br\/wp-content\/uploads\/2023\/05\/bbb-1157x1536.jpg 1157w, https:\/\/focotocantinense.com.br\/wp-content\/uploads\/2023\/05\/bbb.jpg 1205w\" sizes=\"auto, (max-width: 771px) 100vw, 771px\" \/><\/figure>\n\n\n\n<figure class=\"wp-block-image size-large\"><img loading=\"lazy\" decoding=\"async\" width=\"1024\" height=\"771\" src=\"https:\/\/focotocantinense.com.br\/wp-content\/uploads\/2023\/05\/ccc-1024x771.jpg\" alt=\"\" class=\"wp-image-4731\" srcset=\"https:\/\/focotocantinense.com.br\/wp-content\/uploads\/2023\/05\/ccc-1024x771.jpg 1024w, https:\/\/focotocantinense.com.br\/wp-content\/uploads\/2023\/05\/ccc-300x226.jpg 300w, https:\/\/focotocantinense.com.br\/wp-content\/uploads\/2023\/05\/ccc-768x578.jpg 768w, https:\/\/focotocantinense.com.br\/wp-content\/uploads\/2023\/05\/ccc-1536x1157.jpg 1536w, https:\/\/focotocantinense.com.br\/wp-content\/uploads\/2023\/05\/ccc.jpg 1600w\" sizes=\"auto, (max-width: 1024px) 100vw, 1024px\" \/><\/figure>\n\n\n\n<figure class=\"wp-block-image size-large\"><img loading=\"lazy\" decoding=\"async\" width=\"1024\" height=\"771\" src=\"https:\/\/focotocantinense.com.br\/wp-content\/uploads\/2023\/05\/ddd-1024x771.jpg\" alt=\"\" class=\"wp-image-4732\" srcset=\"https:\/\/focotocantinense.com.br\/wp-content\/uploads\/2023\/05\/ddd-1024x771.jpg 1024w, https:\/\/focotocantinense.com.br\/wp-content\/uploads\/2023\/05\/ddd-300x226.jpg 300w, https:\/\/focotocantinense.com.br\/wp-content\/uploads\/2023\/05\/ddd-768x578.jpg 768w, https:\/\/focotocantinense.com.br\/wp-content\/uploads\/2023\/05\/ddd-1536x1157.jpg 1536w, https:\/\/focotocantinense.com.br\/wp-content\/uploads\/2023\/05\/ddd.jpg 1600w\" sizes=\"auto, (max-width: 1024px) 100vw, 1024px\" \/><\/figure>\n\n\n\n<figure class=\"wp-block-image size-large\"><img loading=\"lazy\" decoding=\"async\" width=\"1024\" height=\"768\" src=\"https:\/\/focotocantinense.com.br\/wp-content\/uploads\/2023\/05\/eeee-1024x768.jpg\" alt=\"\" class=\"wp-image-4734\" srcset=\"https:\/\/focotocantinense.com.br\/wp-content\/uploads\/2023\/05\/eeee-1024x768.jpg 1024w, https:\/\/focotocantinense.com.br\/wp-content\/uploads\/2023\/05\/eeee-300x225.jpg 300w, https:\/\/focotocantinense.com.br\/wp-content\/uploads\/2023\/05\/eeee-768x576.jpg 768w, https:\/\/focotocantinense.com.br\/wp-content\/uploads\/2023\/05\/eeee-1536x1152.jpg 1536w, https:\/\/focotocantinense.com.br\/wp-content\/uploads\/2023\/05\/eeee.jpg 1600w\" sizes=\"auto, (max-width: 1024px) 100vw, 1024px\" \/><\/figure>\n\n\n\n<figure class=\"wp-block-image size-large\"><img loading=\"lazy\" decoding=\"async\" width=\"1024\" height=\"768\" src=\"https:\/\/focotocantinense.com.br\/wp-content\/uploads\/2023\/05\/fffff-1024x768.jpg\" alt=\"\" class=\"wp-image-4736\" srcset=\"https:\/\/focotocantinense.com.br\/wp-content\/uploads\/2023\/05\/fffff-1024x768.jpg 1024w, https:\/\/focotocantinense.com.br\/wp-content\/uploads\/2023\/05\/fffff-300x225.jpg 300w, https:\/\/focotocantinense.com.br\/wp-content\/uploads\/2023\/05\/fffff-768x576.jpg 768w, https:\/\/focotocantinense.com.br\/wp-content\/uploads\/2023\/05\/fffff-1536x1152.jpg 1536w, https:\/\/focotocantinense.com.br\/wp-content\/uploads\/2023\/05\/fffff.jpg 1600w\" sizes=\"auto, (max-width: 1024px) 100vw, 1024px\" \/><\/figure>\n\n\n","protected":false},"excerpt":{"rendered":"<p>Por Zacarias Martins Com o apoio da Prefeitura de Tocant\u00ednia, por meio da Secretaria Municipal de Educa\u00e7\u00e3o SEMED, a Escola Municipal Professor Constantino Pedro de Castro, realizou,&nbsp; na quinta-feira (11), v\u00e1rias apresenta\u00e7\u00f5es dos alunos para homenagear \u00e0s m\u00e3es. Essa movimentada programa\u00e7\u00e3o festiva \u00e9 a\u00e7\u00e3o das a\u00e7\u00f5es que est\u00e3o inseridas no PPP (Projeto Pol\u00edtico Pedag\u00f3gico) da &hellip;<\/p>\n","protected":false},"author":5,"featured_media":4726,"comment_status":"open","ping_status":"open","sticky":false,"template":"","format":"standard","meta":{"footnotes":""},"categories":[78],"tags":[],"class_list":["post-4725","post","type-post","status-publish","format-standard","has-post-thumbnail","","category-tocantinia"],"_links":{"self":[{"href":"https:\/\/focotocantinense.com.br\/index.php?rest_route=\/wp\/v2\/posts\/4725","targetHints":{"allow":["GET"]}}],"collection":[{"href":"https:\/\/focotocantinense.com.br\/index.php?rest_route=\/wp\/v2\/posts"}],"about":[{"href":"https:\/\/focotocantinense.com.br\/index.php?rest_route=\/wp\/v2\/types\/post"}],"author":[{"embeddable":true,"href":"https:\/\/focotocantinense.com.br\/index.php?rest_route=\/wp\/v2\/users\/5"}],"replies":[{"embeddable":true,"href":"https:\/\/focotocantinense.com.br\/index.php?rest_route=%2Fwp%2Fv2%2Fcomments&post=4725"}],"version-history":[{"count":10,"href":"https:\/\/focotocantinense.com.br\/index.php?rest_route=\/wp\/v2\/posts\/4725\/revisions"}],"predecessor-version":[{"id":4745,"href":"https:\/\/focotocantinense.com.br\/index.php?rest_route=\/wp\/v2\/posts\/4725\/revisions\/4745"}],"wp:featuredmedia":[{"embeddable":true,"href":"https:\/\/focotocantinense.com.br\/index.php?rest_route=\/wp\/v2\/media\/4726"}],"wp:attachment":[{"href":"https:\/\/focotocantinense.com.br\/index.php?rest_route=%2Fwp%2Fv2%2Fmedia&parent=4725"}],"wp:term":[{"taxonomy":"category","embeddable":true,"href":"https:\/\/focotocantinense.com.br\/index.php?rest_route=%2Fwp%2Fv2%2Fcategories&post=4725"},{"taxonomy":"post_tag","embeddable":true,"href":"https:\/\/focotocantinense.com.br\/index.php?rest_route=%2Fwp%2Fv2%2Ftags&post=4725"}],"curies":[{"name":"wp","href":"https:\/\/api.w.org\/{rel}","templated":true}]}}