{"id":4720,"date":"2023-05-10T15:43:33","date_gmt":"2023-05-10T18:43:33","guid":{"rendered":"https:\/\/focotocantinense.com.br\/?p=4720"},"modified":"2023-05-10T15:44:22","modified_gmt":"2023-05-10T18:44:22","slug":"prefeito-de-tocantinia-manoel-silvino-recebe-o-novo-coordenador-do-dsei-to","status":"publish","type":"post","link":"https:\/\/focotocantinense.com.br\/?p=4720","title":{"rendered":"Prefeito de Tocant\u00ednia, Manoel Silvino recebe o novo Coordenador do DSEI\/TO"},"content":{"rendered":"\n<p>O prefeito  de Tocant\u00ednia, Manoel Silvino,  e  o seu vice, Jo\u00e3o Alberto receberam nesta quarta-feira (10), o coordenador do Distrito Sanit\u00e1rio Especial Ind\u00edgena do Tocantins (DSEI\/TO), Haratum\u00e1 Java\u00e9, o presidente do Conselho Local de Sa\u00fade Ind\u00edgena, Paulo Carlos Xerente e membros do Conselho.<\/p>\n\n\n\n<p><br>Na ocasi\u00e3o foram tratados v\u00e1rios assuntos de coopera\u00e7\u00e3o e parcerias entre a prefeitura e o DSEI\/TO, na nova gest\u00e3o da entidade para viabilizar os atendimentos da sa\u00fade dos ind\u00edgenas do Munic\u00edpio de Tocant\u00ednia.<\/p>\n\n\n\n<p><br>O prefeito Silvino garantiu manter a coopera\u00e7\u00e3o da prefeitura dentro das suas possibilidades, como renova\u00e7\u00e3o do contrato de loca\u00e7\u00e3o do im\u00f3vel do P\u00f3lo Base, travessia de balsa, entre outras,  at\u00e9 o restabelecimento desses servi\u00e7os que s\u00e3o oferecidos para os ind\u00edgenas pelo DSEI.<\/p>\n\n\n\n<p><\/p>\n\n\n\n<figure class=\"wp-block-image size-large\"><img loading=\"lazy\" decoding=\"async\" width=\"1024\" height=\"768\" src=\"https:\/\/focotocantinense.com.br\/wp-content\/uploads\/2023\/05\/dcfc51b8-8c94-47f5-96b6-b0a2058550b5-1024x768.jpg\" alt=\"\" class=\"wp-image-4723\" srcset=\"https:\/\/focotocantinense.com.br\/wp-content\/uploads\/2023\/05\/dcfc51b8-8c94-47f5-96b6-b0a2058550b5-1024x768.jpg 1024w, https:\/\/focotocantinense.com.br\/wp-content\/uploads\/2023\/05\/dcfc51b8-8c94-47f5-96b6-b0a2058550b5-300x225.jpg 300w, https:\/\/focotocantinense.com.br\/wp-content\/uploads\/2023\/05\/dcfc51b8-8c94-47f5-96b6-b0a2058550b5-768x576.jpg 768w, https:\/\/focotocantinense.com.br\/wp-content\/uploads\/2023\/05\/dcfc51b8-8c94-47f5-96b6-b0a2058550b5-1536x1152.jpg 1536w, https:\/\/focotocantinense.com.br\/wp-content\/uploads\/2023\/05\/dcfc51b8-8c94-47f5-96b6-b0a2058550b5.jpg 1600w\" sizes=\"auto, (max-width: 1024px) 100vw, 1024px\" \/><\/figure>\n\n\n\n<figure class=\"wp-block-image size-full\"><img loading=\"lazy\" decoding=\"async\" width=\"1011\" height=\"263\" src=\"https:\/\/focotocantinense.com.br\/wp-content\/uploads\/2023\/04\/VINI-4.jpg\" alt=\"\" class=\"wp-image-4689\" srcset=\"https:\/\/focotocantinense.com.br\/wp-content\/uploads\/2023\/04\/VINI-4.jpg 1011w, https:\/\/focotocantinense.com.br\/wp-content\/uploads\/2023\/04\/VINI-4-300x78.jpg 300w, https:\/\/focotocantinense.com.br\/wp-content\/uploads\/2023\/04\/VINI-4-768x200.jpg 768w\" sizes=\"auto, (max-width: 1011px) 100vw, 1011px\" \/><\/figure>\n","protected":false},"excerpt":{"rendered":"<p>O prefeito de Tocant\u00ednia, Manoel Silvino, e o seu vice, Jo\u00e3o Alberto receberam nesta quarta-feira (10), o coordenador do Distrito Sanit\u00e1rio Especial Ind\u00edgena do Tocantins (DSEI\/TO), Haratum\u00e1 Java\u00e9, o presidente do Conselho Local de Sa\u00fade Ind\u00edgena, Paulo Carlos Xerente e membros do Conselho. Na ocasi\u00e3o foram tratados v\u00e1rios assuntos de coopera\u00e7\u00e3o e parcerias entre a &hellip;<\/p>\n","protected":false},"author":5,"featured_media":4721,"comment_status":"open","ping_status":"open","sticky":false,"template":"","format":"standard","meta":{"footnotes":""},"categories":[78],"tags":[],"class_list":["post-4720","post","type-post","status-publish","format-standard","has-post-thumbnail","","category-tocantinia"],"_links":{"self":[{"href":"https:\/\/focotocantinense.com.br\/index.php?rest_route=\/wp\/v2\/posts\/4720","targetHints":{"allow":["GET"]}}],"collection":[{"href":"https:\/\/focotocantinense.com.br\/index.php?rest_route=\/wp\/v2\/posts"}],"about":[{"href":"https:\/\/focotocantinense.com.br\/index.php?rest_route=\/wp\/v2\/types\/post"}],"author":[{"embeddable":true,"href":"https:\/\/focotocantinense.com.br\/index.php?rest_route=\/wp\/v2\/users\/5"}],"replies":[{"embeddable":true,"href":"https:\/\/focotocantinense.com.br\/index.php?rest_route=%2Fwp%2Fv2%2Fcomments&post=4720"}],"version-history":[{"count":2,"href":"https:\/\/focotocantinense.com.br\/index.php?rest_route=\/wp\/v2\/posts\/4720\/revisions"}],"predecessor-version":[{"id":4724,"href":"https:\/\/focotocantinense.com.br\/index.php?rest_route=\/wp\/v2\/posts\/4720\/revisions\/4724"}],"wp:featuredmedia":[{"embeddable":true,"href":"https:\/\/focotocantinense.com.br\/index.php?rest_route=\/wp\/v2\/media\/4721"}],"wp:attachment":[{"href":"https:\/\/focotocantinense.com.br\/index.php?rest_route=%2Fwp%2Fv2%2Fmedia&parent=4720"}],"wp:term":[{"taxonomy":"category","embeddable":true,"href":"https:\/\/focotocantinense.com.br\/index.php?rest_route=%2Fwp%2Fv2%2Fcategories&post=4720"},{"taxonomy":"post_tag","embeddable":true,"href":"https:\/\/focotocantinense.com.br\/index.php?rest_route=%2Fwp%2Fv2%2Ftags&post=4720"}],"curies":[{"name":"wp","href":"https:\/\/api.w.org\/{rel}","templated":true}]}}