{"id":4717,"date":"2023-05-09T20:36:56","date_gmt":"2023-05-09T23:36:56","guid":{"rendered":"https:\/\/focotocantinense.com.br\/?p=4717"},"modified":"2023-05-09T20:36:57","modified_gmt":"2023-05-09T23:36:57","slug":"em-audiencia-no-ministerio-de-portos-e-aeroportos-governo-do-tocantins-garante-ampliacao-de-estrutura-logistica-e-de-transporte","status":"publish","type":"post","link":"https:\/\/focotocantinense.com.br\/?p=4717","title":{"rendered":"Em audi\u00eancia no Minist\u00e9rio de Portos e Aeroportos, Governo do Tocantins garante amplia\u00e7\u00e3o de estrutura log\u00edstica e de transporte"},"content":{"rendered":"\n<p>Eixo estrat\u00e9gico da gest\u00e3o do governador Wanderlei Barbosa, a amplia\u00e7\u00e3o da infraestrutura log\u00edstica e a solicita\u00e7\u00e3o de realiza\u00e7\u00e3o da obra do Pedral de Louren\u00e7o para opera\u00e7\u00e3o da hidrovia Tocantins-Araguaia e do Porto de Praia Norte foram encaminhadas ao Minist\u00e9rio de Portos e Aeroportos, em Bras\u00edlia.<\/p>\n\n\n\n<p>O governador Wanderlei Barbosa recebeu, do ministro de Portos e Aeroportos, M\u00e1rcio Fran\u00e7a, a garantia de uma atua\u00e7\u00e3o efetiva para a realiza\u00e7\u00e3o da obra do Pedral, necess\u00e1ria para efetivar a opera\u00e7\u00e3o da hidrovia Tocantins-Araguaia. A diversifica\u00e7\u00e3o das solu\u00e7\u00f5es log\u00edsticas e de transporte e o potencial do Tocantins como eixo e corredor do transporte intermodal e hidrovi\u00e1rio foram enfatizados pelo Governador ao ministro M\u00e1rcio Fran\u00e7a.<\/p>\n\n\n\n<p>\u201cA hidrovia \u00e9 estrat\u00e9gica e traz moderniza\u00e7\u00e3o e inova\u00e7\u00e3o para o transporte das cargas dos estados que s\u00e3o expressivos produtores agr\u00edcolas do pa\u00eds. Essa obra vai garantir ao Tocantins uma posi\u00e7\u00e3o diferenciada. A obra do Pedral de Louren\u00e7o \u00e9 fundamental e vai atender o Tocantins, o Par\u00e1 e o Mato Grosso, vamos atuar de forma efetiva para consolidar e que ela seja iniciada o mais r\u00e1pido poss\u00edvel\u201d, enfatizou Wanderlei Barbosa.<\/p>\n\n\n\n<p>Durante a audi\u00eancia, o ministro de Portos e Aeroportos, M\u00e1rcio Fran\u00e7a, informou que o or\u00e7amento para investimentos nessa \u00e1rea de infraestrutura foi ampliado pelo Governo Federal e vai atuar para viabilizar a formata\u00e7\u00e3o dos procedimentos, a execu\u00e7\u00e3o da obra do Pedral e de opera\u00e7\u00e3o da hidrovia Tocantins-Araguaia. \u201cN\u00f3s queremos come\u00e7ar essa obra ainda em 2023 para que a hidrovia entre em opera\u00e7\u00e3o. As hidrovias s\u00e3o importantes para modernizar o modal do pa\u00eds e baixar o pre\u00e7o do transporte baratear o pre\u00e7o da mercadoria brasileira\u201d, ressaltou o ministro.<\/p>\n\n\n\n<p>O vice-governador do Tocantins, Laurez Moreira, informou ao ministro M\u00e1rcio Fran\u00e7a que a obra do Pedral de Louren\u00e7o tem um planejamento de execu\u00e7\u00e3o de 20 meses e que j\u00e1 conta com Licen\u00e7a Pr\u00e9via aprovada, aguardando resolu\u00e7\u00e3o de processos institucionais e complementa\u00e7\u00e3o de investimentos pelo Governo Federal.&nbsp;<\/p>\n\n\n\n<p>\u201c\u00c9 fundamental para resolver a quest\u00e3o da obra do Pedral para a opera\u00e7\u00e3o do Porto de Praia Norte no rio Tocantins e da Hidrovia Tocantins-Araguaia que vai interligar todo o centro-oeste com o oceano, tamb\u00e9m fazendo a liga\u00e7\u00e3o da ferrovia Norte-Sul, o que \u00e9 essencial e significativo para o Tocantins e o Brasil\u201d, afirmou Laurez Moreira.&nbsp;<\/p>\n\n\n\n<p>Participaram da audi\u00eancia os secret\u00e1rios de Estado da Fazenda, J\u00falio Edstron Santos; de Representa\u00e7\u00e3o em Bras\u00edlia, Carlos Manzini; da Sa\u00fade, Afonso Piva; o secret\u00e1rio Nacional de Portos e Transportes Aquavi\u00e1rios, Fabrizio Pierdomenico; a vice-presidente do Porto de Praia Norte, Sandra Kramer; o presidente da DTA Engenharia, Jo\u00e3o Ac\u00e1cio Gomes; o deputado federal Ricardo Ayres; e a assessoria t\u00e9cnica do Minist\u00e9rio dos Portos e dos Aeroportos.<\/p>\n\n\n\n<p>O secret\u00e1rio de Representa\u00e7\u00e3o em Bras\u00edlia, Carlos Manzini, afirma que a audi\u00eancia foi significativa para buscar a a\u00e7\u00e3o priorit\u00e1ria de ampliar a infraestrutura de transporte, a opera\u00e7\u00e3o da hidrovia Tocantins-Araguaia e a opera\u00e7\u00e3o do Porto de Praia Norte.<\/p>\n\n\n\n<p>\u201cA obra do Pedral de Louren\u00e7o precisa ser realizada para a efetiva opera\u00e7\u00e3o da Hidrovia Tocantins-Araguaia e do Porto de Praia Norte. A audi\u00eancia foi positiva para que essa infraestrutura log\u00edstica, importante para a competitividade e a economia, se consolide.&nbsp;S\u00e3o iniciativas como essa que fortalecem a confian\u00e7a dos investidores no potencial do Tocantins\u201d, afirmou o secret\u00e1rio Carlos Manzini.&nbsp;<\/p>\n\n\n\n<p><strong>Articula\u00e7\u00e3o<\/strong><\/p>\n\n\n\n<p>Wanderlei Barbosa informou ainda que a realiza\u00e7\u00e3o da obra do Pedral de Louren\u00e7o tamb\u00e9m vem sendo articulada em atua\u00e7\u00e3o do Governo do Tocantins com o Cons\u00f3rcio Interestadual de Desenvolvimento Sustent\u00e1vel da Amaz\u00f4nia Legal, que \u00e9 formado pelos nove estados amaz\u00f4nicos: Acre, Amap\u00e1, Amazonas, Mato Grosso, Maranh\u00e3o, Par\u00e1, Rond\u00f4nia, Roraima e Tocantins.<\/p>\n\n\n\n<p><img decoding=\"async\" src=\"https:\/\/central.to.gov.br\/image\/328804?w=670&amp;h=383\"><\/p>\n\n\n\n<p><strong><em>A diversifica\u00e7\u00e3o das solu\u00e7\u00f5es log\u00edsticas e de transporte e o potencial do Tocantins como eixo e corredor do transporte intermodal e hidrovi\u00e1rio foram enfatizados pelo Governador ao ministro M\u00e1rcio Fran\u00e7a &#8211; Foto: Mariana Di Pietro\/Governo do Tocantins&nbsp;<\/em><\/strong><\/p>\n\n\n\n<figure class=\"wp-block-image\"><img decoding=\"async\" src=\"http:\/\/n1to.com.br\/img\/uploads\/VINI_55.jpg\" alt=\"\"\/><\/figure>\n\n\n\n<figure class=\"wp-block-image is-resized\"><a href=\"https:\/\/www.instagram.com\/mutucacast\/\" target=\"_blank\" rel=\"noreferrer noopener\"><img loading=\"lazy\" decoding=\"async\" src=\"https:\/\/www.n1to.com.br\/img\/cache\/380x280\/80\/crop\/Imagem-e7214b7e48a41e43e545ec7063ee81e8.jpeg\" alt=\"\" width=\"836\" height=\"616\" title=\"MUTUCA CAST\"\/><\/a><\/figure>\n\n\n\n<ul class=\"wp-block-list\">\n<li><\/li>\n<\/ul>\n","protected":false},"excerpt":{"rendered":"<p>Eixo estrat\u00e9gico da gest\u00e3o do governador Wanderlei Barbosa, a amplia\u00e7\u00e3o da infraestrutura log\u00edstica e a solicita\u00e7\u00e3o de realiza\u00e7\u00e3o da obra do Pedral de Louren\u00e7o para opera\u00e7\u00e3o da hidrovia Tocantins-Araguaia e do Porto de Praia Norte foram encaminhadas ao Minist\u00e9rio de Portos e Aeroportos, em Bras\u00edlia. O governador Wanderlei Barbosa recebeu, do ministro de Portos e &hellip;<\/p>\n","protected":false},"author":5,"featured_media":4718,"comment_status":"open","ping_status":"open","sticky":false,"template":"","format":"standard","meta":{"footnotes":""},"categories":[40],"tags":[],"class_list":["post-4717","post","type-post","status-publish","format-standard","has-post-thumbnail","","category-politica"],"_links":{"self":[{"href":"https:\/\/focotocantinense.com.br\/index.php?rest_route=\/wp\/v2\/posts\/4717","targetHints":{"allow":["GET"]}}],"collection":[{"href":"https:\/\/focotocantinense.com.br\/index.php?rest_route=\/wp\/v2\/posts"}],"about":[{"href":"https:\/\/focotocantinense.com.br\/index.php?rest_route=\/wp\/v2\/types\/post"}],"author":[{"embeddable":true,"href":"https:\/\/focotocantinense.com.br\/index.php?rest_route=\/wp\/v2\/users\/5"}],"replies":[{"embeddable":true,"href":"https:\/\/focotocantinense.com.br\/index.php?rest_route=%2Fwp%2Fv2%2Fcomments&post=4717"}],"version-history":[{"count":1,"href":"https:\/\/focotocantinense.com.br\/index.php?rest_route=\/wp\/v2\/posts\/4717\/revisions"}],"predecessor-version":[{"id":4719,"href":"https:\/\/focotocantinense.com.br\/index.php?rest_route=\/wp\/v2\/posts\/4717\/revisions\/4719"}],"wp:featuredmedia":[{"embeddable":true,"href":"https:\/\/focotocantinense.com.br\/index.php?rest_route=\/wp\/v2\/media\/4718"}],"wp:attachment":[{"href":"https:\/\/focotocantinense.com.br\/index.php?rest_route=%2Fwp%2Fv2%2Fmedia&parent=4717"}],"wp:term":[{"taxonomy":"category","embeddable":true,"href":"https:\/\/focotocantinense.com.br\/index.php?rest_route=%2Fwp%2Fv2%2Fcategories&post=4717"},{"taxonomy":"post_tag","embeddable":true,"href":"https:\/\/focotocantinense.com.br\/index.php?rest_route=%2Fwp%2Fv2%2Ftags&post=4717"}],"curies":[{"name":"wp","href":"https:\/\/api.w.org\/{rel}","templated":true}]}}