{"id":4707,"date":"2023-05-05T18:52:44","date_gmt":"2023-05-05T21:52:44","guid":{"rendered":"https:\/\/focotocantinense.com.br\/?p=4707"},"modified":"2023-05-05T18:56:38","modified_gmt":"2023-05-05T21:56:38","slug":"amelio-cayres-assina-compromisso-pela-primeira-infancia-com-tce-governo-e-prefeituras","status":"publish","type":"post","link":"https:\/\/focotocantinense.com.br\/?p=4707","title":{"rendered":"Am\u00e9lio Cayres assina Compromisso pela Primeira Inf\u00e2ncia com TCE, Governo e prefeituras"},"content":{"rendered":"\n<p>Com o objetivo de reunir esfor\u00e7os de diversas institui\u00e7\u00f5es em prol da prote\u00e7\u00e3o dos direitos das crian\u00e7as de zero a seis anos, o presidente da Assembleia Legislativa do Tocantins (Aleto), Am\u00e9lio Cayres (Republicanos), firmou o Compromisso Tocantinense pela Primeira Inf\u00e2ncia, na tarde desta quinta-feira, 4, por iniciativa do Tribunal de Contas do Tocantins (TCE\/TO).&nbsp;<\/p>\n\n\n\n<p>Se comprometeram a implementar a\u00e7\u00f5es para a defesa da primeira inf\u00e2ncia o presidente do TCE, conselheiro Andr\u00e9 Luiz de Matos; governador do Estado, Wanderlei Barbosa; presidente do Tribunal de Justi\u00e7a do Tocantins, desembargadora Etelvina Maria Sampaio, o procurador-geral de Justi\u00e7a, Luciano Casarotti, a defensora p\u00fablica-geral, Estellamaris Postal; senadora Dorinha Rezende (UB) e 82 prefeitos municipais.<\/p>\n\n\n\n<p>O presidente da Aleto reiterou seu compromisso e de todos os deputados nesta a\u00e7\u00e3o. \u201cSabemos da import\u00e2ncia do desenvolvimento correto na primeira inf\u00e2ncia porque isso pode impactar toda a vida de um indiv\u00edduo. Por isso, junto com os 23 colegas parlamentares, colocamos a nossa Casa de Leis nesta tarefa e vamos trabalhar para criar mecanismos e apoiar as prefeituras para garantirmos direitos como sa\u00fade, educa\u00e7\u00e3o, alimenta\u00e7\u00e3o, tamb\u00e9m o direito de brincar e, evidentemente, dignidade \u00e0s crian\u00e7as dessa faixa et\u00e1ria\u201d, declarou Am\u00e9lio Cayres.<\/p>\n\n\n\n<p>\u201cUma pol\u00edtica p\u00fablica que come\u00e7a no ventre da m\u00e3e e vai at\u00e9 os seis anos de idade da crian\u00e7a, passando pela vacina\u00e7\u00e3o, alimenta\u00e7\u00e3o e saneamento, \u00e9 uma pol\u00edtica p\u00fablica multidisciplinar e n\u00f3s sabemos que os prefeitos aqui presentes precisar\u00e3o de todo o apoio nessa caminhada. Ent\u00e3o, o Tribunal de Contas se coloca como parceiro nessa tarefa\u201d, explicou o presidente do TCE, durante a solenidade.<\/p>\n\n\n\n<p>O Pacto tem como objetivos comuns entre os signat\u00e1rios aproximar esfor\u00e7os das institui\u00e7\u00f5es p\u00fablicas e capacita\u00e7\u00e3o da sociedade e dos servidores p\u00fablicos sobre o tema; acompanhar os indicadores estaduais e municipais que apontam resultados de Pol\u00edticas de Aten\u00e7\u00e3o \u00e0 Primeira Inf\u00e2ncia; desenvolver a\u00e7\u00f5es voltadas a esse p\u00fablico alvo e elaborar ou revisar o Plano Plurianual (PPA) e pe\u00e7as or\u00e7ament\u00e1rias que constem a identifica\u00e7\u00e3o dos recursos investidos na prioriza\u00e7\u00e3o da primeira inf\u00e2ncia.<\/p>\n\n\n\n<p>A a\u00e7\u00e3o tamb\u00e9m conta com o apoio do Fundo das Na\u00e7\u00f5es Unidas para a Inf\u00e2ncia (Unicef); Servi\u00e7o de Apoio \u00e0 Micro e Pequenas Empresas (Sebrae\/TO) e do Tribunal de Contas do Estado de Goi\u00e1s (TCE\/GO).<\/p>\n\n\n\n<p>&nbsp;<\/p>\n\n\n\n<figure class=\"wp-block-image size-large\"><img loading=\"lazy\" decoding=\"async\" width=\"1024\" height=\"710\" src=\"https:\/\/focotocantinense.com.br\/wp-content\/uploads\/2023\/05\/d9578d78bdbd8b8cf80f28e9859d4b5a-1024x710.jpg\" alt=\"\" class=\"wp-image-4708\" srcset=\"https:\/\/focotocantinense.com.br\/wp-content\/uploads\/2023\/05\/d9578d78bdbd8b8cf80f28e9859d4b5a-1024x710.jpg 1024w, https:\/\/focotocantinense.com.br\/wp-content\/uploads\/2023\/05\/d9578d78bdbd8b8cf80f28e9859d4b5a-300x208.jpg 300w, https:\/\/focotocantinense.com.br\/wp-content\/uploads\/2023\/05\/d9578d78bdbd8b8cf80f28e9859d4b5a-768x532.jpg 768w, https:\/\/focotocantinense.com.br\/wp-content\/uploads\/2023\/05\/d9578d78bdbd8b8cf80f28e9859d4b5a-110x75.jpg 110w, https:\/\/focotocantinense.com.br\/wp-content\/uploads\/2023\/05\/d9578d78bdbd8b8cf80f28e9859d4b5a.jpg 1089w\" sizes=\"auto, (max-width: 1024px) 100vw, 1024px\" \/><\/figure>\n\n\n\n<figure class=\"wp-block-image\"><img decoding=\"async\" src=\"http:\/\/n1to.com.br\/img\/uploads\/VINI_52.jpg\" alt=\"\"\/><\/figure>\n\n\n\n<figure class=\"wp-block-image is-resized\"><a href=\"https:\/\/www.instagram.com\/mutucacast\/\" target=\"_blank\" rel=\"noreferrer noopener\"><img loading=\"lazy\" decoding=\"async\" src=\"https:\/\/www.n1to.com.br\/img\/cache\/380x280\/80\/crop\/Imagem-e7214b7e48a41e43e545ec7063ee81e8.jpeg\" alt=\"\" width=\"833\" height=\"614\" title=\"MUTUCA CAST\"\/><\/a><\/figure>\n\n\n\n<ul class=\"wp-block-list\">\n<li><\/li>\n<\/ul>\n","protected":false},"excerpt":{"rendered":"<p>Com o objetivo de reunir esfor\u00e7os de diversas institui\u00e7\u00f5es em prol da prote\u00e7\u00e3o dos direitos das crian\u00e7as de zero a seis anos, o presidente da Assembleia Legislativa do Tocantins (Aleto), Am\u00e9lio Cayres (Republicanos), firmou o Compromisso Tocantinense pela Primeira Inf\u00e2ncia, na tarde desta quinta-feira, 4, por iniciativa do Tribunal de Contas do Tocantins (TCE\/TO).&nbsp; Se &hellip;<\/p>\n","protected":false},"author":5,"featured_media":4708,"comment_status":"open","ping_status":"open","sticky":false,"template":"","format":"standard","meta":{"footnotes":""},"categories":[41],"tags":[],"class_list":["post-4707","post","type-post","status-publish","format-standard","has-post-thumbnail","","category-policia"],"_links":{"self":[{"href":"https:\/\/focotocantinense.com.br\/index.php?rest_route=\/wp\/v2\/posts\/4707","targetHints":{"allow":["GET"]}}],"collection":[{"href":"https:\/\/focotocantinense.com.br\/index.php?rest_route=\/wp\/v2\/posts"}],"about":[{"href":"https:\/\/focotocantinense.com.br\/index.php?rest_route=\/wp\/v2\/types\/post"}],"author":[{"embeddable":true,"href":"https:\/\/focotocantinense.com.br\/index.php?rest_route=\/wp\/v2\/users\/5"}],"replies":[{"embeddable":true,"href":"https:\/\/focotocantinense.com.br\/index.php?rest_route=%2Fwp%2Fv2%2Fcomments&post=4707"}],"version-history":[{"count":3,"href":"https:\/\/focotocantinense.com.br\/index.php?rest_route=\/wp\/v2\/posts\/4707\/revisions"}],"predecessor-version":[{"id":4711,"href":"https:\/\/focotocantinense.com.br\/index.php?rest_route=\/wp\/v2\/posts\/4707\/revisions\/4711"}],"wp:featuredmedia":[{"embeddable":true,"href":"https:\/\/focotocantinense.com.br\/index.php?rest_route=\/wp\/v2\/media\/4708"}],"wp:attachment":[{"href":"https:\/\/focotocantinense.com.br\/index.php?rest_route=%2Fwp%2Fv2%2Fmedia&parent=4707"}],"wp:term":[{"taxonomy":"category","embeddable":true,"href":"https:\/\/focotocantinense.com.br\/index.php?rest_route=%2Fwp%2Fv2%2Fcategories&post=4707"},{"taxonomy":"post_tag","embeddable":true,"href":"https:\/\/focotocantinense.com.br\/index.php?rest_route=%2Fwp%2Fv2%2Ftags&post=4707"}],"curies":[{"name":"wp","href":"https:\/\/api.w.org\/{rel}","templated":true}]}}