{"id":4699,"date":"2023-05-04T19:11:58","date_gmt":"2023-05-04T22:11:58","guid":{"rendered":"https:\/\/focotocantinense.com.br\/?p=4699"},"modified":"2023-05-04T19:12:56","modified_gmt":"2023-05-04T22:12:56","slug":"governo-do-tocantins-abre-consulta-publica-sobre-projeto-do-novo-hospital-da-mulher-e-maternidade-dona-regina","status":"publish","type":"post","link":"https:\/\/focotocantinense.com.br\/?p=4699","title":{"rendered":"Governo do Tocantins abre Consulta P\u00fablica sobre projeto do novo Hospital da Mulher e Maternidade Dona Regina"},"content":{"rendered":"\n<p>Est\u00e1 dispon\u00edvel por 30 dias corridos a Consulta P\u00fablica sobre o novo Hospital da Mulher e Maternidade Dona Regina, promovida pelo Governo do Tocantins.<\/p>\n\n\n\n<p>At\u00e9 o dia 2 de junho, toda a sociedade \u00e9 convidada a avaliar, opinar e apresentar contribui\u00e7\u00f5es a respeito da proposta de parceria p\u00fablico-privada para constru\u00e7\u00e3o da nova unidade hospitalar pelo Governo do Estado com o objetivo de oferecer aten\u00e7\u00e3o integral \u00e0 sa\u00fade da mulher em atendimentos no parto e no nascimento, ginecologia, obstetr\u00edcia e neonatal. A realiza\u00e7\u00e3o da Consulta P\u00fablica foi publicada no Di\u00e1rio Oficial n\u00b0 6.320, dessa&nbsp;quarta-feira, 3.<\/p>\n\n\n\n<p>O projeto pretende n\u00e3o s\u00f3 suprir as demandas que hoje s\u00e3o direcionadas ao Dona Regina como tamb\u00e9m prev\u00ea o aumento da quantidade de leitos e a amplia\u00e7\u00e3o e otimiza\u00e7\u00e3o de programas de refer\u00eancia a exemplo do Banco de Leite Humano, Servi\u00e7o de Aten\u00e7\u00e3o Especializada \u00e0s Pessoas em Situa\u00e7\u00e3o de Viol\u00eancia Sexual (Savis) e Casa da Gestante, Beb\u00ea e Pu\u00e9rpera (CGBP). Outros servi\u00e7os fundamentais para a sa\u00fade da mulher antes n\u00e3o ofertados, como UTI obst\u00e9trica-ginecol\u00f3gica, tamb\u00e9m ser\u00e3o contemplados pela nova unidade que contar\u00e1 com instala\u00e7\u00f5es e equipamentos de \u00faltima gera\u00e7\u00e3o, incluindo um heliponto. Lembrando que ser\u00e1 mantido o atendimento 100% p\u00fablico destinado aos usu\u00e1rios do&nbsp;Sistema \u00danico de Sa\u00fade (SUS).<\/p>\n\n\n\n<p><\/p>\n\n\n\n<p>O Governo do Tocantins tamb\u00e9m realizar\u00e1 Audi\u00eancia P\u00fablica presencial no dia 24 de maio, \u00e0s 14h30, no audit\u00f3rio do Pal\u00e1cio Araguaia, com os objetivos de ampliar e aprimorar o di\u00e1logo com todos os setores interessados.<\/p>\n\n\n\n<p><strong>Sobre o Projeto<\/strong><\/p>\n\n\n\n<p>O projeto destinado \u00e0 constru\u00e7\u00e3o do novo Hospital da Mulher e Maternidade Dona Regina \u00e9 coordenado pela Secretaria de Estado de Parcerias e Investimentos (SPI\/TO), com o apoio da Secretaria de Estado da Sa\u00fade e da Secretaria de Estado da Mulher, e estruturado pela Tocantins Parcerias.<\/p>\n\n\n\n<p>A cria\u00e7\u00e3o de uma nova unidade hospitalar para tratar as demandas de sa\u00fade das mulheres de forma qualificada \u00e9 prioridade no plano de gest\u00e3o do governador Wanderlei Barbosa, que j\u00e1 assinou, no in\u00edcio deste ano, o decreto doando a \u00e1rea destinada \u00e0 constru\u00e7\u00e3o. O terreno destinado para constru\u00e7\u00e3o da obra est\u00e1 localizado na Quadra ACSU SO 130 (1301 Sul) e compreende a extens\u00e3o de quatro lotes interligados que, no total, somam 24 mil m\u00b2, uma \u00e1rea seis vezes maior do que a que comporta a atual estrutura do Dona Regina.<\/p>\n\n\n\n<p>A expectativa \u00e9 de que, quando efetivada, a parceria p\u00fablico-privada possa entregar ao Tocantins uma das principais unidades hospitalares especializadas na assist\u00eancia ao p\u00fablico feminino e neonatal do norte do Pa\u00eds.<\/p>\n\n\n\n<p><strong>Pr\u00f3xima Etapa<\/strong><\/p>\n\n\n\n<p>Finalizada a fase de di\u00e1logo p\u00fablico, as sugest\u00f5es feitas pela popula\u00e7\u00e3o ser\u00e3o avaliadas, respondidas e adequadas ao projeto. A partir da\u00ed, ser\u00e1 realizada a etapa de licita\u00e7\u00e3o, onde \u00e9 determinada a empresa ou o cons\u00f3rcio que executar\u00e1 o processo de constru\u00e7\u00e3o, gest\u00e3o, manuten\u00e7\u00e3o e opera\u00e7\u00e3o do novo hospital.<\/p>\n\n\n\n<p><img decoding=\"async\" src=\"https:\/\/central.to.gov.br\/image\/328074?w=670&amp;h=383\"><\/p>\n\n\n\n<p><strong>Expectativa \u00e9 de que, quando efetivada, a parceria p\u00fablico-privada possa entregar ao Tocantins uma das principais unidades hospitalares especializadas na assist\u00eancia ao p\u00fablico feminino e neonatal do norte do Pa\u00eds <\/strong><\/p>\n\n\n\n<figure class=\"wp-block-image size-full\"><img loading=\"lazy\" decoding=\"async\" width=\"1011\" height=\"263\" src=\"https:\/\/focotocantinense.com.br\/wp-content\/uploads\/2023\/04\/VINI-4.jpg\" alt=\"\" class=\"wp-image-4689\" srcset=\"https:\/\/focotocantinense.com.br\/wp-content\/uploads\/2023\/04\/VINI-4.jpg 1011w, https:\/\/focotocantinense.com.br\/wp-content\/uploads\/2023\/04\/VINI-4-300x78.jpg 300w, https:\/\/focotocantinense.com.br\/wp-content\/uploads\/2023\/04\/VINI-4-768x200.jpg 768w\" sizes=\"auto, (max-width: 1011px) 100vw, 1011px\" \/><\/figure>\n\n\n\n<figure class=\"wp-block-image is-resized\"><a href=\"https:\/\/www.instagram.com\/mutucacast\/\" target=\"_blank\" rel=\"noreferrer noopener\"><img loading=\"lazy\" decoding=\"async\" src=\"https:\/\/www.n1to.com.br\/img\/cache\/380x280\/80\/crop\/Imagem-e7214b7e48a41e43e545ec7063ee81e8.jpeg\" alt=\"\" width=\"806\" height=\"594\" title=\"MUTUCA CAST\"\/><\/a><\/figure>\n","protected":false},"excerpt":{"rendered":"<p>Est\u00e1 dispon\u00edvel por 30 dias corridos a Consulta P\u00fablica sobre o novo Hospital da Mulher e Maternidade Dona Regina, promovida pelo Governo do Tocantins. At\u00e9 o dia 2 de junho, toda a sociedade \u00e9 convidada a avaliar, opinar e apresentar contribui\u00e7\u00f5es a respeito da proposta de parceria p\u00fablico-privada para constru\u00e7\u00e3o da nova unidade hospitalar pelo &hellip;<\/p>\n","protected":false},"author":5,"featured_media":4700,"comment_status":"open","ping_status":"open","sticky":false,"template":"","format":"standard","meta":{"footnotes":""},"categories":[37],"tags":[],"class_list":["post-4699","post","type-post","status-publish","format-standard","has-post-thumbnail","","category-palmas"],"_links":{"self":[{"href":"https:\/\/focotocantinense.com.br\/index.php?rest_route=\/wp\/v2\/posts\/4699","targetHints":{"allow":["GET"]}}],"collection":[{"href":"https:\/\/focotocantinense.com.br\/index.php?rest_route=\/wp\/v2\/posts"}],"about":[{"href":"https:\/\/focotocantinense.com.br\/index.php?rest_route=\/wp\/v2\/types\/post"}],"author":[{"embeddable":true,"href":"https:\/\/focotocantinense.com.br\/index.php?rest_route=\/wp\/v2\/users\/5"}],"replies":[{"embeddable":true,"href":"https:\/\/focotocantinense.com.br\/index.php?rest_route=%2Fwp%2Fv2%2Fcomments&post=4699"}],"version-history":[{"count":3,"href":"https:\/\/focotocantinense.com.br\/index.php?rest_route=\/wp\/v2\/posts\/4699\/revisions"}],"predecessor-version":[{"id":4703,"href":"https:\/\/focotocantinense.com.br\/index.php?rest_route=\/wp\/v2\/posts\/4699\/revisions\/4703"}],"wp:featuredmedia":[{"embeddable":true,"href":"https:\/\/focotocantinense.com.br\/index.php?rest_route=\/wp\/v2\/media\/4700"}],"wp:attachment":[{"href":"https:\/\/focotocantinense.com.br\/index.php?rest_route=%2Fwp%2Fv2%2Fmedia&parent=4699"}],"wp:term":[{"taxonomy":"category","embeddable":true,"href":"https:\/\/focotocantinense.com.br\/index.php?rest_route=%2Fwp%2Fv2%2Fcategories&post=4699"},{"taxonomy":"post_tag","embeddable":true,"href":"https:\/\/focotocantinense.com.br\/index.php?rest_route=%2Fwp%2Fv2%2Ftags&post=4699"}],"curies":[{"name":"wp","href":"https:\/\/api.w.org\/{rel}","templated":true}]}}