{"id":4680,"date":"2023-04-28T12:16:49","date_gmt":"2023-04-28T15:16:49","guid":{"rendered":"https:\/\/focotocantinense.com.br\/?p=4680"},"modified":"2023-04-28T12:35:48","modified_gmt":"2023-04-28T15:35:48","slug":"reuniao-discute-seguranca-nas-escolas-municipais-de-tocantinia","status":"publish","type":"post","link":"https:\/\/focotocantinense.com.br\/?p=4680","title":{"rendered":"Reuni\u00e3o discute seguran\u00e7a nas escolas municipais de Tocant\u00ednia"},"content":{"rendered":"\n<p><strong>Por Zacarias Martins<\/strong><\/p>\n\n\n\n<p>Na manh\u00e3 de quinta-feira (27), o secret\u00e1rio de Educa\u00e7\u00e3o de Tocant\u00ednia, Andr\u00e9 Goveia, promoveu uma reuni\u00e3o com todos os gestores da Rede Municipal de Educa\u00e7\u00e3o,&nbsp; para discutirem estrat\u00e9gias de preven\u00e7\u00e3o nas escolas em raz\u00e3o dos \u00faltimos fatos de viol\u00eancia contra alunos ocorridos no pa\u00eds, dentro de unidades de ensino.<\/p>\n\n\n\n<p>Tamb\u00e9m participou dessa reuni\u00e3o, o Major PM \u00a0Hallin Brito, comandante da \u00a06\u00aa Companhia Independente da Pol\u00edcia Militar (6\u00aa CIPM), com sede na cidade de Miracema do Tocantins, da qual, abrange, tamb\u00e9m, o munic\u00edpio de Tocant\u00ednia.\u00a0 Ele estava acompanhado pelo Tenente Jardeilton Le\u00e3o e pelo Cabo Ismailson Feitosa.<\/p>\n\n\n\n<p>De acordo com o secret\u00e1rio Andr\u00e9 Goveia,&nbsp; essa reuni\u00e3o foi muito produtiva, pois al\u00e9m de discutir sobre as a\u00e7\u00f5es que j\u00e1 v\u00eam sendo realizadas para garantir a seguran\u00e7a nas escolas.<\/p>\n\n\n\n<p>Na reuni\u00e3o, o Comandante Major Hallin Brito, &nbsp;apresentou orienta\u00e7\u00f5es aos diretores quanto \u00e0 preven\u00e7\u00e3o de a\u00e7\u00f5es de viol\u00eancia, destacando a import\u00e2ncia do trabalho multidisciplinar, acompanhamento do comportamento dos alunos, seguran\u00e7a f\u00edsica das instala\u00e7\u00f5es, controle de acesso (muros, port\u00f5es, alarmes) e monitoramento das imagens.<\/p>\n\n\n\n<p>O Comandante &nbsp;tamb\u00e9m solicitou que os diretores orientem professores e alunos sobre a n\u00e3o propaga\u00e7\u00e3o de inseguran\u00e7a, evitando o encaminhamento de v\u00eddeos sem proced\u00eancia, a exibi\u00e7\u00e3o de imagens de a\u00e7\u00f5es violentas ocorridas em outras escolas e a divulga\u00e7\u00e3o de informa\u00e7\u00f5es n\u00e3o confirmadas, not\u00edcias sem fundamento ou informa\u00e7\u00f5es imprecisas. &nbsp;\u201cA desinforma\u00e7\u00e3o afeta a confian\u00e7a nas institui\u00e7\u00f5es, distorce a realidade e coloca em risco direitos fundamentais dos cidad\u00e3os, podendo at\u00e9 constituir um il\u00edcito penal\u201d, destacou o Comandante da 6\u00aa CIPM.<\/p>\n\n\n\n<figure class=\"wp-block-image size-full\"><img loading=\"lazy\" decoding=\"async\" width=\"949\" height=\"519\" src=\"https:\/\/focotocantinense.com.br\/wp-content\/uploads\/2023\/04\/aaaa-6.jpg\" alt=\"\" class=\"wp-image-4681\" srcset=\"https:\/\/focotocantinense.com.br\/wp-content\/uploads\/2023\/04\/aaaa-6.jpg 949w, https:\/\/focotocantinense.com.br\/wp-content\/uploads\/2023\/04\/aaaa-6-300x164.jpg 300w, https:\/\/focotocantinense.com.br\/wp-content\/uploads\/2023\/04\/aaaa-6-768x420.jpg 768w\" sizes=\"auto, (max-width: 949px) 100vw, 949px\" \/><\/figure>\n\n\n\n<figure class=\"wp-block-image\"><img decoding=\"async\" src=\"http:\/\/n1to.com.br\/img\/uploads\/bbb_58.jpg\" alt=\"\"\/><\/figure>\n\n\n\n<figure class=\"wp-block-image\"><img decoding=\"async\" src=\"http:\/\/n1to.com.br\/img\/uploads\/cccc_14.jpg\" alt=\"\"\/><\/figure>\n\n\n\n<figure class=\"wp-block-image\"><img decoding=\"async\" src=\"http:\/\/n1to.com.br\/img\/uploads\/VINI_45.jpg\" alt=\"\"\/><\/figure>\n\n\n\n<figure class=\"wp-block-image is-resized\"><a href=\"https:\/\/www.instagram.com\/mutucacast\/\" target=\"_blank\" rel=\"noreferrer noopener\"><img loading=\"lazy\" decoding=\"async\" src=\"https:\/\/www.n1to.com.br\/img\/cache\/380x280\/80\/crop\/Imagem-e7214b7e48a41e43e545ec7063ee81e8.jpeg\" alt=\"\" width=\"609\" height=\"449\" title=\"MUTUCA CAST\"\/><\/a><\/figure>\n","protected":false},"excerpt":{"rendered":"<p>Por Zacarias Martins Na manh\u00e3 de quinta-feira (27), o secret\u00e1rio de Educa\u00e7\u00e3o de Tocant\u00ednia, Andr\u00e9 Goveia, promoveu uma reuni\u00e3o com todos os gestores da Rede Municipal de Educa\u00e7\u00e3o,&nbsp; para discutirem estrat\u00e9gias de preven\u00e7\u00e3o nas escolas em raz\u00e3o dos \u00faltimos fatos de viol\u00eancia contra alunos ocorridos no pa\u00eds, dentro de unidades de ensino. Tamb\u00e9m participou dessa &hellip;<\/p>\n","protected":false},"author":5,"featured_media":4681,"comment_status":"open","ping_status":"open","sticky":false,"template":"","format":"standard","meta":{"footnotes":""},"categories":[78],"tags":[],"class_list":["post-4680","post","type-post","status-publish","format-standard","has-post-thumbnail","","category-tocantinia"],"_links":{"self":[{"href":"https:\/\/focotocantinense.com.br\/index.php?rest_route=\/wp\/v2\/posts\/4680","targetHints":{"allow":["GET"]}}],"collection":[{"href":"https:\/\/focotocantinense.com.br\/index.php?rest_route=\/wp\/v2\/posts"}],"about":[{"href":"https:\/\/focotocantinense.com.br\/index.php?rest_route=\/wp\/v2\/types\/post"}],"author":[{"embeddable":true,"href":"https:\/\/focotocantinense.com.br\/index.php?rest_route=\/wp\/v2\/users\/5"}],"replies":[{"embeddable":true,"href":"https:\/\/focotocantinense.com.br\/index.php?rest_route=%2Fwp%2Fv2%2Fcomments&post=4680"}],"version-history":[{"count":3,"href":"https:\/\/focotocantinense.com.br\/index.php?rest_route=\/wp\/v2\/posts\/4680\/revisions"}],"predecessor-version":[{"id":4686,"href":"https:\/\/focotocantinense.com.br\/index.php?rest_route=\/wp\/v2\/posts\/4680\/revisions\/4686"}],"wp:featuredmedia":[{"embeddable":true,"href":"https:\/\/focotocantinense.com.br\/index.php?rest_route=\/wp\/v2\/media\/4681"}],"wp:attachment":[{"href":"https:\/\/focotocantinense.com.br\/index.php?rest_route=%2Fwp%2Fv2%2Fmedia&parent=4680"}],"wp:term":[{"taxonomy":"category","embeddable":true,"href":"https:\/\/focotocantinense.com.br\/index.php?rest_route=%2Fwp%2Fv2%2Fcategories&post=4680"},{"taxonomy":"post_tag","embeddable":true,"href":"https:\/\/focotocantinense.com.br\/index.php?rest_route=%2Fwp%2Fv2%2Ftags&post=4680"}],"curies":[{"name":"wp","href":"https:\/\/api.w.org\/{rel}","templated":true}]}}