{"id":4676,"date":"2023-04-27T12:25:05","date_gmt":"2023-04-27T15:25:05","guid":{"rendered":"https:\/\/focotocantinense.com.br\/?p=4676"},"modified":"2023-04-27T12:25:49","modified_gmt":"2023-04-27T15:25:49","slug":"em-brasilia-vereador-delegado-tiago-daniel-busca-recursos-para-o-novo-complexo-da-policia-civil-em-tocantinopolis","status":"publish","type":"post","link":"https:\/\/focotocantinense.com.br\/?p=4676","title":{"rendered":"Em Bras\u00edlia, vereador Delegado Tiago Daniel busca recursos para o novo Complexo da Pol\u00edcia Civil em Tocantin\u00f3polis"},"content":{"rendered":"\n<p>Vereador atuante&nbsp; de Tocantin\u00f3polis,&nbsp; Delegado Tiago Daniel de Morais, do PTB, &nbsp;est\u00e1 em&nbsp; Bras\u00edlia numa movimentada agenda de compromissos com&nbsp; os representantes da bancada federal do Tocantins no Congresso Nacional, em busca de garantir recursos or\u00e7ament\u00e1rios para importantes obras no seu munic\u00edpio.<\/p>\n\n\n\n<p>Dentre&nbsp; os compromissos do vereador Delegado Tiago Daniel na capital federal, ele se reuniu com o senador Iraj\u00e1 (PSD), onde apresentou uma solicita\u00e7\u00e3o de emenda parlamentar par a constru\u00e7\u00e3o e instala\u00e7\u00e3o do novo Complexo da Pol\u00edcia Civil na cidade de Tocantin\u00f3polis.<\/p>\n\n\n\n<p>Ao senador Iraj\u00e1,&nbsp; Delegado Tiago argumentou que tal solicita\u00e7\u00e3o se deve ao fato de que as atuais instala\u00e7\u00f5es daquele&nbsp; \u00f3rg\u00e3o&nbsp; no munic\u00edpio, j\u00e1 n\u00e3o mais comportam&nbsp; as necessidades para os policiais possam dar continuidade a um trabalho com maior efici\u00eancia, atendendo assim, aos asseios n\u00e3o somente&nbsp; dos bravos servidores da Pol\u00edcia Civil, mas, tamb\u00e9m, de toda a popula\u00e7\u00e3o de Tocantin\u00f3polis e munic\u00edpios circunvizinhos.<\/p>\n\n\n\n<p><\/p>\n\n\n\n<figure class=\"wp-block-image size-full is-resized\"><img loading=\"lazy\" decoding=\"async\" src=\"https:\/\/focotocantinense.com.br\/wp-content\/uploads\/2023\/04\/aaaa-5.jpg\" alt=\"\" class=\"wp-image-4677\" width=\"354\" height=\"266\" srcset=\"https:\/\/focotocantinense.com.br\/wp-content\/uploads\/2023\/04\/aaaa-5.jpg 1024w, https:\/\/focotocantinense.com.br\/wp-content\/uploads\/2023\/04\/aaaa-5-300x225.jpg 300w, https:\/\/focotocantinense.com.br\/wp-content\/uploads\/2023\/04\/aaaa-5-768x576.jpg 768w\" sizes=\"auto, (max-width: 354px) 100vw, 354px\" \/><\/figure>\n\n\n\n<figure class=\"wp-block-image\"><img decoding=\"async\" src=\"http:\/\/n1to.com.br\/img\/uploads\/VINI_41.jpg\" alt=\"\"\/><\/figure>\n\n\n\n<figure class=\"wp-block-image is-resized\"><a href=\"https:\/\/www.instagram.com\/mutucacast\/\" target=\"_blank\" rel=\"noreferrer noopener\"><img loading=\"lazy\" decoding=\"async\" src=\"https:\/\/www.n1to.com.br\/img\/cache\/380x280\/80\/crop\/Imagem-e7214b7e48a41e43e545ec7063ee81e8.jpeg\" alt=\"\" width=\"782\" height=\"576\" title=\"MUTUCA CAST\"\/><\/a><\/figure>\n\n\n\n<ul class=\"wp-block-list\">\n<li><\/li>\n<\/ul>\n","protected":false},"excerpt":{"rendered":"<p>Vereador atuante&nbsp; de Tocantin\u00f3polis,&nbsp; Delegado Tiago Daniel de Morais, do PTB, &nbsp;est\u00e1 em&nbsp; Bras\u00edlia numa movimentada agenda de compromissos com&nbsp; os representantes da bancada federal do Tocantins no Congresso Nacional, em busca de garantir recursos or\u00e7ament\u00e1rios para importantes obras no seu munic\u00edpio. Dentre&nbsp; os compromissos do vereador Delegado Tiago Daniel na capital federal, ele se &hellip;<\/p>\n","protected":false},"author":5,"featured_media":4677,"comment_status":"open","ping_status":"open","sticky":false,"template":"","format":"standard","meta":{"footnotes":""},"categories":[1],"tags":[],"class_list":["post-4676","post","type-post","status-publish","format-standard","has-post-thumbnail","","category-sem-categoria"],"_links":{"self":[{"href":"https:\/\/focotocantinense.com.br\/index.php?rest_route=\/wp\/v2\/posts\/4676","targetHints":{"allow":["GET"]}}],"collection":[{"href":"https:\/\/focotocantinense.com.br\/index.php?rest_route=\/wp\/v2\/posts"}],"about":[{"href":"https:\/\/focotocantinense.com.br\/index.php?rest_route=\/wp\/v2\/types\/post"}],"author":[{"embeddable":true,"href":"https:\/\/focotocantinense.com.br\/index.php?rest_route=\/wp\/v2\/users\/5"}],"replies":[{"embeddable":true,"href":"https:\/\/focotocantinense.com.br\/index.php?rest_route=%2Fwp%2Fv2%2Fcomments&post=4676"}],"version-history":[{"count":2,"href":"https:\/\/focotocantinense.com.br\/index.php?rest_route=\/wp\/v2\/posts\/4676\/revisions"}],"predecessor-version":[{"id":4679,"href":"https:\/\/focotocantinense.com.br\/index.php?rest_route=\/wp\/v2\/posts\/4676\/revisions\/4679"}],"wp:featuredmedia":[{"embeddable":true,"href":"https:\/\/focotocantinense.com.br\/index.php?rest_route=\/wp\/v2\/media\/4677"}],"wp:attachment":[{"href":"https:\/\/focotocantinense.com.br\/index.php?rest_route=%2Fwp%2Fv2%2Fmedia&parent=4676"}],"wp:term":[{"taxonomy":"category","embeddable":true,"href":"https:\/\/focotocantinense.com.br\/index.php?rest_route=%2Fwp%2Fv2%2Fcategories&post=4676"},{"taxonomy":"post_tag","embeddable":true,"href":"https:\/\/focotocantinense.com.br\/index.php?rest_route=%2Fwp%2Fv2%2Ftags&post=4676"}],"curies":[{"name":"wp","href":"https:\/\/api.w.org\/{rel}","templated":true}]}}