{"id":4672,"date":"2023-04-27T12:11:02","date_gmt":"2023-04-27T15:11:02","guid":{"rendered":"https:\/\/focotocantinense.com.br\/?p=4672"},"modified":"2023-04-27T12:11:52","modified_gmt":"2023-04-27T15:11:52","slug":"vereadores-napoleao-dionisio-norah-carmem-e-bitom-buscam-em-brasilia-recursos-para-lagoa-da-confusao","status":"publish","type":"post","link":"https:\/\/focotocantinense.com.br\/?p=4672","title":{"rendered":"Vereadores Napole\u00e3o Dion\u00edsio, Norah Carmem e Bitom buscam em Bras\u00edlia recursos para Lagoa da Confus\u00e3o"},"content":{"rendered":"\n<p><strong>Por Zacarias Martins<\/strong><\/p>\n\n\n\n<p>Cumprindo movimentada agenda de trabalho em Bras\u00edlia, os vereadores de Lagoa da Confus\u00e3o Napole\u00e3o Dion\u00edsio, Norah Carmem e Bitom, estiveram reunidos com o deputado federal Alexandre Guimaraes, onde apresentaram algumas demandas do munic\u00edpio.<\/p>\n\n\n\n<p>Dentre as reivindica\u00e7\u00f5es apresentadas ao deputado, est\u00e3o a busca de recursos financeiros que permitam a execu\u00e7\u00e3o do servi\u00e7o de&nbsp; pavimenta\u00e7\u00e3o asf\u00e1ltica&nbsp; no Loteamento Est\u00e2ncia Balne\u00e1rio, um dos mais antigos da cidade e que hoje abriga mais de 200 fam\u00edlias..<\/p>\n\n\n\n<p>Outra solicita\u00e7\u00e3o apresentada foi a apresenta\u00e7\u00e3o de emenda&nbsp; &nbsp;parlamentar para a aquisi\u00e7\u00e3o de uma ca\u00e7amba e uma retroescavadeira para o Assentamento Loroty para auxiliar nos servi\u00e7os daquela comunidade como abertura de tanques e a manuten\u00e7\u00e3o das estradas.<\/p>\n\n\n\n<p>Para a \u00e1rea da sa\u00fade, os vereadores de Lagoa da Confus\u00e3o solicitaram recursos para a realiza\u00e7\u00e3o de cirurgias de pequeno porte, visto que o n\u00famero de pessoas que se encontram na fila de espera \u00a0por essas cirurgias \u00e9 grande e perdura por anos.<\/p>\n\n\n\n<figure class=\"wp-block-image size-full is-resized\"><img loading=\"lazy\" decoding=\"async\" src=\"https:\/\/focotocantinense.com.br\/wp-content\/uploads\/2023\/04\/cccc-1.jpg\" alt=\"\" class=\"wp-image-4673\" width=\"380\" height=\"177\" srcset=\"https:\/\/focotocantinense.com.br\/wp-content\/uploads\/2023\/04\/cccc-1.jpg 778w, https:\/\/focotocantinense.com.br\/wp-content\/uploads\/2023\/04\/cccc-1-300x140.jpg 300w, https:\/\/focotocantinense.com.br\/wp-content\/uploads\/2023\/04\/cccc-1-768x358.jpg 768w\" sizes=\"auto, (max-width: 380px) 100vw, 380px\" \/><\/figure>\n\n\n\n<figure class=\"wp-block-image\"><img decoding=\"async\" src=\"http:\/\/n1to.com.br\/img\/uploads\/VINI_42.jpg\" alt=\"\"\/><\/figure>\n\n\n\n<figure class=\"wp-block-image is-resized\"><a href=\"https:\/\/www.instagram.com\/mutucacast\/\" target=\"_blank\" rel=\"noreferrer noopener\"><img loading=\"lazy\" decoding=\"async\" src=\"https:\/\/www.n1to.com.br\/img\/cache\/380x280\/80\/crop\/Imagem-e7214b7e48a41e43e545ec7063ee81e8.jpeg\" alt=\"\" width=\"822\" height=\"606\" title=\"MUTUCA CAST\"\/><\/a><\/figure>\n\n\n\n<ul class=\"wp-block-list\">\n<li><\/li>\n<\/ul>\n","protected":false},"excerpt":{"rendered":"<p>Por Zacarias Martins Cumprindo movimentada agenda de trabalho em Bras\u00edlia, os vereadores de Lagoa da Confus\u00e3o Napole\u00e3o Dion\u00edsio, Norah Carmem e Bitom, estiveram reunidos com o deputado federal Alexandre Guimaraes, onde apresentaram algumas demandas do munic\u00edpio. Dentre as reivindica\u00e7\u00f5es apresentadas ao deputado, est\u00e3o a busca de recursos financeiros que permitam a execu\u00e7\u00e3o do servi\u00e7o de&nbsp; &hellip;<\/p>\n","protected":false},"author":5,"featured_media":4673,"comment_status":"open","ping_status":"open","sticky":false,"template":"","format":"standard","meta":{"footnotes":""},"categories":[1],"tags":[],"class_list":["post-4672","post","type-post","status-publish","format-standard","has-post-thumbnail","","category-sem-categoria"],"_links":{"self":[{"href":"https:\/\/focotocantinense.com.br\/index.php?rest_route=\/wp\/v2\/posts\/4672","targetHints":{"allow":["GET"]}}],"collection":[{"href":"https:\/\/focotocantinense.com.br\/index.php?rest_route=\/wp\/v2\/posts"}],"about":[{"href":"https:\/\/focotocantinense.com.br\/index.php?rest_route=\/wp\/v2\/types\/post"}],"author":[{"embeddable":true,"href":"https:\/\/focotocantinense.com.br\/index.php?rest_route=\/wp\/v2\/users\/5"}],"replies":[{"embeddable":true,"href":"https:\/\/focotocantinense.com.br\/index.php?rest_route=%2Fwp%2Fv2%2Fcomments&post=4672"}],"version-history":[{"count":2,"href":"https:\/\/focotocantinense.com.br\/index.php?rest_route=\/wp\/v2\/posts\/4672\/revisions"}],"predecessor-version":[{"id":4675,"href":"https:\/\/focotocantinense.com.br\/index.php?rest_route=\/wp\/v2\/posts\/4672\/revisions\/4675"}],"wp:featuredmedia":[{"embeddable":true,"href":"https:\/\/focotocantinense.com.br\/index.php?rest_route=\/wp\/v2\/media\/4673"}],"wp:attachment":[{"href":"https:\/\/focotocantinense.com.br\/index.php?rest_route=%2Fwp%2Fv2%2Fmedia&parent=4672"}],"wp:term":[{"taxonomy":"category","embeddable":true,"href":"https:\/\/focotocantinense.com.br\/index.php?rest_route=%2Fwp%2Fv2%2Fcategories&post=4672"},{"taxonomy":"post_tag","embeddable":true,"href":"https:\/\/focotocantinense.com.br\/index.php?rest_route=%2Fwp%2Fv2%2Ftags&post=4672"}],"curies":[{"name":"wp","href":"https:\/\/api.w.org\/{rel}","templated":true}]}}