{"id":4665,"date":"2023-04-25T20:38:44","date_gmt":"2023-04-25T23:38:44","guid":{"rendered":"https:\/\/focotocantinense.com.br\/?p=4665"},"modified":"2023-04-25T20:43:18","modified_gmt":"2023-04-25T23:43:18","slug":"tocantinense-jose-benilson-lanca-o-romance-flor-de-lotus","status":"publish","type":"post","link":"https:\/\/focotocantinense.com.br\/?p=4665","title":{"rendered":"Tocantinense Jos\u00e9 Benilson lan\u00e7a o romance \u201cFlor de L\u00f3tus\u201d"},"content":{"rendered":"\n<p><strong>Por Zacarias Martins<\/strong><\/p>\n\n\n\n<p>Tocantinense de Filad\u00e9lfia, na regi\u00e3o norte do Tocantins, o escritor Jos\u00e9 Benilson est\u00e1 com novo livro na pra\u00e7a. Desta feita trata-se de \u201cFlor de L\u00f3tus\u201d, que re\u00fane uma sele\u00e7\u00e3o especial de suas cr\u00f4nicas.&nbsp; A obra vem \u00e0 lume pela Editora Veloso, de Gurupi.<\/p>\n\n\n\n<p><strong>Terrenos f\u00e9rteis<\/strong><\/p>\n\n\n\n<p>Flor de L\u00f3tus exp\u00f5e o imagin\u00e1rio do leitor, o calv\u00e1rio de realidades que vive a sociedade nas cidades pequenas no interior do Brasil. De acordo com o autor, esses lugares s\u00e3o terrenos f\u00e9rteis para a explora\u00e7\u00e3o dos seres humanos, devido \u00e0 pobreza e ao analfabetismo que acarreta um campo prop\u00edcio ao surgimento de organiza\u00e7\u00f5es de sociedades secretas, infiltradas para defender o povo ou resguardar os seus comuns.<\/p>\n\n\n\n<p><strong>Sobre o autor<\/strong><\/p>\n\n\n\n<p>Jos\u00e9 Benilson \u00e9 graduado em pedagogia pela Universidade do Estado do Tocantins \u2013 UNITINS. Em 1991, foi respons\u00e1vel pela forma\u00e7\u00e3o do grupo de teatro amador \u201cOs Cobras\u201d,&nbsp; de Filad\u00e9lfia, com 26 participantes, que em 1995 foi inclu\u00eddo no primeiro Censo Cultural do Estado do Tocantins.<\/p>\n\n\n\n<p><strong>Livros publicados<\/strong><\/p>\n\n\n\n<p>Al\u00e9m do romance&nbsp; \u201cFlor de&nbsp; L\u00f3tus\u201d, o autor t\u00eam publicados \u201cNoite de primavera em Filad\u00e9lfia&#8221; &nbsp;(conto) &nbsp;2009; &#8220;Dan\u00e7as dos canibais&#8221; (poesia) 2010; &#8220;O Mon\u00f3logo do Mauro da Latinha&#8221; (Pe\u00e7as teatrais) 2010; &#8220;O Barraria&#8221; &nbsp;(hist\u00f3ria infantil) 2016. Participou, ainda, da&nbsp;<em>\u201cAntologia Liter\u00e1ria Ruas Vazias \u2013 O coronav\u00edrus em prosa e verso &nbsp;(2020)<\/em>, organizada&nbsp; por Eliosmar Veloso, bem como, de sete edi\u00e7\u00f5es da tradicional&nbsp;&nbsp;\u201cAntologia&nbsp; Veloso\u201d , publicada no per\u00edodo de 2014 a 2020.<\/p>\n\n\n\n<figure class=\"wp-block-image size-large\"><img loading=\"lazy\" decoding=\"async\" width=\"1024\" height=\"576\" src=\"https:\/\/focotocantinense.com.br\/wp-content\/uploads\/2023\/04\/Escritor-Jose-Benilson-de-Filadelfia-esta-com-novo-livro-na-praca-Goto-Divulgacao-1024x576.jpg\" alt=\"\" class=\"wp-image-4666\" srcset=\"https:\/\/focotocantinense.com.br\/wp-content\/uploads\/2023\/04\/Escritor-Jose-Benilson-de-Filadelfia-esta-com-novo-livro-na-praca-Goto-Divulgacao-1024x576.jpg 1024w, https:\/\/focotocantinense.com.br\/wp-content\/uploads\/2023\/04\/Escritor-Jose-Benilson-de-Filadelfia-esta-com-novo-livro-na-praca-Goto-Divulgacao-300x169.jpg 300w, https:\/\/focotocantinense.com.br\/wp-content\/uploads\/2023\/04\/Escritor-Jose-Benilson-de-Filadelfia-esta-com-novo-livro-na-praca-Goto-Divulgacao-768x432.jpg 768w, https:\/\/focotocantinense.com.br\/wp-content\/uploads\/2023\/04\/Escritor-Jose-Benilson-de-Filadelfia-esta-com-novo-livro-na-praca-Goto-Divulgacao-1536x864.jpg 1536w, https:\/\/focotocantinense.com.br\/wp-content\/uploads\/2023\/04\/Escritor-Jose-Benilson-de-Filadelfia-esta-com-novo-livro-na-praca-Goto-Divulgacao.jpg 1599w\" sizes=\"auto, (max-width: 1024px) 100vw, 1024px\" \/><\/figure>\n\n\n\n<p><strong><em>&nbsp;Escritor de Filad\u00e9lfia, no norte do Estado, Jos\u00e9 Benilson&nbsp;Est\u00e1 com novo livro na pra\u00e7a <\/em><\/strong><\/p>\n\n\n\n<figure class=\"wp-block-image size-full\"><img loading=\"lazy\" decoding=\"async\" width=\"1011\" height=\"263\" src=\"https:\/\/focotocantinense.com.br\/wp-content\/uploads\/2023\/04\/VINI-3.jpg\" alt=\"\" class=\"wp-image-4669\" srcset=\"https:\/\/focotocantinense.com.br\/wp-content\/uploads\/2023\/04\/VINI-3.jpg 1011w, https:\/\/focotocantinense.com.br\/wp-content\/uploads\/2023\/04\/VINI-3-300x78.jpg 300w, https:\/\/focotocantinense.com.br\/wp-content\/uploads\/2023\/04\/VINI-3-768x200.jpg 768w\" sizes=\"auto, (max-width: 1011px) 100vw, 1011px\" \/><\/figure>\n","protected":false},"excerpt":{"rendered":"<p>Por Zacarias Martins Tocantinense de Filad\u00e9lfia, na regi\u00e3o norte do Tocantins, o escritor Jos\u00e9 Benilson est\u00e1 com novo livro na pra\u00e7a. Desta feita trata-se de \u201cFlor de L\u00f3tus\u201d, que re\u00fane uma sele\u00e7\u00e3o especial de suas cr\u00f4nicas.&nbsp; A obra vem \u00e0 lume pela Editora Veloso, de Gurupi. Terrenos f\u00e9rteis Flor de L\u00f3tus exp\u00f5e o imagin\u00e1rio do &hellip;<\/p>\n","protected":false},"author":5,"featured_media":4666,"comment_status":"open","ping_status":"open","sticky":false,"template":"","format":"standard","meta":{"footnotes":""},"categories":[104],"tags":[],"class_list":["post-4665","post","type-post","status-publish","format-standard","has-post-thumbnail","","category-cultura"],"_links":{"self":[{"href":"https:\/\/focotocantinense.com.br\/index.php?rest_route=\/wp\/v2\/posts\/4665","targetHints":{"allow":["GET"]}}],"collection":[{"href":"https:\/\/focotocantinense.com.br\/index.php?rest_route=\/wp\/v2\/posts"}],"about":[{"href":"https:\/\/focotocantinense.com.br\/index.php?rest_route=\/wp\/v2\/types\/post"}],"author":[{"embeddable":true,"href":"https:\/\/focotocantinense.com.br\/index.php?rest_route=\/wp\/v2\/users\/5"}],"replies":[{"embeddable":true,"href":"https:\/\/focotocantinense.com.br\/index.php?rest_route=%2Fwp%2Fv2%2Fcomments&post=4665"}],"version-history":[{"count":4,"href":"https:\/\/focotocantinense.com.br\/index.php?rest_route=\/wp\/v2\/posts\/4665\/revisions"}],"predecessor-version":[{"id":4671,"href":"https:\/\/focotocantinense.com.br\/index.php?rest_route=\/wp\/v2\/posts\/4665\/revisions\/4671"}],"wp:featuredmedia":[{"embeddable":true,"href":"https:\/\/focotocantinense.com.br\/index.php?rest_route=\/wp\/v2\/media\/4666"}],"wp:attachment":[{"href":"https:\/\/focotocantinense.com.br\/index.php?rest_route=%2Fwp%2Fv2%2Fmedia&parent=4665"}],"wp:term":[{"taxonomy":"category","embeddable":true,"href":"https:\/\/focotocantinense.com.br\/index.php?rest_route=%2Fwp%2Fv2%2Fcategories&post=4665"},{"taxonomy":"post_tag","embeddable":true,"href":"https:\/\/focotocantinense.com.br\/index.php?rest_route=%2Fwp%2Fv2%2Ftags&post=4665"}],"curies":[{"name":"wp","href":"https:\/\/api.w.org\/{rel}","templated":true}]}}