{"id":4659,"date":"2023-04-25T08:42:48","date_gmt":"2023-04-25T11:42:48","guid":{"rendered":"https:\/\/focotocantinense.com.br\/?p=4659"},"modified":"2023-04-25T15:23:16","modified_gmt":"2023-04-25T18:23:16","slug":"vanda-botelho-participa-do-aniversario-de-colinas-e-destaca-trabalho-no-municipio","status":"publish","type":"post","link":"https:\/\/focotocantinense.com.br\/?p=4659","title":{"rendered":"Vanda Monteiro participa do anivers\u00e1rio de Colinas e destaca trabalho no munic\u00edpio"},"content":{"rendered":"\n<p>A deputada estadual Vanda Monteiro (Uni\u00e3o Brasil) participou nesta sexta-feira, 21, da programa\u00e7\u00e3o do anivers\u00e1rio de 63 anos de Colinas. Ao lado do Governador Wanderlei Barbosa, senadora Dorinha e do prefeito Ksarin, Vanda Monteiro assistiu ao tradicional Desfile C\u00edvico.&nbsp;<\/p>\n\n\n\n<p>Na oportunidade, o Governador Wanderlei Barbosa entregou as obras de asfalto do setor Santa Rosa, uma demanda solicitada pela deputada e atendida pelo Governo do Estado com investimento de de R$ 3,5 milh\u00f5es. &#8220;Fico muito feliz em ver essa obra finalizada que era um sonho antigo das fam\u00edlias&#8221;, comentou a deputada.&nbsp;<\/p>\n\n\n\n<p><strong>Trabalho por Colinas<\/strong><\/p>\n\n\n\n<p>Vanda Monteiro tamb\u00e9m destacou a parceria com o prefeito Ksarin e vereadores que tem refletido diretamente em benef\u00edcios para a comunidade. &#8220;J\u00e1 destinei emendas parlamentares que resultaram na abertura da maternidade, melhorias dos servi\u00e7os de sa\u00fade, aquisi\u00e7\u00e3o de medicamentos, equipamentos, vacinas, distribui\u00e7\u00e3o kits escolares, de higiene para mulheres, cestas b\u00e1sicas, cursos profissionalizantes e tamb\u00e9m ajudaram o prefeito a organizar essa linda festa de anivers\u00e1rio&#8221;.&nbsp;<\/p>\n\n\n\n<p>A parlamentar finalizou a participa\u00e7\u00e3o no anivers\u00e1rio de Colinas reafirmando o compromisso com o munic\u00edpio. &#8220;O povo de Colinas j\u00e1 sabe que sou uma deputada do povo e que estou a disposi\u00e7\u00e3o. Ao lado do meu prefeito Ksarin, do Governador Wanderlei, vereador Canhoto da Patrol e lideran\u00e7as vamos continuar buscando e trazendo muito mais benef\u00edcios para o munic\u00edpio&#8221;.<\/p>\n\n\n\n<figure class=\"wp-block-image size-full\"><img loading=\"lazy\" decoding=\"async\" width=\"742\" height=\"503\" src=\"https:\/\/focotocantinense.com.br\/wp-content\/uploads\/2023\/04\/AAAAAAAAA.jpg\" alt=\"\" class=\"wp-image-4660\" srcset=\"https:\/\/focotocantinense.com.br\/wp-content\/uploads\/2023\/04\/AAAAAAAAA.jpg 742w, https:\/\/focotocantinense.com.br\/wp-content\/uploads\/2023\/04\/AAAAAAAAA-300x203.jpg 300w, https:\/\/focotocantinense.com.br\/wp-content\/uploads\/2023\/04\/AAAAAAAAA-110x75.jpg 110w\" sizes=\"auto, (max-width: 742px) 100vw, 742px\" \/><\/figure>\n\n\n\n<figure class=\"wp-block-image\"><img loading=\"lazy\" decoding=\"async\" width=\"1011\" height=\"263\" src=\"https:\/\/focotocantinense.com.br\/wp-content\/uploads\/2023\/04\/VINI-1.jpg\" alt=\"\" class=\"wp-image-4563\" srcset=\"https:\/\/focotocantinense.com.br\/wp-content\/uploads\/2023\/04\/VINI-1.jpg 1011w, https:\/\/focotocantinense.com.br\/wp-content\/uploads\/2023\/04\/VINI-1-300x78.jpg 300w, https:\/\/focotocantinense.com.br\/wp-content\/uploads\/2023\/04\/VINI-1-768x200.jpg 768w\" sizes=\"auto, (max-width: 1011px) 100vw, 1011px\" \/><\/figure>\n\n\n\n<figure class=\"wp-block-image is-resized\"><a href=\"https:\/\/www.instagram.com\/mutucacast\/\" target=\"_blank\" rel=\"noreferrer noopener\"><img loading=\"lazy\" decoding=\"async\" src=\"https:\/\/www.n1to.com.br\/img\/cache\/380x280\/80\/crop\/Imagem-e7214b7e48a41e43e545ec7063ee81e8.jpeg\" alt=\"\" width=\"824\" height=\"607\" title=\"MUTUCA CAST\"\/><\/a><\/figure>\n\n\n\n<ul class=\"wp-block-list\">\n<li><\/li>\n<\/ul>\n","protected":false},"excerpt":{"rendered":"<p>A deputada estadual Vanda Monteiro (Uni\u00e3o Brasil) participou nesta sexta-feira, 21, da programa\u00e7\u00e3o do anivers\u00e1rio de 63 anos de Colinas. Ao lado do Governador Wanderlei Barbosa, senadora Dorinha e do prefeito Ksarin, Vanda Monteiro assistiu ao tradicional Desfile C\u00edvico.&nbsp; Na oportunidade, o Governador Wanderlei Barbosa entregou as obras de asfalto do setor Santa Rosa, uma &hellip;<\/p>\n","protected":false},"author":5,"featured_media":4660,"comment_status":"open","ping_status":"open","sticky":false,"template":"","format":"standard","meta":{"footnotes":""},"categories":[55],"tags":[],"class_list":["post-4659","post","type-post","status-publish","format-standard","has-post-thumbnail","","category-colinas"],"_links":{"self":[{"href":"https:\/\/focotocantinense.com.br\/index.php?rest_route=\/wp\/v2\/posts\/4659","targetHints":{"allow":["GET"]}}],"collection":[{"href":"https:\/\/focotocantinense.com.br\/index.php?rest_route=\/wp\/v2\/posts"}],"about":[{"href":"https:\/\/focotocantinense.com.br\/index.php?rest_route=\/wp\/v2\/types\/post"}],"author":[{"embeddable":true,"href":"https:\/\/focotocantinense.com.br\/index.php?rest_route=\/wp\/v2\/users\/5"}],"replies":[{"embeddable":true,"href":"https:\/\/focotocantinense.com.br\/index.php?rest_route=%2Fwp%2Fv2%2Fcomments&post=4659"}],"version-history":[{"count":3,"href":"https:\/\/focotocantinense.com.br\/index.php?rest_route=\/wp\/v2\/posts\/4659\/revisions"}],"predecessor-version":[{"id":4664,"href":"https:\/\/focotocantinense.com.br\/index.php?rest_route=\/wp\/v2\/posts\/4659\/revisions\/4664"}],"wp:featuredmedia":[{"embeddable":true,"href":"https:\/\/focotocantinense.com.br\/index.php?rest_route=\/wp\/v2\/media\/4660"}],"wp:attachment":[{"href":"https:\/\/focotocantinense.com.br\/index.php?rest_route=%2Fwp%2Fv2%2Fmedia&parent=4659"}],"wp:term":[{"taxonomy":"category","embeddable":true,"href":"https:\/\/focotocantinense.com.br\/index.php?rest_route=%2Fwp%2Fv2%2Fcategories&post=4659"},{"taxonomy":"post_tag","embeddable":true,"href":"https:\/\/focotocantinense.com.br\/index.php?rest_route=%2Fwp%2Fv2%2Ftags&post=4659"}],"curies":[{"name":"wp","href":"https:\/\/api.w.org\/{rel}","templated":true}]}}