{"id":4641,"date":"2023-04-24T15:13:43","date_gmt":"2023-04-24T18:13:43","guid":{"rendered":"https:\/\/focotocantinense.com.br\/?p=4641"},"modified":"2023-04-24T16:30:05","modified_gmt":"2023-04-24T19:30:05","slug":"4641","status":"publish","type":"post","link":"https:\/\/focotocantinense.com.br\/?p=4641","title":{"rendered":"Delegado em Tocantin\u00f3polis, Tiago Daniel de Morais recebe Medalha de M\u00e9rito Policial Civil"},"content":{"rendered":"\n<p><strong>Por: Zacarias Martins <\/strong><\/p>\n\n\n\n<p>O delegado da Pol\u00edcia Civil e tamb\u00e9m vereador em Tocantin\u00f3polis, Tiago Daniel de Morais foi um dos homenageados com a Medalha de M\u00e9rito Policial Civil Eus\u00e9bio de Queir\u00f3s, que tem a finalidade de reconhecer servidores do pr\u00f3prio quadro pelos relevantes e excepcionais servi\u00e7os prestados \u00e0 Pol\u00edcia Civil do estado do Tocantins.<\/p>\n\n\n\n<p>A solenidade para a entrega desta importante honraria marcou a celebra\u00e7\u00e3o ao Dia da Pol\u00edcia Civil, ocorrida no \u00faltimo dia 20, no audit\u00f3rio do Tribunal de Justi\u00e7a do Tocantins, em Palmas, e contou com a presen\u00e7a de autoridades legislativas, executivas e autarquias, tendo sido prestigiada pelo governador Wanderlei Barbosa.<\/p>\n\n\n\n<p>\u201cSinto-me muito&nbsp;&nbsp;honrado por receber das m\u00e3os do governador do Estado do Tocantins, Wanderley Barbosa, a Medalha de M\u00e9rito Policial Civil Eus\u00e9bio de Queir\u00f3s, em reconhecimento&nbsp;&nbsp;ao trabalho&nbsp;&nbsp;prestado \u00e0 Pol\u00edcia Civil deste Estado que tanto amo\u201d, afirmou o delegado Tiago Daniel.<\/p>\n\n\n\n<figure class=\"wp-block-image size-full is-resized\"><img loading=\"lazy\" decoding=\"async\" src=\"https:\/\/focotocantinense.com.br\/wp-content\/uploads\/2023\/04\/sss.jpg\" alt=\"\" class=\"wp-image-4652\" width=\"380\" height=\"218\" srcset=\"https:\/\/focotocantinense.com.br\/wp-content\/uploads\/2023\/04\/sss.jpg 652w, https:\/\/focotocantinense.com.br\/wp-content\/uploads\/2023\/04\/sss-300x173.jpg 300w\" sizes=\"auto, (max-width: 380px) 100vw, 380px\" \/><\/figure>\n\n\n\n<figure class=\"wp-block-image size-full is-resized is-style-default\"><img loading=\"lazy\" decoding=\"async\" src=\"https:\/\/focotocantinense.com.br\/wp-content\/uploads\/2023\/04\/xxxxx.jpg\" alt=\"\" class=\"wp-image-4647\" width=\"771\" height=\"874\" srcset=\"https:\/\/focotocantinense.com.br\/wp-content\/uploads\/2023\/04\/xxxxx.jpg 435w, https:\/\/focotocantinense.com.br\/wp-content\/uploads\/2023\/04\/xxxxx-265x300.jpg 265w\" sizes=\"auto, (max-width: 771px) 100vw, 771px\" \/><\/figure>\n\n\n\n<figure class=\"wp-block-image size-full\"><img loading=\"lazy\" decoding=\"async\" width=\"1011\" height=\"263\" src=\"https:\/\/focotocantinense.com.br\/wp-content\/uploads\/2023\/04\/VINI-2.jpg\" alt=\"\" class=\"wp-image-4649\" srcset=\"https:\/\/focotocantinense.com.br\/wp-content\/uploads\/2023\/04\/VINI-2.jpg 1011w, https:\/\/focotocantinense.com.br\/wp-content\/uploads\/2023\/04\/VINI-2-300x78.jpg 300w, https:\/\/focotocantinense.com.br\/wp-content\/uploads\/2023\/04\/VINI-2-768x200.jpg 768w\" sizes=\"auto, (max-width: 1011px) 100vw, 1011px\" \/><\/figure>\n\n\n\n<figure class=\"wp-block-image size-large\"><img loading=\"lazy\" decoding=\"async\" width=\"1024\" height=\"768\" src=\"https:\/\/focotocantinense.com.br\/wp-content\/uploads\/2023\/04\/presidente_do_Sindepol_e_delegados_homenagiados_644296d95175a-1024x768.jpeg\" alt=\"\" class=\"wp-image-4657\" srcset=\"https:\/\/focotocantinense.com.br\/wp-content\/uploads\/2023\/04\/presidente_do_Sindepol_e_delegados_homenagiados_644296d95175a-1024x768.jpeg 1024w, https:\/\/focotocantinense.com.br\/wp-content\/uploads\/2023\/04\/presidente_do_Sindepol_e_delegados_homenagiados_644296d95175a-300x225.jpeg 300w, https:\/\/focotocantinense.com.br\/wp-content\/uploads\/2023\/04\/presidente_do_Sindepol_e_delegados_homenagiados_644296d95175a-768x576.jpeg 768w, https:\/\/focotocantinense.com.br\/wp-content\/uploads\/2023\/04\/presidente_do_Sindepol_e_delegados_homenagiados_644296d95175a.jpeg 1333w\" sizes=\"auto, (max-width: 1024px) 100vw, 1024px\" \/><\/figure>\n","protected":false},"excerpt":{"rendered":"<p>Por: Zacarias Martins O delegado da Pol\u00edcia Civil e tamb\u00e9m vereador em Tocantin\u00f3polis, Tiago Daniel de Morais foi um dos homenageados com a Medalha de M\u00e9rito Policial Civil Eus\u00e9bio de Queir\u00f3s, que tem a finalidade de reconhecer servidores do pr\u00f3prio quadro pelos relevantes e excepcionais servi\u00e7os prestados \u00e0 Pol\u00edcia Civil do estado do Tocantins. A &hellip;<\/p>\n","protected":false},"author":5,"featured_media":4643,"comment_status":"open","ping_status":"open","sticky":false,"template":"","format":"standard","meta":{"footnotes":""},"categories":[1,87],"tags":[],"class_list":["post-4641","post","type-post","status-publish","format-standard","has-post-thumbnail","","category-sem-categoria","category-tocantinopolis"],"_links":{"self":[{"href":"https:\/\/focotocantinense.com.br\/index.php?rest_route=\/wp\/v2\/posts\/4641","targetHints":{"allow":["GET"]}}],"collection":[{"href":"https:\/\/focotocantinense.com.br\/index.php?rest_route=\/wp\/v2\/posts"}],"about":[{"href":"https:\/\/focotocantinense.com.br\/index.php?rest_route=\/wp\/v2\/types\/post"}],"author":[{"embeddable":true,"href":"https:\/\/focotocantinense.com.br\/index.php?rest_route=\/wp\/v2\/users\/5"}],"replies":[{"embeddable":true,"href":"https:\/\/focotocantinense.com.br\/index.php?rest_route=%2Fwp%2Fv2%2Fcomments&post=4641"}],"version-history":[{"count":8,"href":"https:\/\/focotocantinense.com.br\/index.php?rest_route=\/wp\/v2\/posts\/4641\/revisions"}],"predecessor-version":[{"id":4658,"href":"https:\/\/focotocantinense.com.br\/index.php?rest_route=\/wp\/v2\/posts\/4641\/revisions\/4658"}],"wp:featuredmedia":[{"embeddable":true,"href":"https:\/\/focotocantinense.com.br\/index.php?rest_route=\/wp\/v2\/media\/4643"}],"wp:attachment":[{"href":"https:\/\/focotocantinense.com.br\/index.php?rest_route=%2Fwp%2Fv2%2Fmedia&parent=4641"}],"wp:term":[{"taxonomy":"category","embeddable":true,"href":"https:\/\/focotocantinense.com.br\/index.php?rest_route=%2Fwp%2Fv2%2Fcategories&post=4641"},{"taxonomy":"post_tag","embeddable":true,"href":"https:\/\/focotocantinense.com.br\/index.php?rest_route=%2Fwp%2Fv2%2Ftags&post=4641"}],"curies":[{"name":"wp","href":"https:\/\/api.w.org\/{rel}","templated":true}]}}