{"id":4621,"date":"2023-04-22T12:01:18","date_gmt":"2023-04-22T15:01:18","guid":{"rendered":"https:\/\/focotocantinense.com.br\/?p=4621"},"modified":"2023-04-22T12:03:06","modified_gmt":"2023-04-22T15:03:06","slug":"prefeita-josi-nunes-prestigia-abertura-da-feira-agro-360-tocantins","status":"publish","type":"post","link":"https:\/\/focotocantinense.com.br\/?p=4621","title":{"rendered":"Prefeita Josi Nunes prestigia abertura da Feira Agro 360 Tocantins"},"content":{"rendered":"\n<p>Nesta sexta-feira, 21, a prefeita de Gurupi Josi Nunes prestigiou a abertura da Feira Agro 360 Tocantins, que acontece na fazenda Estrela do Norte, no munic\u00edpio de Peixe, e re\u00fane mais de 140 expositores do agroneg\u00f3cio. Acompanhada de v\u00e1rios secret\u00e1rios municipais, a Prefeita participou da abertura oficial do evento e visitou os estandes.<\/p>\n\n\n\n<p>\u201cQuero parabenizar os organizadores pela coragem, inova\u00e7\u00e3o e pela dedica\u00e7\u00e3o em realizar a segunda Feira Agro 360. \u00c9 um espa\u00e7o de troca de conhecimento, de integra\u00e7\u00e3o e de bons neg\u00f3cios. Eu desejo que os expositores fa\u00e7am bons neg\u00f3cios porque desta forma o nosso agro possa estar cada dia mais refor\u00e7ado, assim tamb\u00e9m n\u00f3s teremos mais empregos, mais gera\u00e7\u00e3o de renda em toda a nossa comunidade de Gurupi e regi\u00e3o\u201d, frisou a prefeita Josi Nunes.<\/p>\n\n\n\n<p>Entre os expositores est\u00e3o empresas e institui\u00e7\u00f5es do Tocantins e de renome nacional, que est\u00e3o mostrando as \u00faltimas novidades em maquin\u00e1rios e equipamentos agr\u00edcolas, tecnologias e inova\u00e7\u00f5es para o campo, com produtos e servi\u00e7os voltados para a melhoria da produtividade e da sustentabilidade. A programa\u00e7\u00e3o da Feira Agro 360 Tocantins conta tamb\u00e9m com palestras e segue at\u00e9 este s\u00e1bado, 22.<\/p>\n\n\n\n<p>Leandro Oliveira \u00e9 gerente do Grupo Teto, empresa de Gurupi, e conta que expor na Feira tem sido uma experi\u00eancia positiva. \u201cN\u00f3s estamos muito felizes em estar aqui [Feira] pela primeira vez neste evento, que \u00e9 de suma import\u00e2ncia para a nossa regi\u00e3o porque hoje o agro \u00e9 uma das principais fontes que gera riqueza em Gurupi e na regi\u00e3o Sul do Estado\u201d, destacou Leandro Oliveira.<\/p>\n\n\n\n<p>Uma das organizadoras da Feira, Poliana Cirqueira, agradeceu a presen\u00e7a das autoridades no evento e ressaltou a import\u00e2ncia e a grandeza do evento. \u201cNeste ano n\u00f3s temos 141 empresas expondo aqui, representando mais de 300 marcas do agroneg\u00f3cio regional. Para n\u00f3s, a import\u00e2ncia \u00e9 essa, mostrar a solu\u00e7\u00e3o que n\u00f3s temos aqui na regi\u00e3o Sul do Estado. N\u00f3s n\u00e3o precisamos sair daqui, aqui tem tudo que o produtor precisa, de A a Z para o agroneg\u00f3cio dele\u201d, finalizou Poliana Cirqueira, acrescentando que a expectativa \u00e9 que a Feira Agro 360 Tocantins gere cerca de R$ 300 milh\u00f5es em neg\u00f3cios.<\/p>\n\n\n\n<p><strong>Presen\u00e7as<\/strong><\/p>\n\n\n\n<p>Al\u00e9m da prefeita de Gurupi, Josi Nunes, tamb\u00e9m prestigiaram a abertura do evento o vice-governador Laurez Moreira; o secret\u00e1rio estadual de Agricultura e Pecu\u00e1ria, Jaime Caf\u00e9; os deputados estaduais Gutierres Torquato e Eduardo Fortes; a prefeita de Figueir\u00f3polis, Jakeline Pereira dos Santos; al\u00e9m do secret\u00e1rio municipal de Desenvolvimento Econ\u00f4mico e Meio Ambiente, Pedro Dias; o secret\u00e1rio municipal de Administra\u00e7\u00e3o, M\u00e1rio C\u00e9sar Lustosa; o secret\u00e1rio municipal de Juventude e Esportes, Sor\u00f3; e o secret\u00e1rio municipal de Planejamento e Finan\u00e7as, Lucas Lemes.<\/p>\n\n\n\n<figure class=\"wp-block-gallery has-nested-images columns-default is-cropped wp-block-gallery-1 is-layout-flex wp-block-gallery-is-layout-flex\">\n<figure class=\"wp-block-image size-large\"><img loading=\"lazy\" decoding=\"async\" width=\"843\" height=\"536\" data-id=\"4622\" src=\"https:\/\/focotocantinense.com.br\/wp-content\/uploads\/2023\/04\/111111111111-1.jpg\" alt=\"\" class=\"wp-image-4622\" srcset=\"https:\/\/focotocantinense.com.br\/wp-content\/uploads\/2023\/04\/111111111111-1.jpg 843w, https:\/\/focotocantinense.com.br\/wp-content\/uploads\/2023\/04\/111111111111-1-300x191.jpg 300w, https:\/\/focotocantinense.com.br\/wp-content\/uploads\/2023\/04\/111111111111-1-768x488.jpg 768w\" sizes=\"auto, (max-width: 843px) 100vw, 843px\" \/><\/figure>\n<\/figure>\n\n\n\n<figure class=\"wp-block-image size-full is-resized\"><img loading=\"lazy\" decoding=\"async\" src=\"https:\/\/focotocantinense.com.br\/wp-content\/uploads\/2023\/04\/22222222222.jpg\" alt=\"\" class=\"wp-image-4623\" width=\"833\" height=\"570\" srcset=\"https:\/\/focotocantinense.com.br\/wp-content\/uploads\/2023\/04\/22222222222.jpg 682w, https:\/\/focotocantinense.com.br\/wp-content\/uploads\/2023\/04\/22222222222-300x205.jpg 300w, https:\/\/focotocantinense.com.br\/wp-content\/uploads\/2023\/04\/22222222222-110x75.jpg 110w\" sizes=\"auto, (max-width: 833px) 100vw, 833px\" \/><\/figure>\n\n\n\n<figure class=\"wp-block-image size-full is-resized\"><img loading=\"lazy\" decoding=\"async\" src=\"https:\/\/focotocantinense.com.br\/wp-content\/uploads\/2023\/04\/333-1.jpg\" alt=\"\" class=\"wp-image-4624\" width=\"835\" height=\"536\" srcset=\"https:\/\/focotocantinense.com.br\/wp-content\/uploads\/2023\/04\/333-1.jpg 713w, https:\/\/focotocantinense.com.br\/wp-content\/uploads\/2023\/04\/333-1-300x193.jpg 300w\" sizes=\"auto, (max-width: 835px) 100vw, 835px\" \/><\/figure>\n\n\n\n<figure class=\"wp-block-image size-full\"><img loading=\"lazy\" decoding=\"async\" width=\"1011\" height=\"263\" src=\"https:\/\/focotocantinense.com.br\/wp-content\/uploads\/2023\/04\/VINI-1.jpg\" alt=\"\" class=\"wp-image-4563\" srcset=\"https:\/\/focotocantinense.com.br\/wp-content\/uploads\/2023\/04\/VINI-1.jpg 1011w, https:\/\/focotocantinense.com.br\/wp-content\/uploads\/2023\/04\/VINI-1-300x78.jpg 300w, https:\/\/focotocantinense.com.br\/wp-content\/uploads\/2023\/04\/VINI-1-768x200.jpg 768w\" sizes=\"auto, (max-width: 1011px) 100vw, 1011px\" \/><\/figure>\n","protected":false},"excerpt":{"rendered":"<p>Nesta sexta-feira, 21, a prefeita de Gurupi Josi Nunes prestigiou a abertura da Feira Agro 360 Tocantins, que acontece na fazenda Estrela do Norte, no munic\u00edpio de Peixe, e re\u00fane mais de 140 expositores do agroneg\u00f3cio. Acompanhada de v\u00e1rios secret\u00e1rios municipais, a Prefeita participou da abertura oficial do evento e visitou os estandes. \u201cQuero parabenizar &hellip;<\/p>\n","protected":false},"author":5,"featured_media":4623,"comment_status":"open","ping_status":"open","sticky":false,"template":"","format":"standard","meta":{"footnotes":""},"categories":[39,38,70],"tags":[],"class_list":["post-4621","post","type-post","status-publish","format-standard","has-post-thumbnail","","category-estado","category-gurupi","category-peixe"],"_links":{"self":[{"href":"https:\/\/focotocantinense.com.br\/index.php?rest_route=\/wp\/v2\/posts\/4621","targetHints":{"allow":["GET"]}}],"collection":[{"href":"https:\/\/focotocantinense.com.br\/index.php?rest_route=\/wp\/v2\/posts"}],"about":[{"href":"https:\/\/focotocantinense.com.br\/index.php?rest_route=\/wp\/v2\/types\/post"}],"author":[{"embeddable":true,"href":"https:\/\/focotocantinense.com.br\/index.php?rest_route=\/wp\/v2\/users\/5"}],"replies":[{"embeddable":true,"href":"https:\/\/focotocantinense.com.br\/index.php?rest_route=%2Fwp%2Fv2%2Fcomments&post=4621"}],"version-history":[{"count":2,"href":"https:\/\/focotocantinense.com.br\/index.php?rest_route=\/wp\/v2\/posts\/4621\/revisions"}],"predecessor-version":[{"id":4626,"href":"https:\/\/focotocantinense.com.br\/index.php?rest_route=\/wp\/v2\/posts\/4621\/revisions\/4626"}],"wp:featuredmedia":[{"embeddable":true,"href":"https:\/\/focotocantinense.com.br\/index.php?rest_route=\/wp\/v2\/media\/4623"}],"wp:attachment":[{"href":"https:\/\/focotocantinense.com.br\/index.php?rest_route=%2Fwp%2Fv2%2Fmedia&parent=4621"}],"wp:term":[{"taxonomy":"category","embeddable":true,"href":"https:\/\/focotocantinense.com.br\/index.php?rest_route=%2Fwp%2Fv2%2Fcategories&post=4621"},{"taxonomy":"post_tag","embeddable":true,"href":"https:\/\/focotocantinense.com.br\/index.php?rest_route=%2Fwp%2Fv2%2Ftags&post=4621"}],"curies":[{"name":"wp","href":"https:\/\/api.w.org\/{rel}","templated":true}]}}