{"id":4610,"date":"2023-04-22T11:41:54","date_gmt":"2023-04-22T14:41:54","guid":{"rendered":"https:\/\/focotocantinense.com.br\/?p=4610"},"modified":"2023-04-22T11:45:29","modified_gmt":"2023-04-22T14:45:29","slug":"novos-membros-da-diretoria-da-academia-de-letras-de-araguaina-sao-empossados-em-sessao-solene","status":"publish","type":"post","link":"https:\/\/focotocantinense.com.br\/?p=4610","title":{"rendered":"Novos membros da diretoria da Academia de Letras de Aragua\u00edna s\u00e3o empossados em sess\u00e3o solene"},"content":{"rendered":"\n<p><strong>Por Lu\u00eds Poeta<\/strong><\/p>\n\n\n\n<p>Na noite de sexta-feira, 21, a Academia de Letras de Aragua\u00edna (Acalanto) realizou a posse dos membros da Nova Diretoria que ir\u00e3o dirigir a entidade at\u00e9 2026, com o intuito de promover o cultivo e divulga\u00e7\u00e3o da literatura.<\/p>\n\n\n\n<p>Os novos membros diretores foram empossados em cerim\u00f4nia realizada no anfiteatro da Universidade Federal do Norte do Tocantins \u2013 UFNT, em ato solene conduzido pelo Presidente da Academia de Letras Alexandre Brito, que foi reeleito para comandar a agremia\u00e7\u00e3o liter\u00e1ria at\u00e9 2026, juntamente com os demais membros.<\/p>\n\n\n\n<p>A Acalanto nos \u00faltimos anos n\u00e3o tem alcan\u00e7ado uma grande import\u00e2ncia social para a cultura tocantinense, com o incentivo \u00e0 publica\u00e7\u00e3o de v\u00e1rias obras de escritores locais, apoio aos imortais da Acalanto no lan\u00e7amento dos seus livros e participa\u00e7\u00e3o ativa nos eventos, projetos e programas culturais da regi\u00e3o.<\/p>\n\n\n\n<p>Recentemente foram realizadas, sob a tutela da Academia, diversas a\u00e7\u00f5es com o intuito de difundir a arte liter\u00e1ria para o maior n\u00famero poss\u00edvel de pessoas, a exemplo de ampla divulga\u00e7\u00e3o das atividades da organiza\u00e7\u00e3o nas Redes Sociais, as valiosas parcerias com os Programa Viver Bem, comandado pelo m\u00e9dico, escritor e imortal da Acalanto Nelson Ferreira e o Programa Chega Mais, tamb\u00e9m apresentado por um imortal da Academia Ar\u00e9zio Sotto, al\u00e9m de v\u00e1rios outros m\u00e9todos como as palestras e rodas de conversas nas escolas da cidade de Aragua\u00edna.<\/p>\n\n\n\n<p>A posse dos novos membros da diretoria da Acalanto aconteceu na data que celebra os 21 anos de cria\u00e7\u00e3o da Academia de Letras de Aragua\u00edna e Norte do Tocantins, idealizada pelo fundador Jos\u00e9 Francisco da Silva Concesso, um dos escritores mais importantes do Brasil, que radicado em Aragua\u00edna desde a d\u00e9cada de 50, tinha uma imensa aten\u00e7\u00e3o pelos assuntos liter\u00e1rios da nossa regi\u00e3o.<\/p>\n\n\n\n<p>Estavam presentes na solenidade os imortais mirins da Alma, diversos representantes de institui\u00e7oes culturais de Aragua\u00edna, apreciadores da literatura e membros de entidades sociais e educacionais de Aragua\u00edna.<\/p>\n\n\n\n<p><strong>Diretoria da Acalanto \u2013 Academia de Letras de Aragua\u00edna<\/strong><\/p>\n\n\n\n<p>A nova diretoria, escolhida em Assembleia, conta com a colabora\u00e7\u00e3o dos imortais Alexandre Brito \u2013 Presidente; Edson Gallo \u2013 Vice Presidente; Secret\u00e1rio Executivo \u2013 Eudis Queiroz; Diretora Social \u2013 Symone Elias; Diretora Financeira \u2013 Denise Alves; Diretor Patrimonial \u2013 Zequinha Decolores; Diretora Correspondente \u2013 Martha Vieira; Diretor de A\u00e7\u00f5es Escolares \u2013 Jos\u00e9 Manoel Sanches; Diretor de Imprensa e Comunica\u00e7\u00e3o \u2013 Lu\u00eds Poeta; Diretora de Artes e Eventos \u2013&nbsp; Val\u00e9ria Elias; Diretor da Academia de Letras Mirim de Aragua\u00edna (ALMA) \u2013 Leomar Alves; Diretores Institucionais Academia de Letras Juvenil de Aragua\u00edna (ALJUVA) \u2013 Edson Gallo e Symone Elias.<\/p>\n\n\n\n<p>O Conselho Fiscal est\u00e1 sob o comando do trio de titulares Nelson Ferreira, Luiz Aparecido e Professora Rosa Maria, como suplente est\u00e1 a Professora Eurlene Arruda.<\/p>\n\n\n\n<p>O Conselho de \u00e9tica \u00e9 gerenciado pelos imortais Luiza Silva, Rozilda Euz\u00e9bio, Levi Beltr\u00e3o, Sueli Marques. Os suplentes s\u00e3o Jackson Brand\u00e3o e Rita Daiyr\u00e3.<\/p>\n\n\n\n<figure class=\"wp-block-image is-resized\"><img loading=\"lazy\" decoding=\"async\" src=\"https:\/\/www.correiodobico.com.br\/storage\/posts-images\/2023\/04\/post-img-mce-1682170566.jpg\" alt=\"Novos membros da diretoria da Academia de Letras de Aragua\u00edna s\u00e3o empossados em sess\u00e3o solene\" width=\"822\" height=\"502\" title=\"Novos membros da diretoria da Academia de Letras de Aragua\u00edna s\u00e3o empossados em sess\u00e3o solene\"\/><\/figure>\n\n\n\n<p><em><strong>Membros de diversas entidades culturais, educacionais e sociais de Aragua\u00edna prestigiam o evento da posse da nova diretoria da Acalanto<\/strong><\/em><\/p>\n\n\n\n<figure class=\"wp-block-image is-resized\"><img loading=\"lazy\" decoding=\"async\" src=\"https:\/\/www.correiodobico.com.br\/storage\/posts-images\/2023\/04\/post-img-mce-1682170635.jpg\" alt=\"Novos membros da diretoria da Academia de Letras de Aragua\u00edna s\u00e3o empossados em sess\u00e3o solene\" width=\"839\" height=\"577\" title=\"Novos membros da diretoria da Academia de Letras de Aragua\u00edna s\u00e3o empossados em sess\u00e3o solene\"\/><\/figure>\n\n\n\n<p><em><strong>Fundadores da Academia de Letras de Aragua\u00edna e Norte Tocantinense (Acalanto), na noite de 21 de abril de 2002, no Espa\u00e7o Cultural Agnaldo Borges Pinto.<\/strong><\/em><\/p>\n\n\n\n<figure class=\"wp-block-image\"><img decoding=\"async\" src=\"https:\/\/www.correiodobico.com.br\/storage\/posts-images\/2023\/04\/post-img-mce-1682171766.jpg\" alt=\"Novos membros da diretoria da Academia de Letras de Aragua\u00edna s\u00e3o empossados em sess\u00e3o solene\" title=\"Novos membros da diretoria da Academia de Letras de Aragua\u00edna s\u00e3o empossados em sess\u00e3o solene\"\/><\/figure>\n\n\n\n<p><strong><em>Imortais da ALMA &#8211; Academia de Letras Mirim de Aragua\u00edna participam do evento da posse da Diretoria da Acalanto<\/em><\/strong>.<\/p>\n\n\n\n<figure class=\"wp-block-image is-resized\"><a href=\"https:\/\/www.instagram.com\/mutucacast\/\" target=\"_blank\" rel=\"noreferrer noopener\"><img loading=\"lazy\" decoding=\"async\" src=\"https:\/\/www.n1to.com.br\/img\/cache\/380x280\/80\/crop\/Imagem-e7214b7e48a41e43e545ec7063ee81e8.jpeg\" alt=\"\" width=\"840\" height=\"619\" title=\"MUTUCA CAST\"\/><\/a><\/figure>\n\n\n\n<ul class=\"wp-block-list\">\n<li><\/li>\n<\/ul>\n\n\n\n<figure class=\"wp-block-image size-full\"><img loading=\"lazy\" decoding=\"async\" width=\"1011\" height=\"263\" src=\"https:\/\/focotocantinense.com.br\/wp-content\/uploads\/2023\/04\/VINI-1.jpg\" alt=\"\" class=\"wp-image-4563\" srcset=\"https:\/\/focotocantinense.com.br\/wp-content\/uploads\/2023\/04\/VINI-1.jpg 1011w, https:\/\/focotocantinense.com.br\/wp-content\/uploads\/2023\/04\/VINI-1-300x78.jpg 300w, https:\/\/focotocantinense.com.br\/wp-content\/uploads\/2023\/04\/VINI-1-768x200.jpg 768w\" sizes=\"auto, (max-width: 1011px) 100vw, 1011px\" \/><\/figure>\n","protected":false},"excerpt":{"rendered":"<p>Por Lu\u00eds Poeta Na noite de sexta-feira, 21, a Academia de Letras de Aragua\u00edna (Acalanto) realizou a posse dos membros da Nova Diretoria que ir\u00e3o dirigir a entidade at\u00e9 2026, com o intuito de promover o cultivo e divulga\u00e7\u00e3o da literatura. Os novos membros diretores foram empossados em cerim\u00f4nia realizada no anfiteatro da Universidade Federal &hellip;<\/p>\n","protected":false},"author":5,"featured_media":4611,"comment_status":"open","ping_status":"open","sticky":false,"template":"","format":"standard","meta":{"footnotes":""},"categories":[45,104],"tags":[],"class_list":["post-4610","post","type-post","status-publish","format-standard","has-post-thumbnail","","category-araguaina","category-cultura"],"_links":{"self":[{"href":"https:\/\/focotocantinense.com.br\/index.php?rest_route=\/wp\/v2\/posts\/4610","targetHints":{"allow":["GET"]}}],"collection":[{"href":"https:\/\/focotocantinense.com.br\/index.php?rest_route=\/wp\/v2\/posts"}],"about":[{"href":"https:\/\/focotocantinense.com.br\/index.php?rest_route=\/wp\/v2\/types\/post"}],"author":[{"embeddable":true,"href":"https:\/\/focotocantinense.com.br\/index.php?rest_route=\/wp\/v2\/users\/5"}],"replies":[{"embeddable":true,"href":"https:\/\/focotocantinense.com.br\/index.php?rest_route=%2Fwp%2Fv2%2Fcomments&post=4610"}],"version-history":[{"count":6,"href":"https:\/\/focotocantinense.com.br\/index.php?rest_route=\/wp\/v2\/posts\/4610\/revisions"}],"predecessor-version":[{"id":4620,"href":"https:\/\/focotocantinense.com.br\/index.php?rest_route=\/wp\/v2\/posts\/4610\/revisions\/4620"}],"wp:featuredmedia":[{"embeddable":true,"href":"https:\/\/focotocantinense.com.br\/index.php?rest_route=\/wp\/v2\/media\/4611"}],"wp:attachment":[{"href":"https:\/\/focotocantinense.com.br\/index.php?rest_route=%2Fwp%2Fv2%2Fmedia&parent=4610"}],"wp:term":[{"taxonomy":"category","embeddable":true,"href":"https:\/\/focotocantinense.com.br\/index.php?rest_route=%2Fwp%2Fv2%2Fcategories&post=4610"},{"taxonomy":"post_tag","embeddable":true,"href":"https:\/\/focotocantinense.com.br\/index.php?rest_route=%2Fwp%2Fv2%2Ftags&post=4610"}],"curies":[{"name":"wp","href":"https:\/\/api.w.org\/{rel}","templated":true}]}}