{"id":4602,"date":"2023-04-21T14:45:05","date_gmt":"2023-04-21T17:45:05","guid":{"rendered":"https:\/\/focotocantinense.com.br\/?p=4602"},"modified":"2023-04-21T14:47:42","modified_gmt":"2023-04-21T17:47:42","slug":"ex-comandante-do-4o-bpm-em-gurupi-e-promovido-a-coronel-na-policia-militar-do-tocantins","status":"publish","type":"post","link":"https:\/\/focotocantinense.com.br\/?p=4602","title":{"rendered":"Ex-comandante do 4\u00ba BPM em Gurupi \u00e9 promovido a Coronel na Pol\u00edcia Militar do Tocantins"},"content":{"rendered":"\n<p><strong>Por Jonas Amaral<\/strong><\/p>\n\n\n\n<p>O ex-comandante do 4\u00ba Batalh\u00e3o da Pol\u00edcia Militar na cidade de Gurupi, Tenente Coronel Fl\u00e1vio Santos Brito, foi promovido ao posto de Coronel PM nesta quinta-feira, dia 20 de abril de 2023, durante a Solenidade de comemora\u00e7\u00e3o ao Dia de Tiradentes, o patrono das Pol\u00edcias Militares. O evento foi presidido pelo Governador Wanderlei Barbosa, o qual, juntamente com o Vice-Governador Laurez Moreira e o Comandante-Geral da PMTO Coronel Barbosa, realizaram a promo\u00e7\u00e3o de seis coron\u00e9is, bem como outros 642 militares.<\/p>\n\n\n\n<p>Com uma carreira s\u00f3lida de 20 anos na Pol\u00edcia Militar, o agora Coronel Fl\u00e1vio Santos Brito acumulou vasta experi\u00eancia ocupando diversas fun\u00e7\u00f5es na estrutura da corpora\u00e7\u00e3o. Entre elas, destacam-se o comando do 4\u00b0 BPM sediado em Gurupi, de 20 de janeiro de 2015 at\u00e9 12 de maio de 2018.<\/p>\n\n\n\n<p>Ap\u00f3s sua passagem pelo 4\u00b0 BPM, o Coronel Fl\u00e1vio ocupou outros importantes cargos, tais como Subcomandante de Policiamento do Interior, Chefe da Assessoria Jur\u00eddica da PMTO, Chefe da Se\u00e7\u00e3o de Planejamento Or\u00e7ament\u00e1rio da PMTO, Comandante de Policiamento da Capital e, mais recentemente, Ajudante-de-Ordens do Vice-Governador Laurez Moreira. Essa vasta experi\u00eancia mostra a dedica\u00e7\u00e3o e o comprometimento do coronel com a Pol\u00edcia Militar e seu constante aprimoramento profissional.<\/p>\n\n\n\n<p><em>De acordo com o Coronel Fl\u00e1vio Santos, essa oportunidade de ser promovido a patente de Coronel \u00e9 muito gratificante para ele e toda a sua fam\u00edlia. Ele afirmou estar honrado por ter sido promovido ao posto de coronel pelo governador Wanderlei Barbosa, pelo vice-governador Laurez Moreira e pelo comandante-geral da pol\u00edcia militar o coronel Barbosa.<\/em><\/p>\n\n\n\n<figure class=\"wp-block-image\"><img decoding=\"async\" src=\"http:\/\/n1to.com.br\/img\/uploads\/bbb.jpeg\" alt=\"\"\/><\/figure>\n\n\n\n<p><strong><em>Laurez Moreira \u2013 Vice-Governador e QOPM Fl\u00e1vio Santos Brito.<\/em><\/strong><\/p>\n\n\n\n<p><em>\u201cIsso tudo \u00e9 fruto de muito trabalho persistente, determinado que sempre agarrei com toda determina\u00e7\u00e3o as oportunidades que me foram dadas na corpora\u00e7\u00e3o de comandar unidades que para o oficial \u00e9 algo muito importante, ent\u00e3o hoje \u00e9 motivo de muita alegria para mim e para minha fam\u00edlia de eu ter chegado nesse posto\u201d,<\/em>&nbsp;disse o novo Coronel.<\/p>\n\n\n\n<p>O agora Coronel Fl\u00e1vio Santos Brito deixou uma mensagem a todos os militares que almejam conseguir uma nova patente:&nbsp;<em>\u201cContinuem trabalhando incansavelmente com garra, determina\u00e7\u00e3o, com dedica\u00e7\u00e3o, respeitando os valores institucionais, primando pela \u00e9tica com respeito e buscando sempre se qualificarem\u201d.<\/em><\/p>\n\n\n\n<p>O Coronel QOPM Flavio Santos expressou sua gratid\u00e3o ao Vice-Governador Laurez Moreira, lembrando de sua amizade e do apoio que sempre recebeu desde a \u00e9poca em que comandava o 4\u00ba Batalh\u00e3o da Pol\u00edcia Militar em Gurupi e o Vice-Governador era prefeito da cidade.<\/p>\n\n\n\n<p>A promo\u00e7\u00e3o do Coronel Fl\u00e1vio Santos Brito e de outros militares \u00e9 um reconhecimento pelo trabalho dedicado e pela sua contribui\u00e7\u00e3o \u00e0 Pol\u00edcia Militar do Tocantins. Com essa promo\u00e7\u00e3o, o Coronel Fl\u00e1vio se torna um dos oficiais mais graduados da PMTO e estar\u00e1 apto a assumir fun\u00e7\u00f5es de maior responsabilidade na corpora\u00e7\u00e3o, contribuindo para a seguran\u00e7a p\u00fablica e o bem-estar da popula\u00e7\u00e3o tocantinense.<\/p>\n\n\n\n<figure class=\"wp-block-image is-resized\"><img loading=\"lazy\" decoding=\"async\" src=\"http:\/\/n1to.com.br\/img\/uploads\/cccc.jpeg\" alt=\"\" width=\"840\" height=\"472\"\/><\/figure>\n\n\n\n<figure class=\"wp-block-image\"><img decoding=\"async\" src=\"http:\/\/n1to.com.br\/img\/uploads\/ddd_1.jpeg\" alt=\"\"\/><\/figure>\n\n\n\n<figure class=\"wp-block-image\"><img decoding=\"async\" src=\"http:\/\/n1to.com.br\/img\/uploads\/VINI_33.jpg\" alt=\"\"\/><\/figure>\n","protected":false},"excerpt":{"rendered":"<p>Por Jonas Amaral O ex-comandante do 4\u00ba Batalh\u00e3o da Pol\u00edcia Militar na cidade de Gurupi, Tenente Coronel Fl\u00e1vio Santos Brito, foi promovido ao posto de Coronel PM nesta quinta-feira, dia 20 de abril de 2023, durante a Solenidade de comemora\u00e7\u00e3o ao Dia de Tiradentes, o patrono das Pol\u00edcias Militares. O evento foi presidido pelo Governador &hellip;<\/p>\n","protected":false},"author":5,"featured_media":4603,"comment_status":"open","ping_status":"open","sticky":false,"template":"","format":"standard","meta":{"footnotes":""},"categories":[38,41],"tags":[],"class_list":["post-4602","post","type-post","status-publish","format-standard","has-post-thumbnail","","category-gurupi","category-policia"],"_links":{"self":[{"href":"https:\/\/focotocantinense.com.br\/index.php?rest_route=\/wp\/v2\/posts\/4602","targetHints":{"allow":["GET"]}}],"collection":[{"href":"https:\/\/focotocantinense.com.br\/index.php?rest_route=\/wp\/v2\/posts"}],"about":[{"href":"https:\/\/focotocantinense.com.br\/index.php?rest_route=\/wp\/v2\/types\/post"}],"author":[{"embeddable":true,"href":"https:\/\/focotocantinense.com.br\/index.php?rest_route=\/wp\/v2\/users\/5"}],"replies":[{"embeddable":true,"href":"https:\/\/focotocantinense.com.br\/index.php?rest_route=%2Fwp%2Fv2%2Fcomments&post=4602"}],"version-history":[{"count":4,"href":"https:\/\/focotocantinense.com.br\/index.php?rest_route=\/wp\/v2\/posts\/4602\/revisions"}],"predecessor-version":[{"id":4609,"href":"https:\/\/focotocantinense.com.br\/index.php?rest_route=\/wp\/v2\/posts\/4602\/revisions\/4609"}],"wp:featuredmedia":[{"embeddable":true,"href":"https:\/\/focotocantinense.com.br\/index.php?rest_route=\/wp\/v2\/media\/4603"}],"wp:attachment":[{"href":"https:\/\/focotocantinense.com.br\/index.php?rest_route=%2Fwp%2Fv2%2Fmedia&parent=4602"}],"wp:term":[{"taxonomy":"category","embeddable":true,"href":"https:\/\/focotocantinense.com.br\/index.php?rest_route=%2Fwp%2Fv2%2Fcategories&post=4602"},{"taxonomy":"post_tag","embeddable":true,"href":"https:\/\/focotocantinense.com.br\/index.php?rest_route=%2Fwp%2Fv2%2Ftags&post=4602"}],"curies":[{"name":"wp","href":"https:\/\/api.w.org\/{rel}","templated":true}]}}