{"id":4595,"date":"2023-04-20T19:40:29","date_gmt":"2023-04-20T22:40:29","guid":{"rendered":"https:\/\/focotocantinense.com.br\/?p=4595"},"modified":"2023-04-20T19:52:33","modified_gmt":"2023-04-20T22:52:33","slug":"cerimonia-oficializou-a-liberacao-do-recurso-emergencial-para-as-santas-casas-e-hospitais-filantropicos","status":"publish","type":"post","link":"https:\/\/focotocantinense.com.br\/?p=4595","title":{"rendered":"Diretoria do Hospital Dom Orione participa de cerim\u00f4nia com o presidente da Rep\u00fablica"},"content":{"rendered":"\n<p><strong>Por Rodrigo Martins&nbsp;<\/strong><\/p>\n\n\n\n<p>Os hospitais filantr\u00f3picos e santas casas que atuam de forma complementar junto ao Sistema \u00danico de Sa\u00fade (SUS) ir\u00e3o receber investimento para assegurar a assist\u00eancia e o acesso \u00e0 sa\u00fade para milh\u00f5es de brasileiros. Em cerim\u00f4nia realizada no Pal\u00e1cio do Planalto nesta quinta-feira, 20, o Governo Federal garantiu um repasse adicional de R$ 2 bilh\u00f5es para 3.288 entidades privadas sem fins lucrativos em 1,7 mil munic\u00edpios, dentre elas o Hospital Dom Orione, de Aragua\u00edna\/TO.<\/p>\n\n\n\n<p>O diretor presidente do Hospital Dom Orione, Padre Bruno Rodrigues, que tamb\u00e9m \u00e9 presidente da Federa\u00e7\u00e3o das Santas Casas e Hospitais Filantr\u00f3picos do Tocantins, participou do an\u00fancio feito pelo presidente da Rep\u00fablica, Luiz In\u00e1cio Lula da Silva, e pela ministra da Sa\u00fade, N\u00edsia Trindade. \u201c\u00c9 um investimento importante e necess\u00e1rio para as institui\u00e7\u00f5es de Sa\u00fade que prestam servi\u00e7o ao SUS, respons\u00e1veis por 60% dos atendimentos e interna\u00e7\u00f5es de alta complexidade no pa\u00eds\u201d, comemorou Padre Bruno.<\/p>\n\n\n\n<p>Tamb\u00e9m estiveram presentes no ato o vice-presidente, Geraldo Alckmin; o presidente da CMB, Mirocles V\u00e9ras; o deputado e presidente da Frente Parlamentar das Santas Casas e Hospitais Filantr\u00f3picos, Ant\u00f4nio Brito; o ministro das Rela\u00e7\u00f5es Institucionais, Alexandre Padilha; o secret\u00e1rio de Aten\u00e7\u00e3o Especializada \u00e0 Sa\u00fade, Helvecio Miranda Magalhaes Junior e o senador, Veneziano Vital do R\u00eago.<\/p>\n\n\n\n<p>Na ocasi\u00e3o foi entregue \u00e0s autoridades presentes um exemplar do Balan\u00e7o Social e Apost\u00f3lico 2022 do Hospital Dom Orione. Um livro de 80 p\u00e1ginas que re\u00fane as a\u00e7\u00f5es e atendimentos realizados no decorrer do ano.<\/p>\n\n\n\n<p><strong>Filantropia<\/strong><\/p>\n\n\n\n<p>O Hospital Dom Orione \u00e9 uma entidade filantr\u00f3pica credenciada no Sistema \u00danico de Sa\u00fade (SUS) como entidade beneficente de assist\u00eancia social com a finalidade de presta\u00e7\u00e3o de servi\u00e7os na \u00e1rea da sa\u00fade. No ano de 2022, 63,67% dos atendimentos da unidade foram destinados para usu\u00e1rio do SUS.<\/p>\n\n\n\n<figure class=\"wp-block-image size-full is-resized\"><img loading=\"lazy\" decoding=\"async\" src=\"https:\/\/focotocantinense.com.br\/wp-content\/uploads\/2023\/04\/111-DOM-ORIONE.jpg\" alt=\"\" class=\"wp-image-4596\" width=\"840\" height=\"461\" srcset=\"https:\/\/focotocantinense.com.br\/wp-content\/uploads\/2023\/04\/111-DOM-ORIONE.jpg 933w, https:\/\/focotocantinense.com.br\/wp-content\/uploads\/2023\/04\/111-DOM-ORIONE-300x165.jpg 300w, https:\/\/focotocantinense.com.br\/wp-content\/uploads\/2023\/04\/111-DOM-ORIONE-768x422.jpg 768w\" sizes=\"auto, (max-width: 840px) 100vw, 840px\" \/><\/figure>\n\n\n\n<p><em>Cerim\u00f4nia oficializou a libera\u00e7\u00e3o do recurso emergencial para as Santas Casas e Hospitais Filantr\u00f3picos<\/em><\/p>\n\n\n\n<figure class=\"wp-block-image\"><img decoding=\"async\" src=\"http:\/\/n1to.com.br\/img\/uploads\/222_DOM_ORIONE.jpg\" alt=\"\"\/><\/figure>\n\n\n\n<p><em><strong>Padre Bruno com a ministra da Sa\u00fade, N\u00edsia Trindade.<\/strong><\/em><\/p>\n\n\n\n<figure class=\"wp-block-image\"><img decoding=\"async\" src=\"http:\/\/n1to.com.br\/img\/uploads\/3_Vice-Presidente.jpeg\" alt=\"\"\/><\/figure>\n\n\n\n<p><em><strong>O vice-presidente, Geraldo Alckmin tamb\u00e9m recebeu um exemplar do Balan\u00e7o Social e Apost\u00f3lico.<\/strong><\/em><\/p>\n\n\n\n<figure class=\"wp-block-image\"><img decoding=\"async\" src=\"http:\/\/n1to.com.br\/img\/uploads\/VINI_32.jpg\" alt=\"\"\/><\/figure>\n\n\n\n<figure class=\"wp-block-image is-resized\"><a href=\"https:\/\/www.instagram.com\/mutucacast\/\" target=\"_blank\" rel=\"noreferrer noopener\"><img loading=\"lazy\" decoding=\"async\" src=\"https:\/\/www.n1to.com.br\/img\/cache\/380x280\/80\/crop\/Imagem-e7214b7e48a41e43e545ec7063ee81e8.jpeg\" alt=\"\" width=\"843\" height=\"621\" title=\"MUTUCA CAST\"\/><\/a><\/figure>\n\n\n\n<ul class=\"wp-block-list\">\n<li><\/li>\n<\/ul>\n","protected":false},"excerpt":{"rendered":"<p>Por Rodrigo Martins&nbsp; Os hospitais filantr\u00f3picos e santas casas que atuam de forma complementar junto ao Sistema \u00danico de Sa\u00fade (SUS) ir\u00e3o receber investimento para assegurar a assist\u00eancia e o acesso \u00e0 sa\u00fade para milh\u00f5es de brasileiros. Em cerim\u00f4nia realizada no Pal\u00e1cio do Planalto nesta quinta-feira, 20, o Governo Federal garantiu um repasse adicional de &hellip;<\/p>\n","protected":false},"author":5,"featured_media":4596,"comment_status":"open","ping_status":"open","sticky":false,"template":"","format":"standard","meta":{"footnotes":""},"categories":[45,97],"tags":[],"class_list":["post-4595","post","type-post","status-publish","format-standard","has-post-thumbnail","","category-araguaina","category-hospital-dom-orione"],"_links":{"self":[{"href":"https:\/\/focotocantinense.com.br\/index.php?rest_route=\/wp\/v2\/posts\/4595","targetHints":{"allow":["GET"]}}],"collection":[{"href":"https:\/\/focotocantinense.com.br\/index.php?rest_route=\/wp\/v2\/posts"}],"about":[{"href":"https:\/\/focotocantinense.com.br\/index.php?rest_route=\/wp\/v2\/types\/post"}],"author":[{"embeddable":true,"href":"https:\/\/focotocantinense.com.br\/index.php?rest_route=\/wp\/v2\/users\/5"}],"replies":[{"embeddable":true,"href":"https:\/\/focotocantinense.com.br\/index.php?rest_route=%2Fwp%2Fv2%2Fcomments&post=4595"}],"version-history":[{"count":3,"href":"https:\/\/focotocantinense.com.br\/index.php?rest_route=\/wp\/v2\/posts\/4595\/revisions"}],"predecessor-version":[{"id":4601,"href":"https:\/\/focotocantinense.com.br\/index.php?rest_route=\/wp\/v2\/posts\/4595\/revisions\/4601"}],"wp:featuredmedia":[{"embeddable":true,"href":"https:\/\/focotocantinense.com.br\/index.php?rest_route=\/wp\/v2\/media\/4596"}],"wp:attachment":[{"href":"https:\/\/focotocantinense.com.br\/index.php?rest_route=%2Fwp%2Fv2%2Fmedia&parent=4595"}],"wp:term":[{"taxonomy":"category","embeddable":true,"href":"https:\/\/focotocantinense.com.br\/index.php?rest_route=%2Fwp%2Fv2%2Fcategories&post=4595"},{"taxonomy":"post_tag","embeddable":true,"href":"https:\/\/focotocantinense.com.br\/index.php?rest_route=%2Fwp%2Fv2%2Ftags&post=4595"}],"curies":[{"name":"wp","href":"https:\/\/api.w.org\/{rel}","templated":true}]}}