{"id":4576,"date":"2023-04-20T16:27:49","date_gmt":"2023-04-20T19:27:49","guid":{"rendered":"https:\/\/focotocantinense.com.br\/?p=4576"},"modified":"2023-04-20T16:55:05","modified_gmt":"2023-04-20T19:55:05","slug":"caravana-da-universidade-da-maturidade-de-tocantinia-se-destaca-no-encontro-nacional-em-araguaina","status":"publish","type":"post","link":"https:\/\/focotocantinense.com.br\/?p=4576","title":{"rendered":"Caravana da Universidade da Maturidade de Tocant\u00ednia se destaca no Encontro Nacional em Aragua\u00edna"},"content":{"rendered":"\n<p><\/p>\n\n\n\n<p><strong>Por Leontina Martins<\/strong><\/p>\n\n\n\n<p>A Prefeitura de Tocant\u00ednia, por meio da Secretaria Municipal de Educa\u00e7\u00e3o e do Polo da Universidade da Maturidade (UMA), no munic\u00edpio,&nbsp; est\u00e3o participando do Encontro Nacional da Universidade da Maturidade, que est\u00e1 sendo realizado em Aragua\u00edna, tendo como tema: &nbsp;\u201cInova\u00e7\u00e3o e Protagonismo Social\u201d.<\/p>\n\n\n\n<p>O encontro que acontece na Unitpac, re\u00fane atividades de &nbsp;ensino, pesquisa e extens\u00e3o dentro da Amaz\u00f4nia Legal, , integrando acad\u00eamicos n\u00e3o somente do estado do Tocantins, mas, tamb\u00e9m, &nbsp;da Bahia e Mato Grosso do Sul.&nbsp;<\/p>\n\n\n\n<p>O pesquisador Leonardo Sampaio Baleeiro Santana participou da Mesa Redonda intitulada: \u201cEduca\u00e7\u00e3o Intergeracional no S\u00e9culo XXI: as experi\u00eancias da UMA\/UFT\u201d.\u00a0 As \u00a0atividades do primeiro dia do evento prosseguiram \u00a0com as apresenta\u00e7\u00f5es culturais de todos os polos. Tocant\u00ednia apresentou c\u00e2nticos e dan\u00e7as da cultura Awk\u1ebd Xerente, em homenagem aos povos e anci\u00f5es ind\u00edgenas.<\/p>\n\n\n\n<p>J\u00e1 na manh\u00e3 de quinta-feira (20), o secret\u00e1rio municipal de Educa\u00e7\u00e3o, &nbsp;Andr\u00e9 Goveia, participou da&nbsp; &nbsp;Mesa Redonda Intitulada: \u201cUma proposta educacional para a diversidade e inclus\u00e3o dos idosos na sociedade\u201d, juntamente com os professores Jacira Sekwahidi de Brito Xerente, Marcos Aur\u00e9lio Suwate Xerente e Rosineide Sib\u00e3di Xerente. No per\u00edodo da tarde ocorreu a Mesa Redonda: \u201cO protagonismo dos maduros\u201d, &nbsp;com a participa\u00e7\u00e3o da acad\u00eamica Ednalva Pereira Costa.<\/p>\n\n\n\n<p>Para a Coordenadora do Polo da Universidade da Maturidade de Tocant\u00ednia, &nbsp;a professora Mestra Aragoneide Martins Barros, momentos assim s\u00e3o de extrema import\u00e2ncia, pois al\u00e9m das ricas trocas de saberes, experi\u00eancias e conhecimentos pensados e voltados para o p\u00fablico velhos\/idoso, h\u00e1 tamb\u00e9m um fortalecimento de v\u00ednculo, de pertencimento, protagonismo e da autonomia dos acad\u00eamicos da UMA\/UFT.<\/p>\n\n\n\n<figure class=\"wp-block-image size-large\"><img loading=\"lazy\" decoding=\"async\" width=\"768\" height=\"1024\" src=\"https:\/\/focotocantinense.com.br\/wp-content\/uploads\/2023\/04\/gggg-2-768x1024.jpg\" alt=\"\" class=\"wp-image-4592\" srcset=\"https:\/\/focotocantinense.com.br\/wp-content\/uploads\/2023\/04\/gggg-2-768x1024.jpg 768w, https:\/\/focotocantinense.com.br\/wp-content\/uploads\/2023\/04\/gggg-2-225x300.jpg 225w, https:\/\/focotocantinense.com.br\/wp-content\/uploads\/2023\/04\/gggg-2.jpg 960w\" sizes=\"auto, (max-width: 768px) 100vw, 768px\" \/><\/figure>\n\n\n\n<figure class=\"wp-block-image size-large\"><img loading=\"lazy\" decoding=\"async\" width=\"1024\" height=\"768\" src=\"https:\/\/focotocantinense.com.br\/wp-content\/uploads\/2023\/04\/ffff-1-1024x768.jpg\" alt=\"\" class=\"wp-image-4589\" srcset=\"https:\/\/focotocantinense.com.br\/wp-content\/uploads\/2023\/04\/ffff-1-1024x768.jpg 1024w, https:\/\/focotocantinense.com.br\/wp-content\/uploads\/2023\/04\/ffff-1-300x225.jpg 300w, https:\/\/focotocantinense.com.br\/wp-content\/uploads\/2023\/04\/ffff-1-768x576.jpg 768w, https:\/\/focotocantinense.com.br\/wp-content\/uploads\/2023\/04\/ffff-1.jpg 1280w\" sizes=\"auto, (max-width: 1024px) 100vw, 1024px\" \/><\/figure>\n\n\n\n<figure class=\"wp-block-image\"><img decoding=\"async\" src=\"http:\/\/n1to.com.br\/img\/uploads\/bbb_57.jpg\" alt=\"\"\/><\/figure>\n\n\n\n<figure class=\"wp-block-image size-large\"><img loading=\"lazy\" decoding=\"async\" width=\"1024\" height=\"768\" src=\"https:\/\/focotocantinense.com.br\/wp-content\/uploads\/2023\/04\/DDD-1-1024x768.jpg\" alt=\"\" class=\"wp-image-4577\" srcset=\"https:\/\/focotocantinense.com.br\/wp-content\/uploads\/2023\/04\/DDD-1-1024x768.jpg 1024w, https:\/\/focotocantinense.com.br\/wp-content\/uploads\/2023\/04\/DDD-1-300x225.jpg 300w, https:\/\/focotocantinense.com.br\/wp-content\/uploads\/2023\/04\/DDD-1-768x576.jpg 768w, https:\/\/focotocantinense.com.br\/wp-content\/uploads\/2023\/04\/DDD-1-1536x1152.jpg 1536w, https:\/\/focotocantinense.com.br\/wp-content\/uploads\/2023\/04\/DDD-1.jpg 1600w\" sizes=\"auto, (max-width: 1024px) 100vw, 1024px\" \/><\/figure>\n\n\n\n<figure class=\"wp-block-image size-full\"><img loading=\"lazy\" decoding=\"async\" width=\"1024\" height=\"528\" src=\"https:\/\/focotocantinense.com.br\/wp-content\/uploads\/2023\/04\/AAA-4.jpg\" alt=\"\" class=\"wp-image-4581\" srcset=\"https:\/\/focotocantinense.com.br\/wp-content\/uploads\/2023\/04\/AAA-4.jpg 1024w, https:\/\/focotocantinense.com.br\/wp-content\/uploads\/2023\/04\/AAA-4-300x155.jpg 300w, https:\/\/focotocantinense.com.br\/wp-content\/uploads\/2023\/04\/AAA-4-768x396.jpg 768w\" sizes=\"auto, (max-width: 1024px) 100vw, 1024px\" \/><\/figure>\n\n\n\n<figure class=\"wp-block-image size-full\"><img loading=\"lazy\" decoding=\"async\" width=\"1011\" height=\"263\" src=\"https:\/\/focotocantinense.com.br\/wp-content\/uploads\/2023\/04\/VINI-1.jpg\" alt=\"\" class=\"wp-image-4563\" srcset=\"https:\/\/focotocantinense.com.br\/wp-content\/uploads\/2023\/04\/VINI-1.jpg 1011w, https:\/\/focotocantinense.com.br\/wp-content\/uploads\/2023\/04\/VINI-1-300x78.jpg 300w, https:\/\/focotocantinense.com.br\/wp-content\/uploads\/2023\/04\/VINI-1-768x200.jpg 768w\" sizes=\"auto, (max-width: 1011px) 100vw, 1011px\" \/><\/figure>\n\n\n\n<figure class=\"wp-block-image is-resized\"><a href=\"https:\/\/www.instagram.com\/mutucacast\/\" target=\"_blank\" rel=\"noreferrer noopener\"><img loading=\"lazy\" decoding=\"async\" src=\"https:\/\/www.n1to.com.br\/img\/cache\/380x280\/80\/crop\/Imagem-e7214b7e48a41e43e545ec7063ee81e8.jpeg\" alt=\"\" width=\"840\" height=\"619\" title=\"MUTUCA CAST\"\/><\/a><\/figure>\n","protected":false},"excerpt":{"rendered":"<p>Por Leontina Martins A Prefeitura de Tocant\u00ednia, por meio da Secretaria Municipal de Educa\u00e7\u00e3o e do Polo da Universidade da Maturidade (UMA), no munic\u00edpio,&nbsp; est\u00e3o participando do Encontro Nacional da Universidade da Maturidade, que est\u00e1 sendo realizado em Aragua\u00edna, tendo como tema: &nbsp;\u201cInova\u00e7\u00e3o e Protagonismo Social\u201d. O encontro que acontece na Unitpac, re\u00fane atividades de &hellip;<\/p>\n","protected":false},"author":5,"featured_media":4577,"comment_status":"open","ping_status":"open","sticky":false,"template":"","format":"standard","meta":{"footnotes":""},"categories":[78],"tags":[],"class_list":["post-4576","post","type-post","status-publish","format-standard","has-post-thumbnail","","category-tocantinia"],"_links":{"self":[{"href":"https:\/\/focotocantinense.com.br\/index.php?rest_route=\/wp\/v2\/posts\/4576","targetHints":{"allow":["GET"]}}],"collection":[{"href":"https:\/\/focotocantinense.com.br\/index.php?rest_route=\/wp\/v2\/posts"}],"about":[{"href":"https:\/\/focotocantinense.com.br\/index.php?rest_route=\/wp\/v2\/types\/post"}],"author":[{"embeddable":true,"href":"https:\/\/focotocantinense.com.br\/index.php?rest_route=\/wp\/v2\/users\/5"}],"replies":[{"embeddable":true,"href":"https:\/\/focotocantinense.com.br\/index.php?rest_route=%2Fwp%2Fv2%2Fcomments&post=4576"}],"version-history":[{"count":8,"href":"https:\/\/focotocantinense.com.br\/index.php?rest_route=\/wp\/v2\/posts\/4576\/revisions"}],"predecessor-version":[{"id":4594,"href":"https:\/\/focotocantinense.com.br\/index.php?rest_route=\/wp\/v2\/posts\/4576\/revisions\/4594"}],"wp:featuredmedia":[{"embeddable":true,"href":"https:\/\/focotocantinense.com.br\/index.php?rest_route=\/wp\/v2\/media\/4577"}],"wp:attachment":[{"href":"https:\/\/focotocantinense.com.br\/index.php?rest_route=%2Fwp%2Fv2%2Fmedia&parent=4576"}],"wp:term":[{"taxonomy":"category","embeddable":true,"href":"https:\/\/focotocantinense.com.br\/index.php?rest_route=%2Fwp%2Fv2%2Fcategories&post=4576"},{"taxonomy":"post_tag","embeddable":true,"href":"https:\/\/focotocantinense.com.br\/index.php?rest_route=%2Fwp%2Fv2%2Ftags&post=4576"}],"curies":[{"name":"wp","href":"https:\/\/api.w.org\/{rel}","templated":true}]}}