{"id":4570,"date":"2023-04-19T20:28:02","date_gmt":"2023-04-19T23:28:02","guid":{"rendered":"https:\/\/focotocantinense.com.br\/?p=4570"},"modified":"2023-04-19T20:29:25","modified_gmt":"2023-04-19T23:29:25","slug":"etnoturismo-e-uma-das-prioridades-do-governo-do-tocantins","status":"publish","type":"post","link":"https:\/\/focotocantinense.com.br\/?p=4570","title":{"rendered":"Etnoturismo \u00e9 uma das prioridades do Governo do Tocantins"},"content":{"rendered":"\n<p><strong>Por Seleucia Fontes \/ Governo do Tocantins<\/strong><\/p>\n\n\n\n<p>O Dia dos Povos Ind\u00edgenas \u00e9 um momento de comemora\u00e7\u00e3o, mas tamb\u00e9m de reflex\u00e3o sobre a preserva\u00e7\u00e3o do modo de vida e dos saberes ancestrais. Neste contexto, o desenvolvimento do turismo tem ganhado maior visibilidade em todo o Pa\u00eds, como forma de garantir a sustentabilidade, a cultura e a cidadania.<\/p>\n\n\n\n<p>O Minist\u00e9rio dos Povos Origin\u00e1rios foi criado para atender aos anseios de uma popula\u00e7\u00e3o de quase 900 mil ind\u00edgenas distribu\u00eddos em 827 munic\u00edpios, registrando 305 etnias reconhecidas e 274 l\u00ednguas distintas. O desafio de promover o di\u00e1logo entre o Governo Federal e toda essa popula\u00e7\u00e3o cabe \u00e0 ministra S\u00f4nia Guajajara. A Funda\u00e7\u00e3o Nacional dos Povos Ind\u00edgenas (Funai) chega no dia 19 de abril com nova nomenclatura e sua primeira presidente mulher e ind\u00edgena, Joenia Wapichana.<\/p>\n\n\n\n<p>No Tocantins, o IBGE estima uma popula\u00e7\u00e3o com cerca de 15 mil ind\u00edgenas, distribu\u00eddos entre as etnias Karaj\u00e1, Xambio\u00e1, Java\u00e9 (que formam o povo Iny), Xerente, Apinaj\u00e8, Krah\u00f4, Krah\u00f4-Kanela, Av\u00e1-Canoeiro (Cara Preta) e Pankararu. Para atender \u00e0s necessidades dessa popula\u00e7\u00e3o e tamb\u00e9m das comunidades quilombolas, o Governo do Tocantins criou a Secretaria dos Povos Origin\u00e1rios e Tradicionais, tendo Narubia Werreria Karaj\u00e1 como gestora.<\/p>\n\n\n\n<p>Segundo o secret\u00e1rio de Turismo do Estado, Hercy Filho, o compromisso do governador Wanderlei Barbosa com as etnias tocantinenses passa pelo resgate de suas tradi\u00e7\u00f5es e o turismo pode ter um papel fundamental neste desafio, tendo as pastas da Cultura e dos Povos como parceiros fundamentais no desenvolvimento de projetos.<\/p>\n\n\n\n<p>\u201cO mundo inteiro conhece a Amaz\u00f4nia, onde est\u00e1 localizada a maior popula\u00e7\u00e3o ind\u00edgena do Brasil, somos um dos estados da regi\u00e3o amaz\u00f4nica, nossa responsabilidade \u00e9 fazer tudo para valorizar essas express\u00f5es culturais e o etnoturismo \u00e9 um importante ativo\u201d, explica Hercy Filho, ao lembrar a experi\u00eancia do Rally Sert\u00f5es em 2022, quando foram montados tr\u00eas acampamentos na Ilha do Bananal e ressaltando que um dos projetos e ampliar o acesso \u00e0 internet nas aldeias.<\/p>\n\n\n\n<p>A superintendente de Turismo, Fernanda Tain\u00e3, pontua que ap\u00f3s a pandemia de Covid-19 houve aumento consider\u00e1vel de busca pelo turismo de natureza e pela intera\u00e7\u00e3o com povos ind\u00edgenas. \u201cEspecialmente turistas estrangeiros querem essa viv\u00eancia, por isso o Etnoturismo \u00e9 uma aposta do Governo Federal e tamb\u00e9m do Estado do Tocantins\u201d, afirma.<\/p>\n\n\n\n<p><strong>Experi\u00eancias<\/strong><\/p>\n\n\n\n<p>A Secretaria de Turismo vem desenvolvendo projetos de Etnoturismo. O gestor p\u00fablico Marcos Miranda explica que a passagem do Rally Sert\u00f5es propiciou a realiza\u00e7\u00e3o de capacita\u00e7\u00f5es jovens e l\u00edderes, a abertura e estrutura\u00e7\u00e3o dos acampamentos. A proposta \u00e9 que os pr\u00f3prios ind\u00edgenas assumam a gest\u00e3o dos roteiros. Na Ilha, os principais focos s\u00e3o as festas tradicionais, as trilhas, a pesca esportiva, a observa\u00e7\u00e3o de aves e outros animais da regi\u00e3o.<\/p>\n\n\n\n<p>Operador de turismo na regi\u00e3o, o empres\u00e1rio Leonardo Azevedo conta que seu roteiro de visita\u00e7\u00e3o \u00e0 Ilha do Bananal inclui um pernoite na floresta, trilhas, observa\u00e7\u00e3o de p\u00e1ssaros e visita\u00e7\u00e3o a aldeias Java\u00e9 e Karaj\u00e1.<\/p>\n\n\n\n<p>\u201cO etno se encaixa como complemento, tendo em vista que estamos na maior Ilha fluvial do mundo, que abrange a Terra Ind\u00edgena Parque do Araguaia, sendo uma necessidade a visita \u00e0s aldeias para conhecer as caracter\u00edsticas dos povos locais\u201d, revela.<\/p>\n\n\n\n<p>Ainda de acordo com Leonardo Azevedo, este trabalho tamb\u00e9m inclui uma mudan\u00e7a de percep\u00e7\u00e3o do turista em rela\u00e7\u00e3o aos povos origin\u00e1rios. \u201cAssim como n\u00f3s, eles tamb\u00e9m querem seus direitos e conforto, cabe a n\u00f3s levarmos este entendimento, para que os turistas interpretem de forma positiva essa evolu\u00e7\u00e3o ind\u00edgena\u201d, completa, ao lembrar que os estere\u00f3tipos sobre as comunidades ainda \u00e9 uma realidade.<\/p>\n\n\n\n<figure class=\"wp-block-image\"><img decoding=\"async\" src=\"https:\/\/central.to.gov.br\/image\/325975?w=670&amp;h=383\" alt=\"\"\/><\/figure>\n\n\n\n<p><strong>Apresenta\u00e7\u00f5es tradicionais est\u00e3o entre as propostas do Etnoturismo &#8211;\u00a0 Foto: Tharson Lopes\/Governo do Tocantins<\/strong><\/p>\n\n\n\n<figure class=\"wp-block-image\"><img decoding=\"async\" src=\"https:\/\/central.to.gov.br\/image\/325976?w=670&amp;h=383\" alt=\"\"\/><\/figure>\n\n\n\n<p><em><strong>Acampamento da Ilha do Bananal promove contato com a natureza e com os povos ind\u00edgenas\u00a0 &#8211; Foto: Divulga\u00e7\u00e3o-CCTrekking.jpeg\u00a0<\/strong><\/em><\/p>\n\n\n\n<figure class=\"wp-block-image is-resized\"><img loading=\"lazy\" decoding=\"async\" src=\"http:\/\/n1to.com.br\/img\/uploads\/VINI_30.jpg\" alt=\"\" width=\"840\" height=\"218\"\/><\/figure>\n\n\n\n<figure class=\"wp-block-image is-resized\"><a href=\"https:\/\/www.instagram.com\/mutucacast\/\" target=\"_blank\" rel=\"noreferrer noopener\"><img loading=\"lazy\" decoding=\"async\" src=\"https:\/\/www.n1to.com.br\/img\/cache\/380x280\/80\/crop\/Imagem-e7214b7e48a41e43e545ec7063ee81e8.jpeg\" alt=\"\" width=\"809\" height=\"596\" title=\"MUTUCA CAST\"\/><\/a><\/figure>\n","protected":false},"excerpt":{"rendered":"<p>Por Seleucia Fontes \/ Governo do Tocantins O Dia dos Povos Ind\u00edgenas \u00e9 um momento de comemora\u00e7\u00e3o, mas tamb\u00e9m de reflex\u00e3o sobre a preserva\u00e7\u00e3o do modo de vida e dos saberes ancestrais. Neste contexto, o desenvolvimento do turismo tem ganhado maior visibilidade em todo o Pa\u00eds, como forma de garantir a sustentabilidade, a cultura e &hellip;<\/p>\n","protected":false},"author":5,"featured_media":4571,"comment_status":"open","ping_status":"open","sticky":false,"template":"","format":"standard","meta":{"footnotes":""},"categories":[106],"tags":[],"class_list":["post-4570","post","type-post","status-publish","format-standard","has-post-thumbnail","","category-turismo"],"_links":{"self":[{"href":"https:\/\/focotocantinense.com.br\/index.php?rest_route=\/wp\/v2\/posts\/4570","targetHints":{"allow":["GET"]}}],"collection":[{"href":"https:\/\/focotocantinense.com.br\/index.php?rest_route=\/wp\/v2\/posts"}],"about":[{"href":"https:\/\/focotocantinense.com.br\/index.php?rest_route=\/wp\/v2\/types\/post"}],"author":[{"embeddable":true,"href":"https:\/\/focotocantinense.com.br\/index.php?rest_route=\/wp\/v2\/users\/5"}],"replies":[{"embeddable":true,"href":"https:\/\/focotocantinense.com.br\/index.php?rest_route=%2Fwp%2Fv2%2Fcomments&post=4570"}],"version-history":[{"count":3,"href":"https:\/\/focotocantinense.com.br\/index.php?rest_route=\/wp\/v2\/posts\/4570\/revisions"}],"predecessor-version":[{"id":4575,"href":"https:\/\/focotocantinense.com.br\/index.php?rest_route=\/wp\/v2\/posts\/4570\/revisions\/4575"}],"wp:featuredmedia":[{"embeddable":true,"href":"https:\/\/focotocantinense.com.br\/index.php?rest_route=\/wp\/v2\/media\/4571"}],"wp:attachment":[{"href":"https:\/\/focotocantinense.com.br\/index.php?rest_route=%2Fwp%2Fv2%2Fmedia&parent=4570"}],"wp:term":[{"taxonomy":"category","embeddable":true,"href":"https:\/\/focotocantinense.com.br\/index.php?rest_route=%2Fwp%2Fv2%2Fcategories&post=4570"},{"taxonomy":"post_tag","embeddable":true,"href":"https:\/\/focotocantinense.com.br\/index.php?rest_route=%2Fwp%2Fv2%2Ftags&post=4570"}],"curies":[{"name":"wp","href":"https:\/\/api.w.org\/{rel}","templated":true}]}}