{"id":4557,"date":"2023-04-19T06:49:59","date_gmt":"2023-04-19T09:49:59","guid":{"rendered":"https:\/\/focotocantinense.com.br\/?p=4557"},"modified":"2023-04-19T06:51:24","modified_gmt":"2023-04-19T09:51:24","slug":"programa-tv-unirg-e-transmitido-em-diversas-regioes-do-tocantins","status":"publish","type":"post","link":"https:\/\/focotocantinense.com.br\/?p=4557","title":{"rendered":"Programa TV UnirG \u00e9 transmitido em diversas regi\u00f5es do Tocantins"},"content":{"rendered":"\n<p>Aragua\u00edna, Araguatins, Augustin\u00f3polis, Dian\u00f3polis, Gurupi, Palmas, Porto Nacional e Tocantin\u00f3polis s\u00e3o as cidades que recebem a transmiss\u00e3o do Programa TV UnirG, da Universidade de Gurupi. A primeira edi\u00e7\u00e3o foi veiculada em mar\u00e7o deste ano.<\/p>\n\n\n\n<p>A TV Assembleia, da Assembleia Legislativa do Tocantins, transmite o informativo nas ter\u00e7as e quartas-feiras, \u00e0s 8h30 e \u00e0s 14h30. J\u00e1 na Band\/Sil TV, em Gurupi, \u00e9 nas ter\u00e7as e quintas-feiras, \u00e0s 13h20 e \u00e0s18h30.<\/p>\n\n\n\n<p>Para o presidente da Funda\u00e7\u00e3o UnirG, Thiago Pi\u00f1ero Miranda, \u201co programa serve para estreitar os la\u00e7os entre a UnirG e a sociedade. \u00c9 uma maneira de prestar contas dos nossos trabalhos, para que a popula\u00e7\u00e3o veja que todos os investimentos realizados pela Funda\u00e7\u00e3o na Universidade, acaba retornando para a pr\u00f3pria popula\u00e7\u00e3o, em ensino, pesquisa ou extens\u00e3o\u201d, afirmou.<\/p>\n\n\n\n<p><img decoding=\"async\" src=\"http:\/\/unirg.edu.br\/arquivos\/documentos\/NOTICIAS\/tv%202%20ok.jpg\" alt=\"\">A reitora Dra Sara Falc\u00e3o destacou que o programa, al\u00e9m de ser um importante canal de divulga\u00e7\u00e3o da Universidade, \u00e9 produzido com a participa\u00e7\u00e3o de egresso. \u201cA popula\u00e7\u00e3o tanto da regi\u00e3o de Gurupi, quanto de outras localidades do Estados tem uma excelente oportunidade de conhecer ainda mais os trabalhos das diversas \u00e1reas desenvolvidos pela UnirG, assim como a inser\u00e7\u00e3o no mercado de trabalho, pelos profissionais formados na nossa Universidade\u201d, afirmou.<\/p>\n\n\n\n<p>A prefeita de Gurupi, Josi Nunes,&nbsp; docente da Institui\u00e7\u00e3o, participou nas primeiras edi\u00e7\u00f5es com entrevista abordando a hist\u00f3ria da cria\u00e7\u00e3o da UnirG e relembrando tamb\u00e9m, a trajet\u00f3ria pol\u00edtica do seu pai, ex-prefeito de Gurupi, Jacinto Nunes, fundador da Institui\u00e7\u00e3o.<\/p>\n\n\n\n<p><strong>Produ\u00e7\u00e3o<\/strong><\/p>\n\n\n\n<p>A produ\u00e7\u00e3o do TV UnirG, com defini\u00e7\u00e3o de pautas, roteiro e finaliza\u00e7\u00e3o \u00e9 realizada pela Assessoria de Comunica\u00e7\u00e3o \u2013 Ascom da Institui\u00e7\u00e3o. A apresenta\u00e7\u00e3o \u00e9 feira pelo jornalista egresso da UnirG, por meio da presta\u00e7\u00e3o de servi\u00e7o pelo Crediunirg, Lucas Carvalho e imagens e edi\u00e7\u00e3o de Lucas Souza.<\/p>\n\n\n\n<p>Para o assessor de Comunica\u00e7\u00e3o da UnirG, Thiago de Oliveira, \u201co intuito \u00e9 intensificar a comunica\u00e7\u00e3o com a sociedade, al\u00e9m de&nbsp;<img decoding=\"async\" src=\"http:\/\/unirg.edu.br\/arquivos\/documentos\/NOTICIAS\/tv%203%20ok.jpg\" alt=\"\">proporcionar mais transpar\u00eancia e facilitar o acesso \u00e0 informa\u00e7\u00e3o de qualidade. J\u00e1 possu\u00edmos uma r\u00e1dio FM pr\u00f3pria, que por meio da internet alcan\u00e7amos n\u00fameros expressivos em nossas p\u00e1ginas e perfis oficiais.&nbsp; Estamos tamb\u00e9m, presentes nos maiores eventos da regi\u00e3o, como carnaval, pecu\u00e1ria e feiras de neg\u00f3cios. \u00c9 a UnirG se colocando mais pr\u00f3xima da comunidade\u201d.<\/p>\n\n\n\n<p>O jornalista Lucas Carvalho destacou que \u201cfico lisonjeado pelo convite e pela confian\u00e7a da UnirG. Tudo o que aprendi na minha forma\u00e7\u00e3o estou colocando em pr\u00e1tica. Como egresso, fico muito feliz e quero contribuir ainda mais com a Institui\u00e7\u00e3o e com a comunidade, trazendo muitas informa\u00e7\u00f5es que v\u00e3o ajudar no dia-a-dia da comunidade acad\u00eamica como para a popula\u00e7\u00e3o em geral\u201d, disse.<\/p>\n\n\n\n<p>Todas as edi\u00e7\u00f5es est\u00e3o dispon\u00edveis tamb\u00e9m, no canal da UnirG, no Youtube, no link\u00a0<a href=\"https:\/\/www.youtube.com\/c\/unirgoficial\">https:\/\/www.youtube.com\/c\/unirgoficia<\/a>l<\/p>\n\n\n\n<figure class=\"wp-block-image size-full\"><img loading=\"lazy\" decoding=\"async\" width=\"1024\" height=\"575\" src=\"https:\/\/focotocantinense.com.br\/wp-content\/uploads\/2023\/04\/11111111111-1.jpg\" alt=\"\" class=\"wp-image-4560\" srcset=\"https:\/\/focotocantinense.com.br\/wp-content\/uploads\/2023\/04\/11111111111-1.jpg 1024w, https:\/\/focotocantinense.com.br\/wp-content\/uploads\/2023\/04\/11111111111-1-300x168.jpg 300w, https:\/\/focotocantinense.com.br\/wp-content\/uploads\/2023\/04\/11111111111-1-768x431.jpg 768w\" sizes=\"auto, (max-width: 1024px) 100vw, 1024px\" \/><\/figure>\n\n\n\n<figure class=\"wp-block-image\"><img decoding=\"async\" src=\"http:\/\/n1to.com.br\/img\/uploads\/222_13.jpg\" alt=\"\"\/><\/figure>\n\n\n\n<figure class=\"wp-block-image size-full\"><img loading=\"lazy\" decoding=\"async\" width=\"1024\" height=\"575\" src=\"https:\/\/focotocantinense.com.br\/wp-content\/uploads\/2023\/04\/333.jpg\" alt=\"\" class=\"wp-image-4561\" srcset=\"https:\/\/focotocantinense.com.br\/wp-content\/uploads\/2023\/04\/333.jpg 1024w, https:\/\/focotocantinense.com.br\/wp-content\/uploads\/2023\/04\/333-300x168.jpg 300w, https:\/\/focotocantinense.com.br\/wp-content\/uploads\/2023\/04\/333-768x431.jpg 768w\" sizes=\"auto, (max-width: 1024px) 100vw, 1024px\" \/><\/figure>\n\n\n\n<figure class=\"wp-block-image size-full\"><img loading=\"lazy\" decoding=\"async\" width=\"1011\" height=\"263\" src=\"https:\/\/focotocantinense.com.br\/wp-content\/uploads\/2023\/04\/VINI-1.jpg\" alt=\"\" class=\"wp-image-4563\" srcset=\"https:\/\/focotocantinense.com.br\/wp-content\/uploads\/2023\/04\/VINI-1.jpg 1011w, https:\/\/focotocantinense.com.br\/wp-content\/uploads\/2023\/04\/VINI-1-300x78.jpg 300w, https:\/\/focotocantinense.com.br\/wp-content\/uploads\/2023\/04\/VINI-1-768x200.jpg 768w\" sizes=\"auto, (max-width: 1011px) 100vw, 1011px\" \/><\/figure>\n","protected":false},"excerpt":{"rendered":"<p>Aragua\u00edna, Araguatins, Augustin\u00f3polis, Dian\u00f3polis, Gurupi, Palmas, Porto Nacional e Tocantin\u00f3polis s\u00e3o as cidades que recebem a transmiss\u00e3o do Programa TV UnirG, da Universidade de Gurupi. A primeira edi\u00e7\u00e3o foi veiculada em mar\u00e7o deste ano. A TV Assembleia, da Assembleia Legislativa do Tocantins, transmite o informativo nas ter\u00e7as e quartas-feiras, \u00e0s 8h30 e \u00e0s 14h30. J\u00e1 &hellip;<\/p>\n","protected":false},"author":5,"featured_media":4558,"comment_status":"open","ping_status":"open","sticky":false,"template":"","format":"standard","meta":{"footnotes":""},"categories":[112],"tags":[],"class_list":["post-4557","post","type-post","status-publish","format-standard","has-post-thumbnail","","category-unirg"],"_links":{"self":[{"href":"https:\/\/focotocantinense.com.br\/index.php?rest_route=\/wp\/v2\/posts\/4557","targetHints":{"allow":["GET"]}}],"collection":[{"href":"https:\/\/focotocantinense.com.br\/index.php?rest_route=\/wp\/v2\/posts"}],"about":[{"href":"https:\/\/focotocantinense.com.br\/index.php?rest_route=\/wp\/v2\/types\/post"}],"author":[{"embeddable":true,"href":"https:\/\/focotocantinense.com.br\/index.php?rest_route=\/wp\/v2\/users\/5"}],"replies":[{"embeddable":true,"href":"https:\/\/focotocantinense.com.br\/index.php?rest_route=%2Fwp%2Fv2%2Fcomments&post=4557"}],"version-history":[{"count":2,"href":"https:\/\/focotocantinense.com.br\/index.php?rest_route=\/wp\/v2\/posts\/4557\/revisions"}],"predecessor-version":[{"id":4564,"href":"https:\/\/focotocantinense.com.br\/index.php?rest_route=\/wp\/v2\/posts\/4557\/revisions\/4564"}],"wp:featuredmedia":[{"embeddable":true,"href":"https:\/\/focotocantinense.com.br\/index.php?rest_route=\/wp\/v2\/media\/4558"}],"wp:attachment":[{"href":"https:\/\/focotocantinense.com.br\/index.php?rest_route=%2Fwp%2Fv2%2Fmedia&parent=4557"}],"wp:term":[{"taxonomy":"category","embeddable":true,"href":"https:\/\/focotocantinense.com.br\/index.php?rest_route=%2Fwp%2Fv2%2Fcategories&post=4557"},{"taxonomy":"post_tag","embeddable":true,"href":"https:\/\/focotocantinense.com.br\/index.php?rest_route=%2Fwp%2Fv2%2Ftags&post=4557"}],"curies":[{"name":"wp","href":"https:\/\/api.w.org\/{rel}","templated":true}]}}