{"id":4549,"date":"2023-04-18T20:58:05","date_gmt":"2023-04-18T23:58:05","guid":{"rendered":"https:\/\/focotocantinense.com.br\/?p=4549"},"modified":"2023-04-18T21:01:28","modified_gmt":"2023-04-19T00:01:28","slug":"na-assembleia-deputada-vanda-solicita-concurso-publico-para-policia-civil","status":"publish","type":"post","link":"https:\/\/focotocantinense.com.br\/?p=4549","title":{"rendered":"Na Assembleia, deputada Vanda solicita concurso p\u00fablico para Pol\u00edcia Civil"},"content":{"rendered":"\n<p><\/p>\n\n\n\n<p>Em requerimento apresentado na manh\u00e3 desta ter\u00e7a-feira, 18, a deputada estadual Vanda Monteiro (Uni\u00e3o Brasil) solicitou do Governo do Estado a realiza\u00e7\u00e3o de concurso p\u00fablico para a Pol\u00edcia Civil no Tocantins. A parlamentar justificou o pedido, destacando que recebeu a demanda ap\u00f3s reuni\u00e3o com representantes da Seguran\u00e7a P\u00fablica.<\/p>\n\n\n\n<p>Al\u00e9m do concurso p\u00fablico, a deputada ainda solicitou a contrata\u00e7\u00e3o de psic\u00f3logos para atuar no Instituo M\u00e9dico Legal (IML) de Palmas, a reforma geral do Instituto de Criminal\u00edstica, manuten\u00e7\u00e3o dos equipamentos GC\/MS e LC\/MS utilizados em processos de per\u00edcia e a isen\u00e7\u00e3o do pagamento de passagens intermunicipais para policiais penais.<\/p>\n\n\n\n<p>\u201cTivemos uma reuni\u00e3o muito produtiva, onde recebi as demandas e prontamente as apresentei junto a Assembleia. O concurso p\u00fablico e as demais proposi\u00e7\u00f5es s\u00e3o requeridas em regime de urg\u00eancia. Agrade\u00e7o a toda comiss\u00e3o de profissionais da seguran\u00e7a p\u00fablica que confiam no meu trabalho e reafirmo meu apoio \u00e0s reivindica\u00e7\u00f5es da categoria profissional\u201d, enfatizou a deputada.&nbsp;<\/p>\n\n\n\n<figure class=\"wp-block-image size-large is-resized\"><img loading=\"lazy\" decoding=\"async\" src=\"https:\/\/focotocantinense.com.br\/wp-content\/uploads\/2023\/04\/003046e9fc712c998c5148127cc2aaf0-1-1024x773.jpeg\" alt=\"\" class=\"wp-image-4554\" width=\"414\" height=\"312\" srcset=\"https:\/\/focotocantinense.com.br\/wp-content\/uploads\/2023\/04\/003046e9fc712c998c5148127cc2aaf0-1-1024x773.jpeg 1024w, https:\/\/focotocantinense.com.br\/wp-content\/uploads\/2023\/04\/003046e9fc712c998c5148127cc2aaf0-1-300x227.jpeg 300w, https:\/\/focotocantinense.com.br\/wp-content\/uploads\/2023\/04\/003046e9fc712c998c5148127cc2aaf0-1-768x580.jpeg 768w, https:\/\/focotocantinense.com.br\/wp-content\/uploads\/2023\/04\/003046e9fc712c998c5148127cc2aaf0-1-1536x1160.jpeg 1536w, https:\/\/focotocantinense.com.br\/wp-content\/uploads\/2023\/04\/003046e9fc712c998c5148127cc2aaf0-1.jpeg 1600w\" sizes=\"auto, (max-width: 414px) 100vw, 414px\" \/><\/figure>\n\n\n\n<figure class=\"wp-block-image size-full\"><img loading=\"lazy\" decoding=\"async\" width=\"1011\" height=\"263\" src=\"https:\/\/focotocantinense.com.br\/wp-content\/uploads\/2023\/04\/VINI.jpg\" alt=\"\" class=\"wp-image-4365\" srcset=\"https:\/\/focotocantinense.com.br\/wp-content\/uploads\/2023\/04\/VINI.jpg 1011w, https:\/\/focotocantinense.com.br\/wp-content\/uploads\/2023\/04\/VINI-300x78.jpg 300w, https:\/\/focotocantinense.com.br\/wp-content\/uploads\/2023\/04\/VINI-768x200.jpg 768w\" sizes=\"auto, (max-width: 1011px) 100vw, 1011px\" \/><\/figure>\n","protected":false},"excerpt":{"rendered":"<p>Em requerimento apresentado na manh\u00e3 desta ter\u00e7a-feira, 18, a deputada estadual Vanda Monteiro (Uni\u00e3o Brasil) solicitou do Governo do Estado a realiza\u00e7\u00e3o de concurso p\u00fablico para a Pol\u00edcia Civil no Tocantins. A parlamentar justificou o pedido, destacando que recebeu a demanda ap\u00f3s reuni\u00e3o com representantes da Seguran\u00e7a P\u00fablica. Al\u00e9m do concurso p\u00fablico, a deputada ainda &hellip;<\/p>\n","protected":false},"author":5,"featured_media":4550,"comment_status":"open","ping_status":"open","sticky":false,"template":"","format":"standard","meta":{"footnotes":""},"categories":[40],"tags":[],"class_list":["post-4549","post","type-post","status-publish","format-standard","has-post-thumbnail","","category-politica"],"_links":{"self":[{"href":"https:\/\/focotocantinense.com.br\/index.php?rest_route=\/wp\/v2\/posts\/4549","targetHints":{"allow":["GET"]}}],"collection":[{"href":"https:\/\/focotocantinense.com.br\/index.php?rest_route=\/wp\/v2\/posts"}],"about":[{"href":"https:\/\/focotocantinense.com.br\/index.php?rest_route=\/wp\/v2\/types\/post"}],"author":[{"embeddable":true,"href":"https:\/\/focotocantinense.com.br\/index.php?rest_route=\/wp\/v2\/users\/5"}],"replies":[{"embeddable":true,"href":"https:\/\/focotocantinense.com.br\/index.php?rest_route=%2Fwp%2Fv2%2Fcomments&post=4549"}],"version-history":[{"count":4,"href":"https:\/\/focotocantinense.com.br\/index.php?rest_route=\/wp\/v2\/posts\/4549\/revisions"}],"predecessor-version":[{"id":4556,"href":"https:\/\/focotocantinense.com.br\/index.php?rest_route=\/wp\/v2\/posts\/4549\/revisions\/4556"}],"wp:featuredmedia":[{"embeddable":true,"href":"https:\/\/focotocantinense.com.br\/index.php?rest_route=\/wp\/v2\/media\/4550"}],"wp:attachment":[{"href":"https:\/\/focotocantinense.com.br\/index.php?rest_route=%2Fwp%2Fv2%2Fmedia&parent=4549"}],"wp:term":[{"taxonomy":"category","embeddable":true,"href":"https:\/\/focotocantinense.com.br\/index.php?rest_route=%2Fwp%2Fv2%2Fcategories&post=4549"},{"taxonomy":"post_tag","embeddable":true,"href":"https:\/\/focotocantinense.com.br\/index.php?rest_route=%2Fwp%2Fv2%2Ftags&post=4549"}],"curies":[{"name":"wp","href":"https:\/\/api.w.org\/{rel}","templated":true}]}}