{"id":4538,"date":"2023-04-17T21:19:52","date_gmt":"2023-04-18T00:19:52","guid":{"rendered":"https:\/\/focotocantinense.com.br\/?p=4538"},"modified":"2023-04-17T21:23:11","modified_gmt":"2023-04-18T00:23:11","slug":"professores-do-1o-e-2o-anos-da-rede-municipal-participam-da-primeira-devolutiva-do-projeto-aprova-brasil-em-tocantinia","status":"publish","type":"post","link":"https:\/\/focotocantinense.com.br\/?p=4538","title":{"rendered":"Professores do 1\u00ba e 2\u00ba anos da rede municipal participam da primeira devolutiva do Projeto Aprova Brasil, em Tocant\u00ednia"},"content":{"rendered":"\n<figure class=\"wp-block-image size-large is-resized\"><img loading=\"lazy\" decoding=\"async\" src=\"https:\/\/focotocantinense.com.br\/wp-content\/uploads\/2023\/04\/AAA-2-1024x739.jpg\" alt=\"\" class=\"wp-image-4539\" width=\"410\" height=\"296\" srcset=\"https:\/\/focotocantinense.com.br\/wp-content\/uploads\/2023\/04\/AAA-2-1024x739.jpg 1024w, https:\/\/focotocantinense.com.br\/wp-content\/uploads\/2023\/04\/AAA-2-300x217.jpg 300w, https:\/\/focotocantinense.com.br\/wp-content\/uploads\/2023\/04\/AAA-2-768x554.jpg 768w, https:\/\/focotocantinense.com.br\/wp-content\/uploads\/2023\/04\/AAA-2-1536x1109.jpg 1536w, https:\/\/focotocantinense.com.br\/wp-content\/uploads\/2023\/04\/AAA-2.jpg 1600w\" sizes=\"auto, (max-width: 410px) 100vw, 410px\" \/><\/figure>\n\n\n\n<p><strong>Por Zacarias Martins<\/strong><\/p>\n\n\n\n<p>A prefeitura de Tocant\u00ednia por meio da Secretaria Municipal de Educa\u00e7\u00e3o (Semed) promoveu na tarde desta segunda-feira (17), na Escola Municipal Ant\u00f4nio Benvindo da Luz, a primeira devolutiva de simulados (Projeto Aprova Brasil), com os professores do 1\u00ba e 2\u00ba anos do Ensino Fundamental, nas disciplinas de portugu\u00eas e matem\u00e1tica.<\/p>\n\n\n\n<p>O secret\u00e1rio de Educa\u00e7\u00e3o de Tocant\u00ednia, professor Andr\u00e9 Goveia explica que a &nbsp;a\u00e7\u00e3o \u00e9 destinada aos professores da Rede Municipal de Educa\u00e7\u00e3o, e a partir da an\u00e1lise dos resultados dos simulados ser\u00e3o atribu\u00eddos os suportes necess\u00e1rios a serem trabalhados com os estudantes, voltado \u00e0s melhorias do desempenho das habilidades da L\u00edngua Portuguesa e Matem\u00e1tica.<\/p>\n\n\n\n<p><strong>Sobre o&nbsp; Projeto<\/strong><\/p>\n\n\n\n<p>O Projeto&nbsp;Aprova&nbsp;Brasil&nbsp;tem como objetivo auxiliar professores e gestores no desenvolvimento de habilidades e compet\u00eancias exigidas nas avalia\u00e7\u00f5es oficiais do SAEB (conhecidas como Prova&nbsp;Brasil) para os segmentos de Ensino Fundamental, sendo &nbsp;composto por: livros destinados aos estudantes e professores, ambiente virtual de aprendizagem para alunos e professores, sistema de avalia\u00e7\u00e3o que inclui avalia\u00e7\u00f5es diagn\u00f3sticas e simulados, plataforma virtual para gest\u00e3o e monitoramento das aprendizagens, plano de assessoria pedag\u00f3gica personalizado,&nbsp;aprova&nbsp;games e jogos virtuais educativos.<\/p>\n\n\n\n<figure class=\"wp-block-image is-resized\"><img loading=\"lazy\" decoding=\"async\" src=\"https:\/\/blogger.googleusercontent.com\/img\/b\/R29vZ2xl\/AVvXsEi0eCu11mPLZXT5PmC2wJdjCIyMwcvdbfShoLR6XR7VBMev6iF9Mja3rPYFzIykUPkhnOtQvwMWM76ZvWZxA1U8O2SW2ZbUSByZYYkfGxIjEHeDJHi-NSmCriGko0GeGa47swpuvr3znIYljOtUrdvLLC9fzxHeLcDFPyCLwV7OLYcLEuaMWBS8Ob5seQ\/w487-h336\/BBB.jpg\" alt=\"\" width=\"828\" height=\"571\"\/><\/figure>\n\n\n\n<figure class=\"wp-block-image size-large\"><img loading=\"lazy\" decoding=\"async\" width=\"1024\" height=\"728\" src=\"https:\/\/focotocantinense.com.br\/wp-content\/uploads\/2023\/04\/CCCC-1024x728.jpg\" alt=\"\" class=\"wp-image-4544\" srcset=\"https:\/\/focotocantinense.com.br\/wp-content\/uploads\/2023\/04\/CCCC-1024x728.jpg 1024w, https:\/\/focotocantinense.com.br\/wp-content\/uploads\/2023\/04\/CCCC-300x213.jpg 300w, https:\/\/focotocantinense.com.br\/wp-content\/uploads\/2023\/04\/CCCC-768x546.jpg 768w, https:\/\/focotocantinense.com.br\/wp-content\/uploads\/2023\/04\/CCCC-1536x1092.jpg 1536w, https:\/\/focotocantinense.com.br\/wp-content\/uploads\/2023\/04\/CCCC.jpg 1600w\" sizes=\"auto, (max-width: 1024px) 100vw, 1024px\" \/><\/figure>\n\n\n\n<figure class=\"wp-block-image size-large\"><img loading=\"lazy\" decoding=\"async\" width=\"1024\" height=\"768\" src=\"https:\/\/focotocantinense.com.br\/wp-content\/uploads\/2023\/04\/DDD-1024x768.jpg\" alt=\"\" class=\"wp-image-4546\" srcset=\"https:\/\/focotocantinense.com.br\/wp-content\/uploads\/2023\/04\/DDD-1024x768.jpg 1024w, https:\/\/focotocantinense.com.br\/wp-content\/uploads\/2023\/04\/DDD-300x225.jpg 300w, https:\/\/focotocantinense.com.br\/wp-content\/uploads\/2023\/04\/DDD-768x576.jpg 768w, https:\/\/focotocantinense.com.br\/wp-content\/uploads\/2023\/04\/DDD-1536x1152.jpg 1536w, https:\/\/focotocantinense.com.br\/wp-content\/uploads\/2023\/04\/DDD.jpg 1600w\" sizes=\"auto, (max-width: 1024px) 100vw, 1024px\" \/><\/figure>\n\n\n\n<figure class=\"wp-block-image size-full\"><img loading=\"lazy\" decoding=\"async\" width=\"1011\" height=\"263\" src=\"https:\/\/focotocantinense.com.br\/wp-content\/uploads\/2023\/03\/VINI-5.jpg\" alt=\"\" class=\"wp-image-4284\" srcset=\"https:\/\/focotocantinense.com.br\/wp-content\/uploads\/2023\/03\/VINI-5.jpg 1011w, https:\/\/focotocantinense.com.br\/wp-content\/uploads\/2023\/03\/VINI-5-300x78.jpg 300w, https:\/\/focotocantinense.com.br\/wp-content\/uploads\/2023\/03\/VINI-5-768x200.jpg 768w\" sizes=\"auto, (max-width: 1011px) 100vw, 1011px\" \/><\/figure>\n","protected":false},"excerpt":{"rendered":"<p>Por Zacarias Martins A prefeitura de Tocant\u00ednia por meio da Secretaria Municipal de Educa\u00e7\u00e3o (Semed) promoveu na tarde desta segunda-feira (17), na Escola Municipal Ant\u00f4nio Benvindo da Luz, a primeira devolutiva de simulados (Projeto Aprova Brasil), com os professores do 1\u00ba e 2\u00ba anos do Ensino Fundamental, nas disciplinas de portugu\u00eas e matem\u00e1tica. O secret\u00e1rio &hellip;<\/p>\n","protected":false},"author":5,"featured_media":4539,"comment_status":"open","ping_status":"open","sticky":false,"template":"","format":"standard","meta":{"footnotes":""},"categories":[78],"tags":[],"class_list":["post-4538","post","type-post","status-publish","format-standard","has-post-thumbnail","","category-tocantinia"],"_links":{"self":[{"href":"https:\/\/focotocantinense.com.br\/index.php?rest_route=\/wp\/v2\/posts\/4538","targetHints":{"allow":["GET"]}}],"collection":[{"href":"https:\/\/focotocantinense.com.br\/index.php?rest_route=\/wp\/v2\/posts"}],"about":[{"href":"https:\/\/focotocantinense.com.br\/index.php?rest_route=\/wp\/v2\/types\/post"}],"author":[{"embeddable":true,"href":"https:\/\/focotocantinense.com.br\/index.php?rest_route=\/wp\/v2\/users\/5"}],"replies":[{"embeddable":true,"href":"https:\/\/focotocantinense.com.br\/index.php?rest_route=%2Fwp%2Fv2%2Fcomments&post=4538"}],"version-history":[{"count":4,"href":"https:\/\/focotocantinense.com.br\/index.php?rest_route=\/wp\/v2\/posts\/4538\/revisions"}],"predecessor-version":[{"id":4547,"href":"https:\/\/focotocantinense.com.br\/index.php?rest_route=\/wp\/v2\/posts\/4538\/revisions\/4547"}],"wp:featuredmedia":[{"embeddable":true,"href":"https:\/\/focotocantinense.com.br\/index.php?rest_route=\/wp\/v2\/media\/4539"}],"wp:attachment":[{"href":"https:\/\/focotocantinense.com.br\/index.php?rest_route=%2Fwp%2Fv2%2Fmedia&parent=4538"}],"wp:term":[{"taxonomy":"category","embeddable":true,"href":"https:\/\/focotocantinense.com.br\/index.php?rest_route=%2Fwp%2Fv2%2Fcategories&post=4538"},{"taxonomy":"post_tag","embeddable":true,"href":"https:\/\/focotocantinense.com.br\/index.php?rest_route=%2Fwp%2Fv2%2Ftags&post=4538"}],"curies":[{"name":"wp","href":"https:\/\/api.w.org\/{rel}","templated":true}]}}