{"id":4534,"date":"2023-04-17T18:15:57","date_gmt":"2023-04-17T21:15:57","guid":{"rendered":"https:\/\/focotocantinense.com.br\/?p=4534"},"modified":"2023-04-17T18:17:05","modified_gmt":"2023-04-17T21:17:05","slug":"4534","status":"publish","type":"post","link":"https:\/\/focotocantinense.com.br\/?p=4534","title":{"rendered":"No Jalap\u00e3o, governador entrega as primeiras torres de projeto que vai conectar comunidades tradicionais do Tocantins ao mundo"},"content":{"rendered":"\n<figure class=\"wp-block-image size-full is-resized\"><img loading=\"lazy\" decoding=\"async\" src=\"https:\/\/focotocantinense.com.br\/wp-content\/uploads\/2023\/04\/AAA-1.jpg\" alt=\"\" class=\"wp-image-4535\" width=\"339\" height=\"187\" srcset=\"https:\/\/focotocantinense.com.br\/wp-content\/uploads\/2023\/04\/AAA-1.jpg 983w, https:\/\/focotocantinense.com.br\/wp-content\/uploads\/2023\/04\/AAA-1-300x166.jpg 300w, https:\/\/focotocantinense.com.br\/wp-content\/uploads\/2023\/04\/AAA-1-768x424.jpg 768w\" sizes=\"auto, (max-width: 339px) 100vw, 339px\" \/><\/figure>\n\n\n\n<p>Aldeias ind\u00edgenas, quilombos e outras comunidades tradicionais do Estado do Tocantins est\u00e3o a apenas um clique de dist\u00e2ncia do restante do Globo. O governador Wanderlei Barbosa entregou as primeiras torres de internet gratuita nas comunidades quilombolas do Prata e do Mumbuca, localizadas na regi\u00e3o do Jalap\u00e3o. \u00c9 a primeira vez que uma pol\u00edtica p\u00fablica de Estado leva internet sem fio, de gra\u00e7a, a essas localidades.<\/p>\n\n\n\n<p>No Jalap\u00e3o, Wanderlei Barbosa acompanhou uma vistoria t\u00e9cnica, verificou a velocidade de conex\u00e3o e o raio de alcance do sinal de internet, e at\u00e9 gravou v\u00eddeos e postou nas redes, diretamente do quilombo. &#8220;\u00c9 um projeto importante, porque garante \u00e0s comunidades mais remotas, aos nossos povos origin\u00e1rios e tradicionais, acessibilidade e conex\u00e3o. O nosso objetivo \u00e9 melhorar o acesso dos tocantinenses que aqui moram aos servi\u00e7os que hoje em dia s\u00e3o viabilizados pela rede, como educa\u00e7\u00e3o e sa\u00fade, al\u00e9m de facilitar a atividade tur\u00edstica e a comunica\u00e7\u00e3o dos moradores\u201d, destacou.<\/p>\n\n\n\n<p>Para testar o sistema, o Governador fez uma videochamada com a secret\u00e1ria de Estado dos Povos Origin\u00e1rios e Tradicionais, Narubia Werreria, que estava a cerca de 600 quil\u00f4metros de dist\u00e2ncia, em Palmas. &#8220;Essa \u00e9 uma liga\u00e7\u00e3o-teste, secret\u00e1ria, para lhe dizer que estamos muito contentes em entregar esse projeto aos tocantinenses&#8221;, afirmou durante a chamada. &#8220;Tamb\u00e9m estou muito feliz. O senhor \u00e9 o primeiro Governador que cuida dos povos origin\u00e1rios e tradicionais do Tocantins, o que, para n\u00f3s, \u00e9 um marco hist\u00f3rico&#8221;, respondeu a secret\u00e1ria.<\/p>\n\n\n\n<p><strong>Conex\u00e3o<\/strong><\/p>\n\n\n\n<p>A internet chega atrav\u00e9s de fibra \u00f3ptica a um totem instalado no centro das comunidades,&nbsp;a partir da\u00ed o sinal \u00e9 distribu\u00eddo via&nbsp;<em>wi-fi<\/em>, cobrindo um raio de at\u00e9 200 metros. A internet sem fio suporta at\u00e9 350 dispositivos conectados simultaneamente, com velocidade de 10 Mbps.<\/p>\n\n\n\n<p>Empolgada com a novidade, dona Martina Tavares, moradora do Mumbuca, aproveitou para matar a saudade da filha que mora na Europa. &#8220;S\u00f3 de poder falar com a fam\u00edlia j\u00e1 \u00e9 uma grande vantagem. Tem dias que bate uma saudade do povo&#8230;. Tem gente morando em todo lugar, em Ponte Alta, Goi\u00e2nia, at\u00e9 na It\u00e1lia tenho gente, minha filha, que eu j\u00e1 liguei para poder ver e conversar&#8221;, disse a matriarca.<\/p>\n\n\n\n<p>O sinal de&nbsp;<em>wi-fi<\/em>&nbsp;chega aos principais pontos das comunidades, abrangendo, inclusive, escolas, o que vai melhorar, tamb\u00e9m, o acesso dos estudantes a conte\u00fados educativos. &#8220;Melhorou consideravelmente nossa situa\u00e7\u00e3o. Agora, os estudantes universit\u00e1rios, das nossas escolas locais, e professores t\u00eam acesso \u00e0 internet para fazer pesquisas, responder atividades e aprender mais&#8221;, informou a professora Leni Francisca de Souza.<\/p>\n\n\n\n<p><strong>Turismo<\/strong><\/p>\n\n\n\n<p>A chegada da internet promete incentivar, tamb\u00e9m, a atividade tur\u00edstica no Jalap\u00e3o. Parte da renda das fam\u00edlias do Prata e do Mumbuca vem da explora\u00e7\u00e3o tur\u00edstica. A conectividade vai facilitar transa\u00e7\u00f5es financeiras, como o&nbsp;<em>pix<\/em>, al\u00e9m de viabilizar a comunica\u00e7\u00e3o entre turistas e postagens nas redes sociais, aumentando o engajamento da regi\u00e3o nas redes sociais.<\/p>\n\n\n\n<p>De acordo com o secret\u00e1rio de Estado do Turismo, Hercy Filho, cerca de 74% das rotas tur\u00edsticas no Tocantins ainda n\u00e3o s\u00e3o cobertas por sinal de internet. &#8220;Estruturar os destinos tur\u00edsticos na rede mundial \u00e9 tudo de que a atividade precisa para se fortalecer e desenvolver. Hoje, o governador lan\u00e7a esse projeto-piloto com a perspectiva de que nossos principais atrativos estejam contemplados nessa primeira etapa. O Tocantins d\u00e1 um salto muito grande com a estrutura\u00e7\u00e3o desse projeto&#8221;, afirmou.<\/p>\n\n\n\n<p><strong>Projeto<\/strong><\/p>\n\n\n\n<p>Idealizado pelo deputado estadual L\u00e9o Barbosa, o projeto levar\u00e1 internet gratuita a 612 comunidades tradicionais do Tocantins at\u00e9 o fim do ano.<\/p>\n\n\n\n<p>&#8220;\u00c9 um direito de todos ter acesso \u00e0 comunica\u00e7\u00e3o e aos servi\u00e7os banc\u00e1rios. At\u00e9 mesmo atendimentos de sa\u00fade, hoje em dia, s\u00e3o facilitados pelo acesso \u00e0 comunica\u00e7\u00e3o. Esse projeto foi pensado para tirar as comunidades do isolamento e poder ligar todo o Tocantins ao mundo digital&#8221;, explicou o deputado.<\/p>\n\n\n\n<p>A comunidade aprovou a iniciativa. &#8220;Facilitou muito a comunica\u00e7\u00e3o com nossas fam\u00edlias fora daqui. Agora, n\u00e3o preciso mais sair daqui, ou seja, fazer uma viagem para conversar com algu\u00e9m&#8221;, afirmou o morador do Prata, Neildo Patr\u00edcio.<\/p>\n\n\n\n<p><img decoding=\"async\" src=\"https:\/\/central.to.gov.br\/image\/325603?w=670&amp;h=383\"><\/p>\n\n\n\n<p><strong><em>Idealizado pelo deputado estadual L\u00e9o Barbosa, o projeto levar\u00e1 internet gratuita a 612 comunidades tradicionais do Tocantins at\u00e9 o fim do ano &#8211; Foto: Ant\u00f4nio Gon\u00e7alves\/Governo do Tocantins&nbsp;<\/em><\/strong><\/p>\n\n\n\n<p><img decoding=\"async\" src=\"https:\/\/central.to.gov.br\/image\/325605?w=670&amp;h=383\"><\/p>\n\n\n\n<p><strong>Empolgada com a novidade, dona Martina Tavares, moradora do Mumbuca, aproveitou para matar a saudade da filha que mora na Europa &#8211; Foto: Ant\u00f4nio Gon\u00e7alves\/Governo do Tocantins&nbsp;<\/strong><\/p>\n\n\n\n<p><img decoding=\"async\" src=\"https:\/\/central.to.gov.br\/image\/325606?w=670&amp;h=383\"><\/p>\n\n\n\n<p><em><strong>&#8220;Melhorou consideravelmente nossa situa\u00e7\u00e3o. Agora, os estudantes universit\u00e1rios, das nossas escolas locais, e professores t\u00eam acesso \u00e0 internet para fazer pesquisas, responder atividades e aprender mais&#8221;, informou a professora Leni Francisca de Souza &#8211; Foto: Ant\u00f4nio Gon\u00e7alves\/Governo do Tocantins&nbsp;<\/strong><\/em><\/p>\n\n\n\n<figure class=\"wp-block-image\"><img decoding=\"async\" src=\"http:\/\/n1to.com.br\/img\/uploads\/VINI_26.jpg\" alt=\"\"\/><\/figure>\n\n\n\n<figure class=\"wp-block-image is-resized\"><a href=\"https:\/\/www.instagram.com\/mutucacast\/\" target=\"_blank\" rel=\"noreferrer noopener\"><img loading=\"lazy\" decoding=\"async\" src=\"https:\/\/www.n1to.com.br\/img\/cache\/380x280\/80\/crop\/Imagem-e7214b7e48a41e43e545ec7063ee81e8.jpeg\" alt=\"\" width=\"721\" height=\"531\" title=\"MUTUCA CAST\"\/><\/a><\/figure>\n\n\n\n<ul class=\"wp-block-list\">\n<li><\/li>\n<\/ul>\n","protected":false},"excerpt":{"rendered":"<p>Aldeias ind\u00edgenas, quilombos e outras comunidades tradicionais do Estado do Tocantins est\u00e3o a apenas um clique de dist\u00e2ncia do restante do Globo. O governador Wanderlei Barbosa entregou as primeiras torres de internet gratuita nas comunidades quilombolas do Prata e do Mumbuca, localizadas na regi\u00e3o do Jalap\u00e3o. \u00c9 a primeira vez que uma pol\u00edtica p\u00fablica de &hellip;<\/p>\n","protected":false},"author":5,"featured_media":4535,"comment_status":"open","ping_status":"open","sticky":false,"template":"","format":"standard","meta":{"footnotes":""},"categories":[1],"tags":[],"class_list":["post-4534","post","type-post","status-publish","format-standard","has-post-thumbnail","","category-sem-categoria"],"_links":{"self":[{"href":"https:\/\/focotocantinense.com.br\/index.php?rest_route=\/wp\/v2\/posts\/4534","targetHints":{"allow":["GET"]}}],"collection":[{"href":"https:\/\/focotocantinense.com.br\/index.php?rest_route=\/wp\/v2\/posts"}],"about":[{"href":"https:\/\/focotocantinense.com.br\/index.php?rest_route=\/wp\/v2\/types\/post"}],"author":[{"embeddable":true,"href":"https:\/\/focotocantinense.com.br\/index.php?rest_route=\/wp\/v2\/users\/5"}],"replies":[{"embeddable":true,"href":"https:\/\/focotocantinense.com.br\/index.php?rest_route=%2Fwp%2Fv2%2Fcomments&post=4534"}],"version-history":[{"count":2,"href":"https:\/\/focotocantinense.com.br\/index.php?rest_route=\/wp\/v2\/posts\/4534\/revisions"}],"predecessor-version":[{"id":4537,"href":"https:\/\/focotocantinense.com.br\/index.php?rest_route=\/wp\/v2\/posts\/4534\/revisions\/4537"}],"wp:featuredmedia":[{"embeddable":true,"href":"https:\/\/focotocantinense.com.br\/index.php?rest_route=\/wp\/v2\/media\/4535"}],"wp:attachment":[{"href":"https:\/\/focotocantinense.com.br\/index.php?rest_route=%2Fwp%2Fv2%2Fmedia&parent=4534"}],"wp:term":[{"taxonomy":"category","embeddable":true,"href":"https:\/\/focotocantinense.com.br\/index.php?rest_route=%2Fwp%2Fv2%2Fcategories&post=4534"},{"taxonomy":"post_tag","embeddable":true,"href":"https:\/\/focotocantinense.com.br\/index.php?rest_route=%2Fwp%2Fv2%2Ftags&post=4534"}],"curies":[{"name":"wp","href":"https:\/\/api.w.org\/{rel}","templated":true}]}}