{"id":4530,"date":"2023-04-16T15:30:07","date_gmt":"2023-04-16T18:30:07","guid":{"rendered":"https:\/\/focotocantinense.com.br\/?p=4530"},"modified":"2023-04-16T15:31:07","modified_gmt":"2023-04-16T18:31:07","slug":"iii-conferencia-municipal-aborda-os-direitos-de-criancas-e-adolescentes-de-tocantinia","status":"publish","type":"post","link":"https:\/\/focotocantinense.com.br\/?p=4530","title":{"rendered":"III Confer\u00eancia Municipal aborda os direitos de crian\u00e7as e adolescentes de Tocant\u00ednia"},"content":{"rendered":"\n<p>Em Tocant\u00ednia, o Conselho Municipal dos Direitos da Crian\u00e7a e do Adolescente (CMDCA), realizou nesta quinta-feira (13), no espa\u00e7o de conviv\u00eancia do CRAS, a III Confer\u00eancia Municipal dos Direitos da Crian\u00e7a e do Adolescente.<\/p>\n\n\n\n<p>O objetivo da iniciativa&nbsp; foi&nbsp; de &nbsp;mobilizar os integrantes do Sistema de Garantia de Direitos \u2013 SGD, crian\u00e7as, adolescentes e a sociedade em geral, &nbsp;para a constru\u00e7\u00e3o de propostas voltadas \u00e0 afirma\u00e7\u00e3o do princ\u00edpio da prote\u00e7\u00e3o integral de crian\u00e7as e adolescentes nas pol\u00edticas p\u00fablicas.<\/p>\n\n\n\n<p>O tema central da Confer\u00eancia debatida foi &#8220;Situa\u00e7\u00e3o dos direitos humanos de crian\u00e7as e adolescentes em tempo de pandemia da COVID-19; viola\u00e7\u00e3o e vulnerabilidades, a\u00e7\u00f5es necess\u00e1rias para repara\u00e7\u00e3o e garantia de pol\u00edticas de prote\u00e7\u00e3o integral, com respeito \u00e0 diversidade&#8221;.<\/p>\n\n\n\n<p>O evento teve a organiza\u00e7\u00e3o da Prefeitura de Tocant\u00ednia, &nbsp;por meio da Secretaria de Assist\u00eancia Social,&nbsp; CMDCA e o CRAS, em parceria com as demais secretarias municipais, Defensoria P\u00fablica, escolas municipais e estaduais, Conselho Tutelar e a Universidade Federal do Tocantins.<\/p>\n\n\n\n<figure class=\"wp-block-image is-resized\"><img loading=\"lazy\" decoding=\"async\" src=\"http:\/\/n1to.com.br\/img\/uploads\/AAA_18.jpg\" alt=\"\" width=\"391\" height=\"293\"\/><\/figure>\n\n\n\n<figure class=\"wp-block-image\"><img decoding=\"async\" src=\"http:\/\/n1to.com.br\/img\/uploads\/444_3.jpg\" alt=\"\"\/><\/figure>\n\n\n\n<figure class=\"wp-block-image\"><img decoding=\"async\" src=\"http:\/\/n1to.com.br\/img\/uploads\/3333_5.jpg\" alt=\"\"\/><\/figure>\n\n\n\n<figure class=\"wp-block-image\"><img decoding=\"async\" src=\"http:\/\/n1to.com.br\/img\/uploads\/2222_15.jpg\" alt=\"\"\/><\/figure>\n\n\n\n<figure class=\"wp-block-image\"><img decoding=\"async\" src=\"http:\/\/n1to.com.br\/img\/uploads\/VINI_26.jpg\" alt=\"\"\/><\/figure>\n","protected":false},"excerpt":{"rendered":"<p>Em Tocant\u00ednia, o Conselho Municipal dos Direitos da Crian\u00e7a e do Adolescente (CMDCA), realizou nesta quinta-feira (13), no espa\u00e7o de conviv\u00eancia do CRAS, a III Confer\u00eancia Municipal dos Direitos da Crian\u00e7a e do Adolescente. O objetivo da iniciativa&nbsp; foi&nbsp; de &nbsp;mobilizar os integrantes do Sistema de Garantia de Direitos \u2013 SGD, crian\u00e7as, adolescentes e a &hellip;<\/p>\n","protected":false},"author":5,"featured_media":4531,"comment_status":"open","ping_status":"open","sticky":false,"template":"","format":"standard","meta":{"footnotes":""},"categories":[78],"tags":[],"class_list":["post-4530","post","type-post","status-publish","format-standard","has-post-thumbnail","","category-tocantinia"],"_links":{"self":[{"href":"https:\/\/focotocantinense.com.br\/index.php?rest_route=\/wp\/v2\/posts\/4530","targetHints":{"allow":["GET"]}}],"collection":[{"href":"https:\/\/focotocantinense.com.br\/index.php?rest_route=\/wp\/v2\/posts"}],"about":[{"href":"https:\/\/focotocantinense.com.br\/index.php?rest_route=\/wp\/v2\/types\/post"}],"author":[{"embeddable":true,"href":"https:\/\/focotocantinense.com.br\/index.php?rest_route=\/wp\/v2\/users\/5"}],"replies":[{"embeddable":true,"href":"https:\/\/focotocantinense.com.br\/index.php?rest_route=%2Fwp%2Fv2%2Fcomments&post=4530"}],"version-history":[{"count":2,"href":"https:\/\/focotocantinense.com.br\/index.php?rest_route=\/wp\/v2\/posts\/4530\/revisions"}],"predecessor-version":[{"id":4533,"href":"https:\/\/focotocantinense.com.br\/index.php?rest_route=\/wp\/v2\/posts\/4530\/revisions\/4533"}],"wp:featuredmedia":[{"embeddable":true,"href":"https:\/\/focotocantinense.com.br\/index.php?rest_route=\/wp\/v2\/media\/4531"}],"wp:attachment":[{"href":"https:\/\/focotocantinense.com.br\/index.php?rest_route=%2Fwp%2Fv2%2Fmedia&parent=4530"}],"wp:term":[{"taxonomy":"category","embeddable":true,"href":"https:\/\/focotocantinense.com.br\/index.php?rest_route=%2Fwp%2Fv2%2Fcategories&post=4530"},{"taxonomy":"post_tag","embeddable":true,"href":"https:\/\/focotocantinense.com.br\/index.php?rest_route=%2Fwp%2Fv2%2Ftags&post=4530"}],"curies":[{"name":"wp","href":"https:\/\/api.w.org\/{rel}","templated":true}]}}