{"id":4519,"date":"2023-04-15T20:23:21","date_gmt":"2023-04-15T23:23:21","guid":{"rendered":"https:\/\/focotocantinense.com.br\/?p=4519"},"modified":"2023-04-16T15:23:42","modified_gmt":"2023-04-16T18:23:42","slug":"celebracao-dos-avancos-da-gestao-de-radilson-lima-e-luciano-barreto-na-inauguracao-da-sede-do-poder-executivo-em-sandolandia","status":"publish","type":"post","link":"https:\/\/focotocantinense.com.br\/?p=4519","title":{"rendered":"Celebra\u00e7\u00e3o dos avan\u00e7os da gest\u00e3o de Radilson Lima e Luciano Barreto na inaugura\u00e7\u00e3o da sede do poder executivo em Sandol\u00e2ndia"},"content":{"rendered":"\n<figure class=\"wp-block-image size-full is-resized\"><img loading=\"lazy\" decoding=\"async\" src=\"https:\/\/focotocantinense.com.br\/wp-content\/uploads\/2023\/04\/AAA.jpg\" alt=\"\" class=\"wp-image-4520\" width=\"379\" height=\"280\" srcset=\"https:\/\/focotocantinense.com.br\/wp-content\/uploads\/2023\/04\/AAA.jpg 1024w, https:\/\/focotocantinense.com.br\/wp-content\/uploads\/2023\/04\/AAA-300x222.jpg 300w, https:\/\/focotocantinense.com.br\/wp-content\/uploads\/2023\/04\/AAA-768x569.jpg 768w\" sizes=\"auto, (max-width: 379px) 100vw, 379px\" \/><\/figure>\n\n\n\n<p><strong>Por Jonas Amaral<\/strong><\/p>\n\n\n\n<p>Na noite de sexta-feira, 14 de abril, a cidade de Sandol\u00e2ndia, conhecida com a \u201cPrincesinha do Sul do Tocantins\u201d, celebrou um momento hist\u00f3rico: a inaugura\u00e7\u00e3o da sede do poder executivo municipal. A comunidade local h\u00e1 anos ansiava por essa conquista, tornando o evento ainda mais especial. A cerim\u00f4nia contou com a presen\u00e7a de uma grande multid\u00e3o e foi uma verdadeira celebra\u00e7\u00e3o dos avan\u00e7os que a gest\u00e3o de Radilson Lima e Luciano Barreto t\u00eam realizado na cidade.<\/p>\n\n\n\n<p>Praticidade e efici\u00eancia<\/p>\n\n\n\n<p>O novo pa\u00e7o municipal da cidade de Sandol\u00e2ndia \u00e9 uma estrutura ampla e impressionante que abriga todas as secretarias sob o mesmo teto, proporcionando praticidade e efici\u00eancia em todos os servi\u00e7os prestados \u00e0 comunidade. Ao reunir todas as secretarias em um s\u00f3 lugar, a administra\u00e7\u00e3o municipal pode oferecer um atendimento ainda melhor e mais \u00e1gil para a popula\u00e7\u00e3o.<\/p>\n\n\n<div class=\"wp-block-image\">\n<figure class=\"aligncenter\"><img decoding=\"async\" src=\"https:\/\/portaldoamaral.com.br\/wp-content\/uploads\/2023\/04\/Sando-8.jpeg\" alt=\"\" class=\"wp-image-133298\"\/><\/figure>\n<\/div>\n\n\n<p><strong>Import\u00e2ncia da inaugura\u00e7\u00e3o para toda a regi\u00e3o<\/strong><\/p>\n\n\n\n<p>O evento contou com a presen\u00e7a de diversas lideran\u00e7as pol\u00edticas, incluindo os deputados estaduais Gutierres Torquato e Leo Barbosa, o suplente de deputado estadual Guilherme Gama, o prefeito Jarbas Ribeiro de Aragua\u00e7u, Jaqueline Pereira de Figueir\u00f3polis, o presidente da C\u00e2mara Municipal de Cariri, Tetim, vereadores e secret\u00e1rios de Sandol\u00e2ndia, al\u00e9m do padre Wagner Aur\u00e9lio e do pastor Marco Orello, presidente das Assembleias de Deus campo de Sandol\u00e2ndia. Juntos, eles demonstraram a import\u00e2ncia da inaugura\u00e7\u00e3o para toda a regi\u00e3o.<\/p>\n\n\n\n<p><strong>Gest\u00e3o s\u00e9ria, transparente e comprometida<\/strong><\/p>\n\n\n\n<p>Durante o evento, o deputado Leo Barbosa destacou os significativos avan\u00e7os que a cidade de Sandol\u00e2ndia vem alcan\u00e7ando por meio de uma gest\u00e3o s\u00e9ria, transparente e comprometida com o desenvolvimento social e econ\u00f4mico da regi\u00e3o. Al\u00e9m disso, ele reafirmou seu total apoio ao prefeito Radilson Lima e a Luciano Barreto na Assembleia Legislativa, demonstrando sua confian\u00e7a na lideran\u00e7a e na capacidade desses l\u00edderes em representar e defender os interesses da comunidade.<\/p>\n\n\n\n<p><strong>Atuando de forma s\u00e9ria e comprometida<\/strong><\/p>\n\n\n\n<p>Ao lado da primeira-dama e Secret\u00e1ria de Assist\u00eancia Social, Dra. Heiyana Lorena e do vice-prefeito Luciano Barreto, Radilson Lima expressou sua gratid\u00e3o ao povo de Sandol\u00e2ndia pelo apoio e confian\u00e7a depositados em sua gest\u00e3o. Ele destacou que tem trabalhado incansavelmente em prol do desenvolvimento do munic\u00edpio e reiterou seu compromisso em continuar atuando de forma s\u00e9ria e comprometida para que Sandol\u00e2ndia continue crescendo e oferecendo dignidade e oportunidades para sua popula\u00e7\u00e3o.<\/p>\n\n\n\n<p><strong>Cidad\u00e3o sandolandense comprometido<\/strong><\/p>\n\n\n\n<p>Radilson Lima ainda ressaltou a import\u00e2ncia da unidade e parceria entre vereadores, secret\u00e1rios, governo, deputados, senadores e comunidade em geral, e afirmou que juntos poder\u00e3o fazer ainda mais pelo crescimento e desenvolvimento do munic\u00edpio. Com orgulho, ele concluiu seu discurso afirmando que \u00e9 um cidad\u00e3o sandolandense comprometido com o progresso de sua terra e sua gente.<\/p>\n\n\n\n<p><strong>Compromisso com o desenvolvimento<\/strong><\/p>\n\n\n\n<p>O deputado estadual Gutierres Torquato elogiou o trabalho conjunto de Radilson Lima e Luciano Barreto, destacando-os como uma dupla jovem e dedicada ao munic\u00edpio de Sandol\u00e2ndia. Ele expressou seu orgulho em ser parceiro deles na Assembleia Legislativa, reafirmando o compromisso com o desenvolvimento da cidade e o bem-estar de seus moradores.<\/p>\n\n\n\n<p>A import\u00e2ncia da uni\u00e3o e parceria<\/p>\n\n\n\n<p>A cidade de Sandol\u00e2ndia teve um momento de celebra\u00e7\u00e3o com a inaugura\u00e7\u00e3o n\u00e3o s\u00f3 da sede do poder executivo municipal, mas tamb\u00e9m da pavimenta\u00e7\u00e3o asf\u00e1ltica da Avenida Povos Java\u00e9s. A cerim\u00f4nia contou com a presen\u00e7a de diversas lideran\u00e7as pol\u00edticas e destacou a import\u00e2ncia da uni\u00e3o e parceria para o desenvolvimento do munic\u00edpio, al\u00e9m de ressaltar os avan\u00e7os alcan\u00e7ados durante a gest\u00e3o de Radilson Lima e Luciano Barreto.<\/p>\n\n\n\n<p><strong>Grande show com Guilherme Silva<\/strong><\/p>\n\n\n\n<p>Para encerrar a noite de celebra\u00e7\u00e3o, a comunidade e visitantes tiveram o privil\u00e9gio de prestigiar um incr\u00edvel show do cantor Guilherme Silva. Com sua voz marcante, ele animou a multid\u00e3o, fazendo-os cantar, dan\u00e7ar e levantar poeira em uma apresenta\u00e7\u00e3o espetacular na noite de sexta-feira.<\/p>\n\n\n<div class=\"wp-block-image\">\n<figure class=\"aligncenter\"><img decoding=\"async\" src=\"https:\/\/portaldoamaral.com.br\/wp-content\/uploads\/2023\/04\/Sando-13.jpeg\" alt=\"\" class=\"wp-image-133314\"\/><\/figure>\n<\/div>\n\n\n<figure class=\"wp-block-image size-full\"><img loading=\"lazy\" decoding=\"async\" width=\"1011\" height=\"263\" src=\"https:\/\/focotocantinense.com.br\/wp-content\/uploads\/2023\/04\/VINI.jpg\" alt=\"\" class=\"wp-image-4365\" srcset=\"https:\/\/focotocantinense.com.br\/wp-content\/uploads\/2023\/04\/VINI.jpg 1011w, https:\/\/focotocantinense.com.br\/wp-content\/uploads\/2023\/04\/VINI-300x78.jpg 300w, https:\/\/focotocantinense.com.br\/wp-content\/uploads\/2023\/04\/VINI-768x200.jpg 768w\" sizes=\"auto, (max-width: 1011px) 100vw, 1011px\" \/><\/figure>\n","protected":false},"excerpt":{"rendered":"<p>Por Jonas Amaral Na noite de sexta-feira, 14 de abril, a cidade de Sandol\u00e2ndia, conhecida com a \u201cPrincesinha do Sul do Tocantins\u201d, celebrou um momento hist\u00f3rico: a inaugura\u00e7\u00e3o da sede do poder executivo municipal. A comunidade local h\u00e1 anos ansiava por essa conquista, tornando o evento ainda mais especial. A cerim\u00f4nia contou com a presen\u00e7a &hellip;<\/p>\n","protected":false},"author":5,"featured_media":4520,"comment_status":"open","ping_status":"open","sticky":false,"template":"","format":"standard","meta":{"footnotes":""},"categories":[38],"tags":[],"class_list":["post-4519","post","type-post","status-publish","format-standard","has-post-thumbnail","","category-gurupi"],"_links":{"self":[{"href":"https:\/\/focotocantinense.com.br\/index.php?rest_route=\/wp\/v2\/posts\/4519","targetHints":{"allow":["GET"]}}],"collection":[{"href":"https:\/\/focotocantinense.com.br\/index.php?rest_route=\/wp\/v2\/posts"}],"about":[{"href":"https:\/\/focotocantinense.com.br\/index.php?rest_route=\/wp\/v2\/types\/post"}],"author":[{"embeddable":true,"href":"https:\/\/focotocantinense.com.br\/index.php?rest_route=\/wp\/v2\/users\/5"}],"replies":[{"embeddable":true,"href":"https:\/\/focotocantinense.com.br\/index.php?rest_route=%2Fwp%2Fv2%2Fcomments&post=4519"}],"version-history":[{"count":4,"href":"https:\/\/focotocantinense.com.br\/index.php?rest_route=\/wp\/v2\/posts\/4519\/revisions"}],"predecessor-version":[{"id":4526,"href":"https:\/\/focotocantinense.com.br\/index.php?rest_route=\/wp\/v2\/posts\/4519\/revisions\/4526"}],"wp:featuredmedia":[{"embeddable":true,"href":"https:\/\/focotocantinense.com.br\/index.php?rest_route=\/wp\/v2\/media\/4520"}],"wp:attachment":[{"href":"https:\/\/focotocantinense.com.br\/index.php?rest_route=%2Fwp%2Fv2%2Fmedia&parent=4519"}],"wp:term":[{"taxonomy":"category","embeddable":true,"href":"https:\/\/focotocantinense.com.br\/index.php?rest_route=%2Fwp%2Fv2%2Fcategories&post=4519"},{"taxonomy":"post_tag","embeddable":true,"href":"https:\/\/focotocantinense.com.br\/index.php?rest_route=%2Fwp%2Fv2%2Ftags&post=4519"}],"curies":[{"name":"wp","href":"https:\/\/api.w.org\/{rel}","templated":true}]}}