{"id":4514,"date":"2023-04-15T20:13:55","date_gmt":"2023-04-15T23:13:55","guid":{"rendered":"https:\/\/focotocantinense.com.br\/?p=4514"},"modified":"2023-04-16T15:25:48","modified_gmt":"2023-04-16T18:25:48","slug":"em-gurupi-governador-wanderlei-barbosa-participa-da-inauguracao-de-instituto-que-atendera-pessoas-em-situacao-de-vulnerabilidade-e-coloca-estado-a-disposicao-para-apoiar-projeto","status":"publish","type":"post","link":"https:\/\/focotocantinense.com.br\/?p=4514","title":{"rendered":"Em Gurupi, governador Wanderlei Barbosa participa da inaugura\u00e7\u00e3o de instituto que atender\u00e1 pessoas em situa\u00e7\u00e3o de vulnerabilidade e coloca Estado \u00e0 disposi\u00e7\u00e3o para apoiar projeto"},"content":{"rendered":"\n<p>O governador do Tocantins, Wanderlei Barbosa, acompanhado do vice-governador, Laurez Moreira, participou da inaugura\u00e7\u00e3o do Instituto Gratid\u00e3o Tocantins, na noite dessa quinta-feira, 13, em Gurupi, na regi\u00e3o sul do Estado. Localizado na Avenida Paran\u00e1, entre as ruas 5 e 6, o Instituto \u00e9 uma associa\u00e7\u00e3o sem fins lucrativos que prop\u00f5e oferecer aux\u00edlio nas \u00e1reas de esporte, educa\u00e7\u00e3o, sa\u00fade e lazer.<\/p>\n\n\n\n<p>O evento de lan\u00e7amento do centro de servi\u00e7os para pessoas em situa\u00e7\u00e3o de vulnerabilidade contou com apresenta\u00e7\u00f5es culturais e art\u00edsticas do Coral de Libras da Associa\u00e7\u00e3o de Pais e Amigos dos Excepcionais&nbsp;(Apae) Gurupi e da Quadrilha Junina Tradi\u00e7\u00e3o Matuta de Gurupi. A banda do Col\u00e9gio Militar Presidente Costa e Silva, regido por Elda Costa, entoou o Hino Nacional.<\/p>\n\n\n\n<p>O governador Wanderlei Barbosa parabenizou os envolvidos na constru\u00e7\u00e3o do projeto e se colocou \u00e0 disposi\u00e7\u00e3o para fazer com que o instituto atenda o maior n\u00famero poss\u00edvel de tocantinenses. &#8220;Podem contar com o nosso apoio e comprometimento para fortalecer o trabalho do Instituto Gratid\u00e3o Tocantins, que nasce desse sonho coletivo de estender, ao nosso povo, a oportunidade de emprego, lazer, assist\u00eancia social e acesso \u00e0 sa\u00fade&#8221;, afirmou ao reconhecer que iniciativas como essa somam for\u00e7as com o trabalho j\u00e1 desenvolvido em sua gest\u00e3o.<\/p>\n\n\n\n<p>O vice-governador Laurez Moreira relembrou o Instituto Juarez Moreira, que atuou no munic\u00edpio durante sua gest\u00e3o como deputado. &#8220;O Instituto Gratid\u00e3o Tocantins representa essa preocupa\u00e7\u00e3o com o social, fomentando a cultura, com foco em&nbsp; ajudar o poder p\u00fablico, estadual e municipal, com parcerias que levem dignidade ao cidad\u00e3o. Um espelho do que era realizado pelo Instituto Juarez Moreira&#8221;, pontuou.<\/p>\n\n\n\n<p>O Instituto Gratid\u00e3o Tocantins trabalhar\u00e1 com os jovens ofertando capacita\u00e7\u00f5es e desenvolvendo modelos estrat\u00e9gicos de pol\u00edticas p\u00fablicas e privadas a fim de fomentar a gera\u00e7\u00e3o de trabalho e renda e o desenvolvimento socioecon\u00f4mico. O pr\u00f3ximo passo ser\u00e1 a implementa\u00e7\u00e3o de projetos de lazer e cultura para melhorar a qualidade de vida e a integra\u00e7\u00e3o dos idosos.<\/p>\n\n\n\n<p>O presidente do Instituto Gratid\u00e3o Tocantins, Silv\u00e9rio&nbsp;<em>Dida<\/em>&nbsp;Moreira, j\u00e1 foi secret\u00e1rio municipal do Idoso e secret\u00e1rio de Assist\u00eancia Social em Gurupi, al\u00e9m de ter presidido o Instituto Juarez Moreira, que tamb\u00e9m executava trabalhos de cunho social e aten\u00e7\u00e3o \u00e0 popula\u00e7\u00e3o vulner\u00e1vel. &#8220;Daremos continuidade com as a\u00e7\u00f5es que visam auxiliar a vida dos cidad\u00e3os tocantinenses e o que eu espero \u00e9 que nosso instituto possa estender as m\u00e3os a todos aqueles que precisarem&#8221;, afirmou.<\/p>\n\n\n\n<p>O instituto viabilizar\u00e1 ainda assist\u00eancia m\u00e9dica, ambulatorial e hospitalar. As pessoas com defici\u00eancia (PCD) ter\u00e3o uma aten\u00e7\u00e3o especial pelo instituto, com atendimento focado na inclus\u00e3o social.<\/p>\n\n\n\n<p>A solenidade de inaugura\u00e7\u00e3o contou com a presen\u00e7a do deputado estadual Gutierrez Torquato, idealizador do instituto; da prefeita de Gurupi, Josi Nunes; do presidente da C\u00e2mara Municipal de Gurupi, Valdonio Rodrigues; do secret\u00e1rio executivo de Educa\u00e7\u00e3o do Estado, Edinho Fernandes, al\u00e9m de prefeitos, vice-prefeitos e vereadores das cidades circunvizinhas.<\/p>\n\n\n\n<p><img decoding=\"async\" src=\"https:\/\/central.to.gov.br\/image\/325144?w=670&amp;h=383\"><\/p>\n\n\n\n<p><em><strong>Vice-governador Laurez Moreira destacou que o Instituto Gratid\u00e3o Tocantins trabalha com foco em ajudar o poder p\u00fablico, estadual e municipal &#8211;&nbsp; Foto: Loise Maria\/Governo do Tocantins&nbsp;<\/strong><\/em><\/p>\n\n\n\n<figure class=\"wp-block-image is-resized\"><img loading=\"lazy\" decoding=\"async\" src=\"https:\/\/central.to.gov.br\/image\/325145?w=670&amp;h=383\" alt=\"\" width=\"837\" height=\"478\"\/><\/figure>\n\n\n\n<p><strong>Silv\u00e9rio &#8220;Dida&#8221; Moreira, presidente do Instituto Gratid\u00e3o Tocantins, ressaltou a import\u00e2ncia da entidade, que possui a\u00e7\u00f5es que visam auxiliar a vida dos cidad\u00e3os tocantinenses &#8211; Foto: Loise Maria\/Governo do Tocantins&nbsp;<\/strong><\/p>\n\n\n\n<figure class=\"wp-block-image is-resized\"><img loading=\"lazy\" decoding=\"async\" src=\"https:\/\/central.to.gov.br\/image\/325143?w=670&amp;h=383\" alt=\"\" width=\"820\" height=\"469\"\/><\/figure>\n\n\n\n<p><em><strong>Governador Wanderlei Barbosa parabenizou as pessoas envolvidas na constru\u00e7\u00e3o do projeto e se colocou \u00e0 disposi\u00e7\u00e3o para fazer com que o Instituto atenda o maior n\u00famero de tocantinenses &#8211; Foto: Loise Maria\/Governo do Tocantins&nbsp;<\/strong><\/em><\/p>\n\n\n\n<figure class=\"wp-block-image\"><img decoding=\"async\" src=\"http:\/\/n1to.com.br\/img\/uploads\/VINI_25.jpg\" alt=\"\"\/><\/figure>\n\n\n\n<p><em><em><strong><br><\/strong><\/em><\/em><\/p>\n","protected":false},"excerpt":{"rendered":"<p>O governador do Tocantins, Wanderlei Barbosa, acompanhado do vice-governador, Laurez Moreira, participou da inaugura\u00e7\u00e3o do Instituto Gratid\u00e3o Tocantins, na noite dessa quinta-feira, 13, em Gurupi, na regi\u00e3o sul do Estado. Localizado na Avenida Paran\u00e1, entre as ruas 5 e 6, o Instituto \u00e9 uma associa\u00e7\u00e3o sem fins lucrativos que prop\u00f5e oferecer aux\u00edlio nas \u00e1reas de &hellip;<\/p>\n","protected":false},"author":5,"featured_media":4528,"comment_status":"open","ping_status":"open","sticky":false,"template":"","format":"standard","meta":{"footnotes":""},"categories":[38],"tags":[],"class_list":["post-4514","post","type-post","status-publish","format-standard","has-post-thumbnail","","category-gurupi"],"_links":{"self":[{"href":"https:\/\/focotocantinense.com.br\/index.php?rest_route=\/wp\/v2\/posts\/4514","targetHints":{"allow":["GET"]}}],"collection":[{"href":"https:\/\/focotocantinense.com.br\/index.php?rest_route=\/wp\/v2\/posts"}],"about":[{"href":"https:\/\/focotocantinense.com.br\/index.php?rest_route=\/wp\/v2\/types\/post"}],"author":[{"embeddable":true,"href":"https:\/\/focotocantinense.com.br\/index.php?rest_route=\/wp\/v2\/users\/5"}],"replies":[{"embeddable":true,"href":"https:\/\/focotocantinense.com.br\/index.php?rest_route=%2Fwp%2Fv2%2Fcomments&post=4514"}],"version-history":[{"count":4,"href":"https:\/\/focotocantinense.com.br\/index.php?rest_route=\/wp\/v2\/posts\/4514\/revisions"}],"predecessor-version":[{"id":4529,"href":"https:\/\/focotocantinense.com.br\/index.php?rest_route=\/wp\/v2\/posts\/4514\/revisions\/4529"}],"wp:featuredmedia":[{"embeddable":true,"href":"https:\/\/focotocantinense.com.br\/index.php?rest_route=\/wp\/v2\/media\/4528"}],"wp:attachment":[{"href":"https:\/\/focotocantinense.com.br\/index.php?rest_route=%2Fwp%2Fv2%2Fmedia&parent=4514"}],"wp:term":[{"taxonomy":"category","embeddable":true,"href":"https:\/\/focotocantinense.com.br\/index.php?rest_route=%2Fwp%2Fv2%2Fcategories&post=4514"},{"taxonomy":"post_tag","embeddable":true,"href":"https:\/\/focotocantinense.com.br\/index.php?rest_route=%2Fwp%2Fv2%2Ftags&post=4514"}],"curies":[{"name":"wp","href":"https:\/\/api.w.org\/{rel}","templated":true}]}}